{"id":351,"count":91,"description":"<h3 style=\"text-align: center;\"><span style=\"color: #339966;\"><strong>ESCOLA PER A LA SOSTENIBILITAT<\/strong><\/span><\/h3>\r\nLa finalitat del projecte de sostenibilitat \u00e9s la d\u2019incorporar en el nostre projecte educatiu els principis, els objectius i les actuacions que promoguin els aprenentatges necessaris per a l\u2019assoliment de les compet\u00e8ncies b\u00e0siques de l\u2019educaci\u00f3 ambiental i de la sostenibilitat.\r\n\r\nFa anys que el Departament d\u2019Educaci\u00f3 conjuntament amb el de Territori i Sostenibilitat van posar en marxa el Programa Escoles Verdes com a un programa espec\u00edfic d\u2019educaci\u00f3 ambiental, del qual la nostra escola en forma part oficialment des de l\u2019any\u00a0 2016 , tot i que sempre ha estat una escola respectuosa amb el medi que l\u2019envolta.\r\n\r\nCom a centre que forma part de la Xarxa d\u2019Escoles Verdes cada curs un grup de mestres participa en un seminari territorial d\u2019equips de centre, at\u00e8s que \u00e9s una eina b\u00e0sica per a la formaci\u00f3, dinamitzaci\u00f3 i seguiment dels centres que participen en el Programa Escoles Verdes. Podreu informar-vos amb m\u00e9s profunditat del treball d\u2019aquesta xarxa al blog\u00a0<a href=\"http:\/\/escolesverdesbarcelonacomarques.ning.com\/\">http:\/\/escolesverdesbarcelonacomarques.ning.com<\/a>\r\n\r\nAquest equip de mestres conjuntament amb els delegats verds de l\u2019escola conformen la Comissi\u00f3 de Sostenibilitat. Els delegats verds s\u00f3n un grup d\u2019alumnes de 1r a 6\u00e8 escollits pels seus companys per representar-los, fent d\u2019enlla\u00e7 entre la comissi\u00f3 i el grup-classe. Entre les seves tasques trobem la d\u2019ajudar als seus companys en l\u2019assoliment de les bones pr\u00e0ctiques establertes dins i fora de l\u2019aula; assistir a les reunions programades; portar a terme totes les accions acordades; fer auditories del seguiment de les bones pr\u00e0ctiques establertes i participar en la trobada anual de delegats verds del Baix Llobregat. Tots els membres de la Comissi\u00f3 es reuneixen com a m\u00ednim un cop al mes amb l\u2019objectiu d\u2019implantar i fer seguiment dels plans d\u2019acci\u00f3 anuals de millora que supervisa l\u2019organitzaci\u00f3 d\u2019Escoles Verdes.\r\n\r\nA m\u00e9s a m\u00e9s al llarg del curs portem a terme altres activitats complement\u00e0ries que desenvolupen la consci\u00e8ncia\u00a0ambiental del nostre alumnat i els ajuda a prendre els valors necessaris per a respectar el medi que els envolta.\r\n\r\n<u>Recollida d\u2019oli usat<\/u>\r\n\r\nEs tracta de recollir oli usat de la cuina amb l\u2019objectiu d\u2019evitar la contaminaci\u00f3 de les aig\u00fces (<strong>1 litre d\u2019oli\u00a0<\/strong>contamina\u00a0<strong>10.000 litres d\u2019aigua);\u00a0<\/strong>educar en el respecte al medi ambient i col\u00b7laborar en la creaci\u00f3 de nous llocs de treball en empreses socials.\r\n\r\nLa recollida es fa mitjan\u00e7ant una ampolla que anomenem \u201c<strong>Claki<\/strong>\u201d i que portem a l\u2019escola cada\u00a0<strong>divendres a l\u2019hora d\u2019entrada<\/strong>\u00a0del mat\u00ed.\r\n\r\nEls alumnes encarregats de rebre l\u2019oli enregistren la quantitat que portem, tant alumnes com a mestres, i ens faciliten una ampolla buida.\r\n\r\nTota la informaci\u00f3 enregistrada s\u2019analitza posteriorment amb l\u2019alumnat a classe.\r\n\r\n<u>Missi\u00f3 Apilo o recollida de piles usades<\/u>\r\n\r\nQuan estan esgotades, aquestes subst\u00e0ncies qu\u00edmiques i materials poden fer malb\u00e9 el medi ambient. Si les reciclem, el protegirem i tamb\u00e9 estalviarem molts recursos.\r\n\r\nM\u00e9s informaci\u00f3 sobre el programa al web:\u00a0<a href=\"http:\/\/www.apilo.cat\/a-lescola\/\">http:\/\/www.apilo.cat\/a-lescola\/<\/a>\r\n\r\n<u>Segregaci\u00f3 de residus per facilitar-ne el seu reciclatge<\/u>\r\n\r\nA m\u00e9s a m\u00e9s de l\u2019oli i de les piles usades, a l\u2019escola separem els residus pl\u00e0stics, de paper, org\u00e0nics i els de rebuig per tal de facilitar-ne el seu reciclatge. Totes les aules i les \u00e0rees comuns disposen de papereres adequades per recollir-los i poder gestionar-los correctament despr\u00e9s.\r\n\r\nTamb\u00e9 fem \u00fas de la deixalleria municipal pels residus que no podem segregar.\r\n\r\n<u>Integraci\u00f3 de continguts ambientals en el curr\u00edculum<\/u>\r\n\r\nCada cicle integra els continguts ambientals en les diferents Unitats Did\u00e0ctiques Integrades (UDI\u2019s).\r\n\r\n<u>Recollida de roba usada<\/u>\r\n\r\nEl nostre objectiu \u00e9s el de contribuir a la reducci\u00f3 de la desigualtat i la pobresa infantil al nostre entorn.\r\n\r\nAl mateix temps reutilitzem o donem un segon \u00fas a materials que ja no fem servir.\r\n\r\n<u>Bicicletada<\/u>\r\n\r\nAmb aquesta activitat anual i que es porta a terme al cicle superior pretenem promoure l\u2019\u00fas de la bicicleta com a mitj\u00e0 de transport alternatiu, sostenible i saludable.\r\n\r\n&nbsp;","link":"https:\/\/agora.xtec.cat\/ceip-lesroquesblaves\/categoria\/linia-pedagogica\/sostenibilitat\/","name":"Escola per a la Sostenibilitat","slug":"sostenibilitat","taxonomy":"category","parent":190,"meta":[],"_links":{"self":[{"href":"https:\/\/agora.xtec.cat\/ceip-lesroquesblaves\/wp-json\/wp\/v2\/categories\/351","targetHints":{"allow":["GET"]}}],"collection":[{"href":"https:\/\/agora.xtec.cat\/ceip-lesroquesblaves\/wp-json\/wp\/v2\/categories"}],"about":[{"href":"https:\/\/agora.xtec.cat\/ceip-lesroquesblaves\/wp-json\/wp\/v2\/taxonomies\/category"}],"up":[{"embeddable":true,"href":"https:\/\/agora.xtec.cat\/ceip-lesroquesblaves\/wp-json\/wp\/v2\/categories\/190"}],"wp:post_type":[{"href":"https:\/\/agora.xtec.cat\/ceip-lesroquesblaves\/wp-json\/wp\/v2\/posts?categories=351"}],"curies":[{"name":"wp","href":"https:\/\/api.w.org\/{rel}","templated":true}]}}