{"id":257,"count":8,"description":"<header class=\"entry-header\">\r\n<h4 class=\"entry-title\"><strong>LOCALITZACI\u00d3 I DESCOBERTA: MARC TE\u00d2RIC<\/strong><\/h4>\r\n<\/header>\r\n<div class=\"entry-content\">\r\n\r\n&nbsp;\r\n\r\n<iframe style=\"border: 0;\" src=\"https:\/\/www.google.com\/maps\/embed?pb=!1m14!1m12!1m3!1d6109.384573102223!2d1.8604203977548943!3d41.55359979628633!2m3!1f0!2f0!3f0!3m2!1i1024!2i768!4f13.1!5e1!3m2!1sca!2ses!4v1548256260692\" width=\"600\" height=\"450\" frameborder=\"0\" allowfullscreen=\"allowfullscreen\"><\/iframe>\r\n\r\n<span style=\"font-weight: 400;\">La zona dels Blaus es troba situada al voltant de la Riera del Puig i del\u00a0<\/span><span style=\"font-weight: 400;\">Torrent del Puig, des de la Col\u00f2nia Sed\u00f3 fins a Can Roca.<\/span>\r\n\r\n<span style=\"font-weight: 400;\">La import\u00e0ncia de les Roques Blaves recau en qu\u00e8 constitueix un l\u00edmit\u00a0<\/span><span style=\"font-weight: 400;\">entre la unitat geol\u00f2gica de la Depressi\u00f3 del Vall\u00e8s-Pened\u00e8s i la de la Serralada\u00a0<\/span><span style=\"font-weight: 400;\">Pre-litoral. En segon lloc, \u00e9s el resultat d\u2019un proc\u00e9s de deformaci\u00f3 de gran\u00a0<\/span><span style=\"font-weight: 400;\">magnitud. Finalment, \u00e9s l\u2019\u00fanic indret de Catalunya (junt amb les Ribes Blaves\u00a0<\/span><span style=\"font-weight: 400;\">d\u2019Olesa de Montserrat) on afloren aquests tipus de materials milon\u00edtics d\u2019origen\u00a0<\/span><span style=\"font-weight: 400;\">tect\u00f2nic.<\/span>\r\n\r\n<span style=\"font-weight: 400;\"> Per tant, presenta un inter\u00e8s cient\u00edfic, did\u00e0ctic i paisatg\u00edstic. Cal\u00a0<\/span><span style=\"font-weight: 400;\">destacar que la zona tamb\u00e9 presenta un gran inter\u00e8s social, fins a tal punt que\u00a0<\/span><span style=\"font-weight: 400;\">es realitz\u00e0 una repoblaci\u00f3 amb alzines a l\u2019any 1999, despr\u00e9s d\u2019un incendi al\u00a0<\/span><span style=\"font-weight: 400;\">mateix estiu de 6,5 ha del bosc de pi blanc que acull. Aquesta repoblaci\u00f3 es\u00a0<\/span><span style=\"font-weight: 400;\">dugu\u00e9 a terme amb els nens de tres escoles d\u2019Esparreguera, l\u2019A.D.F. d\u2019Olesa\u00a0<\/span><span style=\"font-weight: 400;\">de Montserrat-Esparreguera i l\u2019Ajuntament d\u2019Esparreguera.<\/span>\r\n\r\n<span style=\"font-weight: 400;\">Segons l\u2019Estudi Geol\u00f2gic i ambiental per a la Conservaci\u00f3 i Protecci\u00f3\u00a0<\/span><span style=\"font-weight: 400;\">d\u2019Els Blaus, aquesta zona presenta un lleuger estat de\u00a0<\/span><span style=\"font-weight: 400;\">degradaci\u00f3 degut a l\u2019acci\u00f3 erosiva (e\u00f2lica i hidr\u00e0ulica) i la pres\u00e8ncia d\u2019alguns\u00a0<\/span><span style=\"font-weight: 400;\">abocaments incontrolats de residus a la llera de la Riera del Puig.<\/span>\r\n<h5><strong>Enlla\u00e7os d'inter\u00e8s<\/strong><\/h5>\r\n<\/div>\r\n<a href=\"https:\/\/territori.gencat.cat\/web\/.content\/home\/01_departament\/normativa_i_documentacio\/documentacio\/territori_mobilitat\/cartografia_i_toponimia\/nomenclator_oficial_de_toponimia_de_catalunya\/baix_llobregat\/esparreguera.pdf\"><span style=\"font-weight: 400;\">Nomencl\u00e0tor oficial de topon\u00edmia major de Catalunya. Esparreguera<\/span><\/a>\r\n\r\n<a href=\"https:\/\/esparreguera.cat\/ciutat\/rutes-turistiques\/ruta-geologica\/\"><span style=\"font-weight: 400;\">Ruta geol\u00f2gica \"Les Roques Blaves\u201d<\/span><\/a>\r\n\r\n<a href=\"http:\/\/www.esparreguera.cat\/mediambient\/agenda21.html\"><span style=\"font-weight: 400;\">AGENDA 21 Esparreguera<\/span><\/a>\r\n\r\n<a href=\"https:\/\/www.esparreguera.cat\/fitxers\/urbanisme\/Informe_Mediambiental.pdf\">Informe mediambiental<\/a>\r\n<h4><\/h4>\r\n<h4><\/h4>\r\n<h4 class=\"entry-title\"><strong>LOCALITZACI\u00d3 I DESCOBERTA: PROPOSTES D'APRENENTATGE<\/strong><\/h4>\r\n<span style=\"font-weight: 400;\">Hi ha millor manera d\u2019iniciar el projecte a trav\u00e9s de la curiositat dels m\u00e9s petits de voler con\u00e8ixer qu\u00e8 d\u00f3na nom a la seva escola: Les Roques Blaves?A<\/span><span style=\"font-family: inherit; font-size: 1em;\">\u00a0\u00c9s aix\u00ed, com els m\u00e9s petits de P3 comencen aquest projecte, fent una pluja d\u2019idees sobre qu\u00e8 creuen o qu\u00e8 en saben d\u2019aquest nom.<\/span>\r\n<div class=\"entry-content\">\r\n\r\n<a href=\"http:\/\/agora.xtec.cat\/ceip-lesroquesblaves\/wp-content\/uploads\/usu36\/2018\/05\/DIAPO-2.1.jpg\"><img class=\"size-medium wp-image-3761 alignright\" src=\"http:\/\/agora.xtec.cat\/ceip-lesroquesblaves\/wp-content\/uploads\/usu36\/2018\/05\/DIAPO-2.1-300x225.jpg\" alt=\"\" width=\"300\" height=\"225\" \/><\/a>\r\n\r\nPoc a poc, i gr\u00e0cies a la col\u00b7laboraci\u00f3 dels seus companys majors de P4, que visiten per primer cop l\u2019indret i els mostren materials que han collit durant la sortida i fotografies, aniran coneixent l\u2019indret, aix\u00ed com algunes de les seves caracter\u00edstiques.\r\n\r\nD\u2019aquesta manera tan vivencial, els alumnes m\u00e9s petits de la nostra escola, van establint un sentit de pertinen\u00e7a i d\u2019identitat amb l\u2019escola i amb l\u2019indret natural apadrinat.\r\n<ul>\r\n \t<li><a href=\"http:\/\/agora.xtec.cat\/ceip-lesroquesblaves\/wp-content\/uploads\/usu36\/2018\/05\/1.-AVALUACI\u00d3-INICIAL-P3.pdf\">PLANTILLA AVALUACI\u00d3 INICIAL P3<\/a><\/li>\r\n \t<li><a href=\"https:\/\/drive.google.com\/file\/d\/11-V0B0zOihiMZ3-F9_kZJE8yZCv0cDuy\/view?usp=sharing\">MODEL DOCUMENTEM EXPERIMENTACI\u00d3 TERRES P4<\/a><\/li>\r\n \t<li><a href=\"https:\/\/drive.google.com\/file\/d\/1mtLtLJ2f6NJxNNHQPL5FlqZtfXjmnKWs\/view?usp=sharing\">MODEL DOCUMENTEM TERRISSERS P5<\/a><\/li>\r\n<\/ul>\r\n&nbsp;\r\n\r\n<\/div>","link":"https:\/\/agora.xtec.cat\/ceip-lesroquesblaves\/categoria\/linia-pedagogica\/apadrinem\/localitzacio-descoberta\/","name":"Localitzaci\u00f3 i descoberta","slug":"localitzacio-descoberta","taxonomy":"category","parent":175,"meta":[],"_links":{"self":[{"href":"https:\/\/agora.xtec.cat\/ceip-lesroquesblaves\/wp-json\/wp\/v2\/categories\/257","targetHints":{"allow":["GET"]}}],"collection":[{"href":"https:\/\/agora.xtec.cat\/ceip-lesroquesblaves\/wp-json\/wp\/v2\/categories"}],"about":[{"href":"https:\/\/agora.xtec.cat\/ceip-lesroquesblaves\/wp-json\/wp\/v2\/taxonomies\/category"}],"up":[{"embeddable":true,"href":"https:\/\/agora.xtec.cat\/ceip-lesroquesblaves\/wp-json\/wp\/v2\/categories\/175"}],"wp:post_type":[{"href":"https:\/\/agora.xtec.cat\/ceip-lesroquesblaves\/wp-json\/wp\/v2\/posts?categories=257"}],"curies":[{"name":"wp","href":"https:\/\/api.w.org\/{rel}","templated":true}]}}