{"id":224,"count":7,"description":"<h4><strong>LA FAUNA: MARC TE\u00d2RIC\r\n<\/strong><\/h4>\r\nExisteix una gran diversitat de fauna a l'entorn de Les Roques Blaves.\r\n\r\nLa diversitat d\u2019ambients reunits a l\u2019espai de la muntanya permet la coexist\u00e8ncia de diferents poblacions faun\u00edstiques molt riques i diverses. Aix\u00ed doncs, podem trobar mam\u00edfers com el porc senglar, la guineu, l'esquirol o el teix\u00f3; r\u00e8ptils com l'escur\u00e7\u00f3 o la sargantana; aus com el pit-roig, la puput o l'esparver. A m\u00e9s a m\u00e9s, tamb\u00e9 hi podem trobar diferents tipus d'invertebrats com insectes com mantis religioses, papallones o borinots; o ar\u00e0cnids com l'escorp\u00ed.\r\n<h5><strong>Enlla\u00e7os d'inter\u00e8s<\/strong><\/h5>\r\n<ul style=\"list-style-type: disc;\">\r\n \t<li><a href=\"https:\/\/drive.google.com\/file\/d\/1ZqAa-fhMqwz4o76eHsmUc-SJW_HnKk7_\/view?usp=sharing\">R\u00c8PTILS, AMFIBIS I INVERTEBRATS presents a Les Roques Blaves<\/a><\/li>\r\n \t<li><a href=\"https:\/\/drive.google.com\/file\/d\/1TuUCxPuLWfKO7PbUaS5Ts4PjWmmX3iD_\/view?usp=sharing\">MAM\u00cdMERS I AUS presents a Les Roques Blaves<\/a><\/li>\r\n \t<li><a href=\"https:\/\/drive.google.com\/file\/d\/1J6hxjCKMuGVoRyTmVvN2n-zZefDGn9ez\/view?usp=share_link\">LLIBRE \"CONEGUEM ESPARREGUERA\"<\/a><\/li>\r\n<\/ul>\r\n<h4><\/h4>\r\n<h4><strong>LA FAUNA: PROPOSTES D'APRENENTATGE<\/strong><\/h4>\r\nL'alumnat de cicle inicial \u00e9s l'encarregat d'investigar sobre la fauna que habita a l'indret apadrinat. Per fer-ho, visiten l'entorn de les Roques Blaves per tal d'observar o intentar percebre qualsevol rastre o esp\u00e8cie animal. A l'aula es fa una recerca exhaustiva i detallada de la fauna t\u00edpica dels boscos de l'entorn a trav\u00e9s de diferents mitjans: enciclop\u00e8dies, p\u00e0gines webs, llibres de coneixements, etc. per tal d'aprendre a identificar les caracter\u00edstiques principals d'aquests animals.\r\n\r\n<a href=\"https:\/\/drive.google.com\/open?id=15Ng29Vjb7Vq1ofbfVaHnUzrwnWJm-emT\">\u00a0FITXA T\u00c8CNICA 1r<\/a>\r\n\r\n<a href=\"https:\/\/drive.google.com\/open?id=1I_1E13iatp5GJjNa8-UY9PnTCm-gNLD9\">\u00a0FITXA T\u00c8CNICA 2n<\/a>\r\n\r\n<a href=\"https:\/\/agora.xtec.cat\/ceip-lesroquesblaves\/wp-content\/uploads\/usu36\/2019\/02\/Fauna.jpg\"><img class=\"alignnone size-medium wp-image-16547\" src=\"https:\/\/agora.xtec.cat\/ceip-lesroquesblaves\/wp-content\/uploads\/usu36\/2019\/02\/Fauna-300x225.jpg\" alt=\"\" width=\"300\" height=\"225\" \/><\/a>","link":"https:\/\/agora.xtec.cat\/ceip-lesroquesblaves\/categoria\/linia-pedagogica\/apadrinem\/fauna\/","name":"Fauna","slug":"fauna","taxonomy":"category","parent":175,"meta":[],"_links":{"self":[{"href":"https:\/\/agora.xtec.cat\/ceip-lesroquesblaves\/wp-json\/wp\/v2\/categories\/224","targetHints":{"allow":["GET"]}}],"collection":[{"href":"https:\/\/agora.xtec.cat\/ceip-lesroquesblaves\/wp-json\/wp\/v2\/categories"}],"about":[{"href":"https:\/\/agora.xtec.cat\/ceip-lesroquesblaves\/wp-json\/wp\/v2\/taxonomies\/category"}],"up":[{"embeddable":true,"href":"https:\/\/agora.xtec.cat\/ceip-lesroquesblaves\/wp-json\/wp\/v2\/categories\/175"}],"wp:post_type":[{"href":"https:\/\/agora.xtec.cat\/ceip-lesroquesblaves\/wp-json\/wp\/v2\/posts?categories=224"}],"curies":[{"name":"wp","href":"https:\/\/api.w.org\/{rel}","templated":true}]}}