{"id":191,"count":30,"description":"<h3 style=\"text-align: center;\"><\/h3>\r\n<a href=\"https:\/\/agora.xtec.cat\/ceip-lesroquesblaves\/wp-content\/uploads\/usu36\/2022\/02\/500-Somfiloscola-01-370-320-1.jpg\"><img class=\"aligncenter size-full wp-image-25402\" src=\"https:\/\/agora.xtec.cat\/ceip-lesroquesblaves\/wp-content\/uploads\/usu36\/2022\/02\/500-Somfiloscola-01-370-320-1.jpg\" alt=\"\" width=\"369\" height=\"177\" \/><\/a>\r\n<p class=\"entry-header\">Aquest projecte t\u00e9 com a objectiu refor\u00e7ar les habilitats del pensament dels infants, partint del di\u00e0leg filos\u00f2fic.Consta de diferents programes que, aplicats des dels 3 als 12 anys, enforteix la capacitat reflexiva. Es tracta d\u2019un projecte que concreta el desig general d\u2019ensenyar a pensar i pret\u00e9n desenvolupar les habilitats cognitives de tot l\u2019alumnat, ajudant-los a ser m\u00e9s conscients de la riquesa del bagatge intel\u00b7lectual\u00a0 i a preparar-los en la raonabilitat per a la participaci\u00f3 en un m\u00f3n democr\u00e0tic.<strong><a href=\"https:\/\/drive.google.com\/open?id=0B0Xv_HVOnhHKRXhDZ3FSYXBBaFdFSlBTck1WRUg5ekpha25Z&amp;authuser=0\" target=\"_blank\" rel=\"noopener\">Article del diari Ara sobre el programa de Filosofia 3\/18\r\n<\/a><\/strong>A continuaci\u00f3, podreu trobar l\u2019enlla\u00e7 a la p\u00e0gina web del\u00a0GrupIREF<strong>,\u00a0<\/strong>una associaci\u00f3 que promou la proposta educativa\u00a0FILOSOFIA 3\/18\u00a0en catal\u00e0 i que t\u00e9 com a referent el curr\u00edculum conegut internacionalment per\u00a0<em>Philosophy for Children.<\/em>\u00a0A m\u00e9s a m\u00e9s<em>, e<\/em>l\u00a0GrupIREF\u00a0s\u2019ocupa de la traducci\u00f3 i adaptaci\u00f3 d\u2019alguns programes d\u2019aquest curr\u00edculum i de la creaci\u00f3 de nous programes, aix\u00ed com de la divulgaci\u00f3 i de la formaci\u00f3 del professorat.<\/p>\r\n<iframe src=\"https:\/\/www.youtube.com\/embed\/7bzjMvD6ELA\" width=\"560\" height=\"315\" frameborder=\"0\" allowfullscreen=\"allowfullscreen\"><\/iframe>","link":"https:\/\/agora.xtec.cat\/ceip-lesroquesblaves\/categoria\/linia-pedagogica\/filosofia318\/","name":"Projecte Filosofia 3\/18","slug":"filosofia318","taxonomy":"category","parent":190,"meta":[],"_links":{"self":[{"href":"https:\/\/agora.xtec.cat\/ceip-lesroquesblaves\/wp-json\/wp\/v2\/categories\/191","targetHints":{"allow":["GET"]}}],"collection":[{"href":"https:\/\/agora.xtec.cat\/ceip-lesroquesblaves\/wp-json\/wp\/v2\/categories"}],"about":[{"href":"https:\/\/agora.xtec.cat\/ceip-lesroquesblaves\/wp-json\/wp\/v2\/taxonomies\/category"}],"up":[{"embeddable":true,"href":"https:\/\/agora.xtec.cat\/ceip-lesroquesblaves\/wp-json\/wp\/v2\/categories\/190"}],"wp:post_type":[{"href":"https:\/\/agora.xtec.cat\/ceip-lesroquesblaves\/wp-json\/wp\/v2\/posts?categories=191"}],"curies":[{"name":"wp","href":"https:\/\/api.w.org\/{rel}","templated":true}]}}