{"id":6624,"date":"2019-07-19T09:48:57","date_gmt":"2019-07-19T07:48:57","guid":{"rendered":"http:\/\/agora.xtec.cat\/ceip-lesferreries-palafolls\/?p=6624"},"modified":"2019-07-19T09:48:57","modified_gmt":"2019-07-19T07:48:57","slug":"cursa-solidaria-31-5-19","status":"publish","type":"post","link":"https:\/\/agora.xtec.cat\/ceip-lesferreries-palafolls\/portada\/cursa-solidaria-31-5-19\/","title":{"rendered":"Cursa solid\u00e0ria 31.5.19"},"content":{"rendered":"<p>El passat 31 de maig vam celebrar la primera cursa solid\u00e0ria promoguda per Acci\u00f3n contra el Hambre.<\/p>\n<p>El dia de la cursa es viu d&#8217;una manera molt especial. \u00c9s el moment de rec\u00f3rrer la dist\u00e0ncia m\u00e9s gran possible per multiplicar l&#8217;ajuda i celebrar junts la solidaritat i la cooperaci\u00f3. Gr\u00e0cies a tots els nens i nenes i als seus patrocinadors hem recaptat:\u00a0<strong><span style=\"font-size: 32px;\">3355,65 \u20ac!!!!!<\/span><\/strong><\/p>\n<div><span style=\"color: #000000; font-family: arial, sans-serif; font-size: 16px;\">Tots els diners recollits es destinaran a projectes d&#8217;Acci\u00f3n Contra el Hambre per ajudar a molts de nens i nenes (emerg\u00e8ncies, desnutrici\u00f3 infantil, seguretat aliment\u00e0ria, aigua i sanejament).\u00a0<\/span><\/div>\n<div><\/div>\n<div>Moltes gr\u00e0cies a tots i a totes per la vostra col\u00b7laboraci\u00f3 i tamb\u00e9 a What&#8217;s Fun, AMPA i a tots els pares i mares voluntaris per la seva ajuda.<\/div>\n<div>En el seg\u00fcent enlla\u00e7 trobareu les fotos de la cursa:<\/div>\n<div><\/div>\n<div><a href=\"https:\/\/photos.app.goo.gl\/qiDAF1PM4pqtf1X36\" target=\"_blank\" rel=\"noopener noreferrer\">https:\/\/photos.app.goo.gl\/qiDAF1PM4pqtf1X36<\/a><\/div>\n","protected":false},"excerpt":{"rendered":"<p>El passat 31 de maig vam celebrar la primera cursa solid\u00e0ria promoguda per Acci\u00f3n contra el Hambre. El dia de la cursa es viu d&#8217;una manera molt especial. \u00c9s el moment de rec\u00f3rrer la dist\u00e0ncia m\u00e9s gran possible per multiplicar l&#8217;ajuda i celebrar junts la solidaritat i la cooperaci\u00f3. Gr\u00e0cies a tots els nens i [&hellip;]<\/p>\n","protected":false},"author":65,"featured_media":6625,"comment_status":"open","ping_status":"closed","sticky":false,"template":"","format":"standard","meta":{"_bbp_topic_count":0,"_bbp_reply_count":0,"_bbp_total_topic_count":0,"_bbp_total_reply_count":0,"_bbp_voice_count":0,"_bbp_anonymous_reply_count":0,"_bbp_topic_count_hidden":0,"_bbp_reply_count_hidden":0,"_bbp_forum_subforum_count":0,"site-sidebar-layout":"default","site-content-layout":"","ast-site-content-layout":"","site-content-style":"default","site-sidebar-style":"default","ast-global-header-display":"","ast-banner-title-visibility":"","ast-main-header-display":"","ast-hfb-above-header-display":"","ast-hfb-below-header-display":"","ast-hfb-mobile-header-display":"","site-post-title":"","ast-breadcrumbs-content":"","ast-featured-img":"","footer-sml-layout":"","theme-transparent-header-meta":"","adv-header-id-meta":"","stick-header-meta":"","header-above-stick-meta":"","header-main-stick-meta":"","header-below-stick-meta":"","astra-migrate-meta-layouts":"default","ast-page-background-enabled":"default","ast-page-background-meta":{"desktop":{"background-color":"var(--ast-global-color-4)","background-image":"","background-repeat":"repeat","background-position":"center center","background-size":"auto","background-attachment":"scroll","background-type":"","background-media":"","overlay-type":"","overlay-color":"","overlay-opacity":"","overlay-gradient":""},"tablet":{"background-color":"","background-image":"","background-repeat":"repeat","background-position":"center center","background-size":"auto","background-attachment":"scroll","background-type":"","background-media":"","overlay-type":"","overlay-color":"","overlay-opacity":"","overlay-gradient":""},"mobile":{"background-color":"","background-image":"","background-repeat":"repeat","background-position":"center center","background-size":"auto","background-attachment":"scroll","background-type":"","background-media":"","overlay-type":"","overlay-color":"","overlay-opacity":"","overlay-gradient":""}},"ast-content-background-meta":{"desktop":{"background-color":"var(--ast-global-color-5)","background-image":"","background-repeat":"repeat","background-position":"center center","background-size":"auto","background-attachment":"scroll","background-type":"","background-media":"","overlay-type":"","overlay-color":"","overlay-opacity":"","overlay-gradient":""},"tablet":{"background-color":"var(--ast-global-color-5)","background-image":"","background-repeat":"repeat","background-position":"center center","background-size":"auto","background-attachment":"scroll","background-type":"","background-media":"","overlay-type":"","overlay-color":"","overlay-opacity":"","overlay-gradient":""},"mobile":{"background-color":"var(--ast-global-color-5)","background-image":"","background-repeat":"repeat","background-position":"center center","background-size":"auto","background-attachment":"scroll","background-type":"","background-media":"","overlay-type":"","overlay-color":"","overlay-opacity":"","overlay-gradient":""}},"footnotes":""},"categories":[4],"tags":[670,646],"class_list":["post-6624","post","type-post","status-publish","format-standard","has-post-thumbnail","hentry","category-portada","tag-accion-contra-el-hambre","tag-cursa-contra-la-fam"],"post_mailing_queue_ids":[],"_links":{"self":[{"href":"https:\/\/agora.xtec.cat\/ceip-lesferreries-palafolls\/wp-json\/wp\/v2\/posts\/6624","targetHints":{"allow":["GET"]}}],"collection":[{"href":"https:\/\/agora.xtec.cat\/ceip-lesferreries-palafolls\/wp-json\/wp\/v2\/posts"}],"about":[{"href":"https:\/\/agora.xtec.cat\/ceip-lesferreries-palafolls\/wp-json\/wp\/v2\/types\/post"}],"author":[{"embeddable":true,"href":"https:\/\/agora.xtec.cat\/ceip-lesferreries-palafolls\/wp-json\/wp\/v2\/users\/65"}],"replies":[{"embeddable":true,"href":"https:\/\/agora.xtec.cat\/ceip-lesferreries-palafolls\/wp-json\/wp\/v2\/comments?post=6624"}],"version-history":[{"count":1,"href":"https:\/\/agora.xtec.cat\/ceip-lesferreries-palafolls\/wp-json\/wp\/v2\/posts\/6624\/revisions"}],"predecessor-version":[{"id":6626,"href":"https:\/\/agora.xtec.cat\/ceip-lesferreries-palafolls\/wp-json\/wp\/v2\/posts\/6624\/revisions\/6626"}],"wp:featuredmedia":[{"embeddable":true,"href":"https:\/\/agora.xtec.cat\/ceip-lesferreries-palafolls\/wp-json\/wp\/v2\/media\/6625"}],"wp:attachment":[{"href":"https:\/\/agora.xtec.cat\/ceip-lesferreries-palafolls\/wp-json\/wp\/v2\/media?parent=6624"}],"wp:term":[{"taxonomy":"category","embeddable":true,"href":"https:\/\/agora.xtec.cat\/ceip-lesferreries-palafolls\/wp-json\/wp\/v2\/categories?post=6624"},{"taxonomy":"post_tag","embeddable":true,"href":"https:\/\/agora.xtec.cat\/ceip-lesferreries-palafolls\/wp-json\/wp\/v2\/tags?post=6624"}],"curies":[{"name":"wp","href":"https:\/\/api.w.org\/{rel}","templated":true}]}}