{"id":6534,"date":"2019-07-12T10:39:17","date_gmt":"2019-07-12T08:39:17","guid":{"rendered":"http:\/\/agora.xtec.cat\/ceip-lesferreries-palafolls\/?p=6534"},"modified":"2019-07-12T10:45:06","modified_gmt":"2019-07-12T08:45:06","slug":"documentacio-curs-2019-20","status":"publish","type":"post","link":"https:\/\/agora.xtec.cat\/ceip-lesferreries-palafolls\/portada\/documentacio-curs-2019-20\/","title":{"rendered":"Documentaci\u00f3 curs 2019-20"},"content":{"rendered":"<p>Ja fa uns dies que s\u2019ha acabat el curs 2018-19. Per\u00f2 ja estem engegant el proper. Us enllacem tota la informaci\u00f3 que us pot ser \u00fatil pel curs vinent (calendari escolar, formularis, menjador, acollida, transport escolar, \u2026). Nom\u00e9s ens queda dir-vos que gaudiu i carregueu les piles aquests dos mesos. BON ESTIU!!!!<\/p>\n<p><a href=\"https:\/\/agora.xtec.cat\/ceip-lesferreries-palafolls\/wp-content\/uploads\/usu670\/2019\/07\/CALENDARI-ESCOLAR-2019.pdf\">CALENDARI ESCOLAR 2019<\/a><\/p>\n<p><a href=\"https:\/\/agora.xtec.cat\/ceip-lesferreries-palafolls\/wp-content\/uploads\/usu670\/2019\/07\/CALENDARI-ESCOLAR-PER-AL-CURS-19-20.pdf\">CALENDARI ESCOLAR PER AL CURS 19-20<\/a><\/p>\n<p><a href=\"https:\/\/agora.xtec.cat\/ceip-lesferreries-palafolls\/wp-content\/uploads\/usu670\/2018\/06\/FITXA-DINSCRIPCI\u00d3-MENJADOR-1.pdf\">FITXA D&#8217;INSCRIPCI\u00d3 MENJADOR 1<\/a><\/p>\n<p><a href=\"https:\/\/agora.xtec.cat\/ceip-lesferreries-palafolls\/wp-content\/uploads\/usu670\/2018\/06\/FITXA-DINSCRIPCI\u00d3-MENJADOR-2.pdf\">FITXA D&#8217;INSCRIPCI\u00d3 MENJADOR 2<\/a><\/p>\n<p><a href=\"https:\/\/agora.xtec.cat\/ceip-lesferreries-palafolls\/wp-content\/uploads\/usu670\/2019\/07\/Servei-acollida-i-transport-19-20.pdf\">Servei acollida i transport 19-20<\/a><\/p>\n<p>&nbsp;<\/p>\n","protected":false},"excerpt":{"rendered":"<p>Ja fa uns dies que s\u2019ha acabat el curs 2018-19. Per\u00f2 ja estem engegant el proper. Us enllacem tota la informaci\u00f3 que us pot ser \u00fatil pel curs vinent (calendari escolar, formularis, menjador, acollida, transport escolar, \u2026). Nom\u00e9s ens queda dir-vos que gaudiu i carregueu les piles aquests dos mesos. BON ESTIU!!!! CALENDARI ESCOLAR 2019 [&hellip;]<\/p>\n","protected":false},"author":65,"featured_media":6543,"comment_status":"open","ping_status":"closed","sticky":false,"template":"","format":"standard","meta":{"_bbp_topic_count":0,"_bbp_reply_count":0,"_bbp_total_topic_count":0,"_bbp_total_reply_count":0,"_bbp_voice_count":0,"_bbp_anonymous_reply_count":0,"_bbp_topic_count_hidden":0,"_bbp_reply_count_hidden":0,"_bbp_forum_subforum_count":0,"site-sidebar-layout":"default","site-content-layout":"","ast-site-content-layout":"","site-content-style":"default","site-sidebar-style":"default","ast-global-header-display":"","ast-banner-title-visibility":"","ast-main-header-display":"","ast-hfb-above-header-display":"","ast-hfb-below-header-display":"","ast-hfb-mobile-header-display":"","site-post-title":"","ast-breadcrumbs-content":"","ast-featured-img":"","footer-sml-layout":"","theme-transparent-header-meta":"","adv-header-id-meta":"","stick-header-meta":"","header-above-stick-meta":"","header-main-stick-meta":"","header-below-stick-meta":"","astra-migrate-meta-layouts":"default","ast-page-background-enabled":"default","ast-page-background-meta":{"desktop":{"background-color":"var(--ast-global-color-4)","background-image":"","background-repeat":"repeat","background-position":"center center","background-size":"auto","background-attachment":"scroll","background-type":"","background-media":"","overlay-type":"","overlay-color":"","overlay-opacity":"","overlay-gradient":""},"tablet":{"background-color":"","background-image":"","background-repeat":"repeat","background-position":"center center","background-size":"auto","background-attachment":"scroll","background-type":"","background-media":"","overlay-type":"","overlay-color":"","overlay-opacity":"","overlay-gradient":""},"mobile":{"background-color":"","background-image":"","background-repeat":"repeat","background-position":"center center","background-size":"auto","background-attachment":"scroll","background-type":"","background-media":"","overlay-type":"","overlay-color":"","overlay-opacity":"","overlay-gradient":""}},"ast-content-background-meta":{"desktop":{"background-color":"var(--ast-global-color-5)","background-image":"","background-repeat":"repeat","background-position":"center center","background-size":"auto","background-attachment":"scroll","background-type":"","background-media":"","overlay-type":"","overlay-color":"","overlay-opacity":"","overlay-gradient":""},"tablet":{"background-color":"var(--ast-global-color-5)","background-image":"","background-repeat":"repeat","background-position":"center center","background-size":"auto","background-attachment":"scroll","background-type":"","background-media":"","overlay-type":"","overlay-color":"","overlay-opacity":"","overlay-gradient":""},"mobile":{"background-color":"var(--ast-global-color-5)","background-image":"","background-repeat":"repeat","background-position":"center center","background-size":"auto","background-attachment":"scroll","background-type":"","background-media":"","overlay-type":"","overlay-color":"","overlay-opacity":"","overlay-gradient":""}},"footnotes":""},"categories":[491,32,489,4,490],"tags":[568,660,566,267,268],"class_list":["post-6534","post","type-post","status-publish","format-standard","has-post-thumbnail","hentry","category-acollida","category-documents","category-menjador","category-portada","category-transport","tag-acollida","tag-bus","tag-calendari","tag-menjador","tag-transport"],"post_mailing_queue_ids":[],"_links":{"self":[{"href":"https:\/\/agora.xtec.cat\/ceip-lesferreries-palafolls\/wp-json\/wp\/v2\/posts\/6534","targetHints":{"allow":["GET"]}}],"collection":[{"href":"https:\/\/agora.xtec.cat\/ceip-lesferreries-palafolls\/wp-json\/wp\/v2\/posts"}],"about":[{"href":"https:\/\/agora.xtec.cat\/ceip-lesferreries-palafolls\/wp-json\/wp\/v2\/types\/post"}],"author":[{"embeddable":true,"href":"https:\/\/agora.xtec.cat\/ceip-lesferreries-palafolls\/wp-json\/wp\/v2\/users\/65"}],"replies":[{"embeddable":true,"href":"https:\/\/agora.xtec.cat\/ceip-lesferreries-palafolls\/wp-json\/wp\/v2\/comments?post=6534"}],"version-history":[{"count":1,"href":"https:\/\/agora.xtec.cat\/ceip-lesferreries-palafolls\/wp-json\/wp\/v2\/posts\/6534\/revisions"}],"predecessor-version":[{"id":6545,"href":"https:\/\/agora.xtec.cat\/ceip-lesferreries-palafolls\/wp-json\/wp\/v2\/posts\/6534\/revisions\/6545"}],"wp:featuredmedia":[{"embeddable":true,"href":"https:\/\/agora.xtec.cat\/ceip-lesferreries-palafolls\/wp-json\/wp\/v2\/media\/6543"}],"wp:attachment":[{"href":"https:\/\/agora.xtec.cat\/ceip-lesferreries-palafolls\/wp-json\/wp\/v2\/media?parent=6534"}],"wp:term":[{"taxonomy":"category","embeddable":true,"href":"https:\/\/agora.xtec.cat\/ceip-lesferreries-palafolls\/wp-json\/wp\/v2\/categories?post=6534"},{"taxonomy":"post_tag","embeddable":true,"href":"https:\/\/agora.xtec.cat\/ceip-lesferreries-palafolls\/wp-json\/wp\/v2\/tags?post=6534"}],"curies":[{"name":"wp","href":"https:\/\/api.w.org\/{rel}","templated":true}]}}