{"id":6328,"date":"2019-05-20T09:48:01","date_gmt":"2019-05-20T07:48:01","guid":{"rendered":"http:\/\/agora.xtec.cat\/ceip-lesferreries-palafolls\/?p=6328"},"modified":"2019-05-20T09:48:01","modified_gmt":"2019-05-20T07:48:01","slug":"apa-quin-apat","status":"publish","type":"post","link":"https:\/\/agora.xtec.cat\/ceip-lesferreries-palafolls\/general\/apa-quin-apat\/","title":{"rendered":"Apa, quin \u00e0pat"},"content":{"rendered":"<p>Com ja sabeu el nostre centre est\u00e0 inscrit en el <em>Pla de promoci\u00f3 de fruites, hortalisses i llet<\/em>, engegat per la Generalitat de Catalunya des del Departament d&#8217;Agricultura, Ramaderia, Pesca i Alimentaci\u00f3.<\/p>\n<p>Dins d\u2019aquesta campanya neix l&#8217;acci\u00f3\u00a0<em><span class=\"il\">Apa<\/span>,\u00a0<span class=\"il\">quin<\/span>\u00a0<span class=\"il\">\u00e0pat<\/span><\/em>, destinada a pares i mares i professors on, mitjan\u00e7ant una xerrada participativa, es pret\u00e9n incrementar i consolidar el consum de fruites i l\u00e0ctics, aix\u00ed com\u00a0<strong>millorar els h\u00e0bits alimentaris de la poblaci\u00f3 infantil.\u00a0<\/strong>Mitjan\u00e7ant aquestes xerrades, oferim a les fam\u00edlies eines per introduir les fruites, hortalisses i llet en el seu men\u00fa setmanal de forma correcta i divertida. A m\u00e9s, durant la xerrada es realitzar\u00e0 un showcooking, \u00e9s a dir, una demostraci\u00f3 de com preparar una recepta saludable que podran tastar in situ.<\/p>\n<p>En el seg\u00fcent enlla\u00e7 trobareu les fotos de la primera sessi\u00f3. La seg\u00fcent sessi\u00f3 ser\u00e0 el dimarts 21.5.19 a les 16:45h, us animem a que vingueu i gaudiu del taller!<\/p>\n<p><a href=\"https:\/\/photos.app.goo.gl\/Tb9t8rm37y618rSG7\" target=\"_blank\" rel=\"noopener noreferrer\">Apa, quin \u00e0pat!<\/a><\/p>\n","protected":false},"excerpt":{"rendered":"<p>Com ja sabeu el nostre centre est\u00e0 inscrit en el Pla de promoci\u00f3 de fruites, hortalisses i llet, engegat per la Generalitat de Catalunya des del Departament d&#8217;Agricultura, Ramaderia, Pesca i Alimentaci\u00f3. Dins d\u2019aquesta campanya neix l&#8217;acci\u00f3\u00a0Apa,\u00a0quin\u00a0\u00e0pat, destinada a pares i mares i professors on, mitjan\u00e7ant una xerrada participativa, es pret\u00e9n incrementar i consolidar el [&hellip;]<\/p>\n","protected":false},"author":65,"featured_media":6329,"comment_status":"open","ping_status":"closed","sticky":false,"template":"","format":"standard","meta":{"_bbp_topic_count":0,"_bbp_reply_count":0,"_bbp_total_topic_count":0,"_bbp_total_reply_count":0,"_bbp_voice_count":0,"_bbp_anonymous_reply_count":0,"_bbp_topic_count_hidden":0,"_bbp_reply_count_hidden":0,"_bbp_forum_subforum_count":0,"site-sidebar-layout":"default","site-content-layout":"","ast-site-content-layout":"","site-content-style":"default","site-sidebar-style":"default","ast-global-header-display":"","ast-banner-title-visibility":"","ast-main-header-display":"","ast-hfb-above-header-display":"","ast-hfb-below-header-display":"","ast-hfb-mobile-header-display":"","site-post-title":"","ast-breadcrumbs-content":"","ast-featured-img":"","footer-sml-layout":"","theme-transparent-header-meta":"","adv-header-id-meta":"","stick-header-meta":"","header-above-stick-meta":"","header-main-stick-meta":"","header-below-stick-meta":"","astra-migrate-meta-layouts":"default","ast-page-background-enabled":"default","ast-page-background-meta":{"desktop":{"background-color":"var(--ast-global-color-4)","background-image":"","background-repeat":"repeat","background-position":"center center","background-size":"auto","background-attachment":"scroll","background-type":"","background-media":"","overlay-type":"","overlay-color":"","overlay-opacity":"","overlay-gradient":""},"tablet":{"background-color":"","background-image":"","background-repeat":"repeat","background-position":"center center","background-size":"auto","background-attachment":"scroll","background-type":"","background-media":"","overlay-type":"","overlay-color":"","overlay-opacity":"","overlay-gradient":""},"mobile":{"background-color":"","background-image":"","background-repeat":"repeat","background-position":"center center","background-size":"auto","background-attachment":"scroll","background-type":"","background-media":"","overlay-type":"","overlay-color":"","overlay-opacity":"","overlay-gradient":""}},"ast-content-background-meta":{"desktop":{"background-color":"var(--ast-global-color-5)","background-image":"","background-repeat":"repeat","background-position":"center center","background-size":"auto","background-attachment":"scroll","background-type":"","background-media":"","overlay-type":"","overlay-color":"","overlay-opacity":"","overlay-gradient":""},"tablet":{"background-color":"var(--ast-global-color-5)","background-image":"","background-repeat":"repeat","background-position":"center center","background-size":"auto","background-attachment":"scroll","background-type":"","background-media":"","overlay-type":"","overlay-color":"","overlay-opacity":"","overlay-gradient":""},"mobile":{"background-color":"var(--ast-global-color-5)","background-image":"","background-repeat":"repeat","background-position":"center center","background-size":"auto","background-attachment":"scroll","background-type":"","background-media":"","overlay-type":"","overlay-color":"","overlay-opacity":"","overlay-gradient":""}},"footnotes":""},"categories":[22,1,4],"tags":[445,650,649],"class_list":["post-6328","post","type-post","status-publish","format-standard","has-post-thumbnail","hentry","category-activitats","category-general","category-portada","tag-alimentacio","tag-families","tag-saludable"],"post_mailing_queue_ids":[],"_links":{"self":[{"href":"https:\/\/agora.xtec.cat\/ceip-lesferreries-palafolls\/wp-json\/wp\/v2\/posts\/6328","targetHints":{"allow":["GET"]}}],"collection":[{"href":"https:\/\/agora.xtec.cat\/ceip-lesferreries-palafolls\/wp-json\/wp\/v2\/posts"}],"about":[{"href":"https:\/\/agora.xtec.cat\/ceip-lesferreries-palafolls\/wp-json\/wp\/v2\/types\/post"}],"author":[{"embeddable":true,"href":"https:\/\/agora.xtec.cat\/ceip-lesferreries-palafolls\/wp-json\/wp\/v2\/users\/65"}],"replies":[{"embeddable":true,"href":"https:\/\/agora.xtec.cat\/ceip-lesferreries-palafolls\/wp-json\/wp\/v2\/comments?post=6328"}],"version-history":[{"count":1,"href":"https:\/\/agora.xtec.cat\/ceip-lesferreries-palafolls\/wp-json\/wp\/v2\/posts\/6328\/revisions"}],"predecessor-version":[{"id":6330,"href":"https:\/\/agora.xtec.cat\/ceip-lesferreries-palafolls\/wp-json\/wp\/v2\/posts\/6328\/revisions\/6330"}],"wp:featuredmedia":[{"embeddable":true,"href":"https:\/\/agora.xtec.cat\/ceip-lesferreries-palafolls\/wp-json\/wp\/v2\/media\/6329"}],"wp:attachment":[{"href":"https:\/\/agora.xtec.cat\/ceip-lesferreries-palafolls\/wp-json\/wp\/v2\/media?parent=6328"}],"wp:term":[{"taxonomy":"category","embeddable":true,"href":"https:\/\/agora.xtec.cat\/ceip-lesferreries-palafolls\/wp-json\/wp\/v2\/categories?post=6328"},{"taxonomy":"post_tag","embeddable":true,"href":"https:\/\/agora.xtec.cat\/ceip-lesferreries-palafolls\/wp-json\/wp\/v2\/tags?post=6328"}],"curies":[{"name":"wp","href":"https:\/\/api.w.org\/{rel}","templated":true}]}}