{"id":6182,"date":"2019-05-03T15:58:16","date_gmt":"2019-05-03T13:58:16","guid":{"rendered":"http:\/\/agora.xtec.cat\/ceip-lesferreries-palafolls\/?p=6182"},"modified":"2019-05-03T15:58:16","modified_gmt":"2019-05-03T13:58:16","slug":"informacio-sobre-les-competencies-basiques-de-6e-de-primaria","status":"publish","type":"post","link":"https:\/\/agora.xtec.cat\/ceip-lesferreries-palafolls\/portada\/informacio-sobre-les-competencies-basiques-de-6e-de-primaria\/","title":{"rendered":"Informaci\u00f3 sobre les Compet\u00e8ncies B\u00e0siques de 6\u00e8 de Prim\u00e0ria"},"content":{"rendered":"<p><strong>Qu\u00e8 \u00e9s<\/strong><\/p>\n<p>\u00c9s una prova que avalua les compet\u00e8ncies i coneixements b\u00e0sics al final de l&#8217;educaci\u00f3 prim\u00e0ria.<\/p>\n<p>El Departament d&#8217;Educaci\u00f3 porta a terme una prova d&#8217;avaluaci\u00f3 externa als alumnes de sis\u00e8 curs d&#8217;educaci\u00f3 prim\u00e0ria en finalitzar el curs 2018-2019, que enguany faran al voltant de 75.000 nens i nenes de Catalunya. Aquesta prova es basa en les compet\u00e8ncies b\u00e0siques ling\u00fc\u00edstiques, matem\u00e0tiques i de l&#8217;\u00e0rea de coneixement del medi natural que cal haver assolit en acabar aquesta etapa educativa. T\u00e9 un car\u00e0cter formatiu i orientador.<\/p>\n<p>El resultat de la prova no t\u00e9 efectes ni en l&#8217;avaluaci\u00f3 final dels alumnes ni en la decisi\u00f3 de passar a l&#8217;ESO.<\/p>\n<p>Amb aquesta prova, el Departament i cada centre d&#8217;educaci\u00f3 prim\u00e0ria pot disposar d&#8217;informaci\u00f3 acurada sobre l&#8217;assoliment de les compet\u00e8ncies b\u00e0siques. La prova serveix, tamb\u00e9, perqu\u00e8 cada centre pugui detectar els punts febles, potenciar els punts forts i prendre decisions en la planificaci\u00f3 educativa a partir de la major autonomia que permet la Llei d&#8217;educaci\u00f3 de Catalunya. L&#8217;objectiu final \u00e9s la millora del sistema educatiu catal\u00e0.<\/p>\n<p><strong>Qu\u00e8 avalua<\/strong><\/p>\n<p>La prova avalua les compet\u00e8ncies seg\u00fcents:<\/p>\n<ul>\n<li>La compet\u00e8ncia ling\u00fc\u00edstica en llengua catalana<\/li>\n<li>La compet\u00e8ncia ling\u00fc\u00edstica en llengua castellana<\/li>\n<li>La compet\u00e8ncia ling\u00fc\u00edstica en llengua estrangera (angl\u00e8s o franc\u00e8s)<\/li>\n<li>La compet\u00e8ncia ling\u00fc\u00edstica en llengua occitana aranesa (a l&#8217;Aran)<\/li>\n<li>La compet\u00e8ncia matem\u00e0tica<\/li>\n<li>La compet\u00e8ncia associada a l&#8217;\u00e0rea de coneixement del medi natural<\/li>\n<\/ul>\n<p>Les proves en\u00a0<strong>compet\u00e8ncia ling\u00fc\u00edstica en llengua catalana i castellana (i llengua occitana aranesa, a l&#8217;Aran)<\/strong>\u00a0avaluen:<\/p>\n<ul>\n<li>la comprensi\u00f3 oral mitjan\u00e7at una audici\u00f3 i \u00edtems de resposta m\u00faltiple simple, que avaluen els processos d&#8217;obtenci\u00f3 d&#8217;informaci\u00f3 i interpretaci\u00f3;<\/li>\n<li>la comprensi\u00f3 lectora mitjan\u00e7ant \u00edtems de resposta m\u00faltiple simple i \u00edtems de resposta oberta, que avaluen els processos d&#8217;obtenci\u00f3 d&#8217;informaci\u00f3, d&#8217;interpretaci\u00f3 i de reflexi\u00f3;<\/li>\n<li>l&#8217;expressi\u00f3 escrita mitjan\u00e7ant \u00edtems de resposta m\u00faltiple simple de correcci\u00f3 ling\u00fc\u00edstica (l\u00e8xic i morfosintaxi) i amb l&#8217;elaboraci\u00f3 d&#8217;una composici\u00f3 escrita, on s&#8217;avaluen els aspectes formals (lletra, espais, marges), la compet\u00e8ncia discursiva (coher\u00e8ncia i adequaci\u00f3) i la correcci\u00f3 ling\u00fc\u00edstica (l\u00e8xic, ortografia i morfosintaxi).<\/li>\n<\/ul>\n<p>La prova de\u00a0<strong>compet\u00e8ncia ling\u00fc\u00edstica en llengua estrangera<\/strong>\u00a0avalua:<\/p>\n<ul>\n<li>la comprensi\u00f3 lectora i la comprensi\u00f3 oral mitjan\u00e7ant \u00edtems de resposta m\u00faltiple simple, que avaluen els processos d&#8217;obtenci\u00f3 d&#8217;informaci\u00f3 i d&#8217;interpretaci\u00f3;<\/li>\n<li>l&#8217;expressi\u00f3 escrita, amb l&#8217;elaboraci\u00f3 d&#8217;una breu producci\u00f3, pautada i contextualitzada, en qu\u00e8 es mesuren la compet\u00e8ncia discursiva (coher\u00e8ncia i adequaci\u00f3, guiades pel plantejament de l&#8217;activitat) i la compet\u00e8ncia ling\u00fc\u00edstica (l\u00e8xic, morfosintaxi i ortografia de nivell b\u00e0sic).<\/li>\n<\/ul>\n<p>La prova de\u00a0<strong>compet\u00e8ncia matem\u00e0tica<\/strong>\u00a0avalua:<\/p>\n<ul>\n<li>l&#8217;habilitat dels alumnes per comprendre, utilitzar i relacionar els nombres;<\/li>\n<li>produir i interpretar diferents tipus d\u2019informaci\u00f3 matem\u00e0tica;<\/li>\n<li>aplicar coneixements sobre aspectes quantitatius i espacials de la realitat;<\/li>\n<li>entendre i resoldre problemes i situacions relacionats amb la vida quotidiana, i justificar-ne els resultats obtinguts, amb \u00edtems referits a:\n<ul>\n<li>numeraci\u00f3 i c\u00e0lcul;<\/li>\n<li>espai, mesura i representaci\u00f3 gr\u00e0fica de dades;<\/li>\n<li>relacions i canvi.<\/li>\n<\/ul>\n<\/li>\n<\/ul>\n<p>La prova de\u00a0<strong>compet\u00e8ncia associada a l&#8217;\u00e0rea de coneixement del medi natural<\/strong>\u00a0avalua tres aspectes del domini competencial:<\/p>\n<ul>\n<li>explicar fen\u00f2mens naturals i aplicacions tecnol\u00f2giques utilitzant coneixements cient\u00edfics i tecnol\u00f2gics;<\/li>\n<li>recon\u00e8ixer els aspectes principals de la investigaci\u00f3 cient\u00edfica;<\/li>\n<li>interpretar informaci\u00f3 de car\u00e0cter cientificotecnol\u00f2gic en forma de dades i proves.<\/li>\n<\/ul>\n<p>Les habilitats necess\u00e0ries per desenvolupar aquests aspectes del domini competencial de la compet\u00e8ncia associada a l&#8217;\u00e0rea de coneixement del medi natural es poden consultar al marc conceptual.<\/p>\n<p><strong>Quan i on es fa la prova<\/strong><\/p>\n<p>La prova es fa durant els dies\u00a0<strong>7, 8 i 9 de maig de 2019<\/strong>\u00a0al centre educatiu on est\u00e0 escolaritzat el vostre fill o filla (pel que fa a la correcci\u00f3, se n&#8217;ocupen professors externs).<\/p>\n<p><strong>Com sabem els resultats<\/strong><\/p>\n<p>Els resultats de les proves de tots els alumnes es comuniquen al centre, el qual us fa arribar la informaci\u00f3 del vostre fill o filla. Les dades concretes de la prova de cada centre i dels alumnes s\u00f3n confidencials.<\/p>\n<p><a href=\"https:\/\/agora.xtec.cat\/ceip-lesferreries-palafolls\/wp-content\/uploads\/usu670\/2019\/05\/INFO_families_primaria.pdf\">INFO_families_primaria<\/a><\/p>\n","protected":false},"excerpt":{"rendered":"<p>Qu\u00e8 \u00e9s \u00c9s una prova que avalua les compet\u00e8ncies i coneixements b\u00e0sics al final de l&#8217;educaci\u00f3 prim\u00e0ria. El Departament d&#8217;Educaci\u00f3 porta a terme una prova d&#8217;avaluaci\u00f3 externa als alumnes de sis\u00e8 curs d&#8217;educaci\u00f3 prim\u00e0ria en finalitzar el curs 2018-2019, que enguany faran al voltant de 75.000 nens i nenes de Catalunya. Aquesta prova es basa [&hellip;]<\/p>\n","protected":false},"author":65,"featured_media":6184,"comment_status":"open","ping_status":"closed","sticky":false,"template":"","format":"standard","meta":{"_bbp_topic_count":0,"_bbp_reply_count":0,"_bbp_total_topic_count":0,"_bbp_total_reply_count":0,"_bbp_voice_count":0,"_bbp_anonymous_reply_count":0,"_bbp_topic_count_hidden":0,"_bbp_reply_count_hidden":0,"_bbp_forum_subforum_count":0,"site-sidebar-layout":"default","site-content-layout":"","ast-site-content-layout":"","site-content-style":"default","site-sidebar-style":"default","ast-global-header-display":"","ast-banner-title-visibility":"","ast-main-header-display":"","ast-hfb-above-header-display":"","ast-hfb-below-header-display":"","ast-hfb-mobile-header-display":"","site-post-title":"","ast-breadcrumbs-content":"","ast-featured-img":"","footer-sml-layout":"","theme-transparent-header-meta":"","adv-header-id-meta":"","stick-header-meta":"","header-above-stick-meta":"","header-main-stick-meta":"","header-below-stick-meta":"","astra-migrate-meta-layouts":"default","ast-page-background-enabled":"default","ast-page-background-meta":{"desktop":{"background-color":"var(--ast-global-color-4)","background-image":"","background-repeat":"repeat","background-position":"center center","background-size":"auto","background-attachment":"scroll","background-type":"","background-media":"","overlay-type":"","overlay-color":"","overlay-opacity":"","overlay-gradient":""},"tablet":{"background-color":"","background-image":"","background-repeat":"repeat","background-position":"center center","background-size":"auto","background-attachment":"scroll","background-type":"","background-media":"","overlay-type":"","overlay-color":"","overlay-opacity":"","overlay-gradient":""},"mobile":{"background-color":"","background-image":"","background-repeat":"repeat","background-position":"center center","background-size":"auto","background-attachment":"scroll","background-type":"","background-media":"","overlay-type":"","overlay-color":"","overlay-opacity":"","overlay-gradient":""}},"ast-content-background-meta":{"desktop":{"background-color":"var(--ast-global-color-5)","background-image":"","background-repeat":"repeat","background-position":"center center","background-size":"auto","background-attachment":"scroll","background-type":"","background-media":"","overlay-type":"","overlay-color":"","overlay-opacity":"","overlay-gradient":""},"tablet":{"background-color":"var(--ast-global-color-5)","background-image":"","background-repeat":"repeat","background-position":"center center","background-size":"auto","background-attachment":"scroll","background-type":"","background-media":"","overlay-type":"","overlay-color":"","overlay-opacity":"","overlay-gradient":""},"mobile":{"background-color":"var(--ast-global-color-5)","background-image":"","background-repeat":"repeat","background-position":"center center","background-size":"auto","background-attachment":"scroll","background-type":"","background-media":"","overlay-type":"","overlay-color":"","overlay-opacity":"","overlay-gradient":""}},"footnotes":""},"categories":[4],"tags":[635,636,634],"class_list":["post-6182","post","type-post","status-publish","format-standard","has-post-thumbnail","hentry","category-portada","tag-6e","tag-avaluacio","tag-competencies-basiques"],"post_mailing_queue_ids":[],"_links":{"self":[{"href":"https:\/\/agora.xtec.cat\/ceip-lesferreries-palafolls\/wp-json\/wp\/v2\/posts\/6182","targetHints":{"allow":["GET"]}}],"collection":[{"href":"https:\/\/agora.xtec.cat\/ceip-lesferreries-palafolls\/wp-json\/wp\/v2\/posts"}],"about":[{"href":"https:\/\/agora.xtec.cat\/ceip-lesferreries-palafolls\/wp-json\/wp\/v2\/types\/post"}],"author":[{"embeddable":true,"href":"https:\/\/agora.xtec.cat\/ceip-lesferreries-palafolls\/wp-json\/wp\/v2\/users\/65"}],"replies":[{"embeddable":true,"href":"https:\/\/agora.xtec.cat\/ceip-lesferreries-palafolls\/wp-json\/wp\/v2\/comments?post=6182"}],"version-history":[{"count":1,"href":"https:\/\/agora.xtec.cat\/ceip-lesferreries-palafolls\/wp-json\/wp\/v2\/posts\/6182\/revisions"}],"predecessor-version":[{"id":6186,"href":"https:\/\/agora.xtec.cat\/ceip-lesferreries-palafolls\/wp-json\/wp\/v2\/posts\/6182\/revisions\/6186"}],"wp:featuredmedia":[{"embeddable":true,"href":"https:\/\/agora.xtec.cat\/ceip-lesferreries-palafolls\/wp-json\/wp\/v2\/media\/6184"}],"wp:attachment":[{"href":"https:\/\/agora.xtec.cat\/ceip-lesferreries-palafolls\/wp-json\/wp\/v2\/media?parent=6182"}],"wp:term":[{"taxonomy":"category","embeddable":true,"href":"https:\/\/agora.xtec.cat\/ceip-lesferreries-palafolls\/wp-json\/wp\/v2\/categories?post=6182"},{"taxonomy":"post_tag","embeddable":true,"href":"https:\/\/agora.xtec.cat\/ceip-lesferreries-palafolls\/wp-json\/wp\/v2\/tags?post=6182"}],"curies":[{"name":"wp","href":"https:\/\/api.w.org\/{rel}","templated":true}]}}