{"id":5897,"date":"2019-03-21T10:42:55","date_gmt":"2019-03-21T09:42:55","guid":{"rendered":"http:\/\/agora.xtec.cat\/ceip-lesferreries-palafolls\/?p=5897"},"modified":"2019-07-03T09:51:44","modified_gmt":"2019-07-03T07:51:44","slug":"preinscripcions-curs-2019-20","status":"publish","type":"post","link":"https:\/\/agora.xtec.cat\/ceip-lesferreries-palafolls\/general\/preinscripcions-curs-2019-20\/","title":{"rendered":"Preinscripcions Curs 2019-20"},"content":{"rendered":"<p>Les dates de preinscripci\u00f3 pel curs 2019-20 s\u00f3n del 29 de mar\u00e7 al 9 d&#8217;abril de 2019.<\/p>\n<p>L&#8217;horari d&#8217;atenci\u00f3 per les preinscripcions de l&#8217;Escola Les Ferreries de Palafolls (codi de centre: 08022598) s\u00f3n:<\/p>\n<p><!--more--><\/p>\n<table style=\"width: 571px;\">\n<tbody>\n<tr>\n<td style=\"text-align: center; width: 64px;\"><\/td>\n<td style=\"text-align: center; width: 95px;\">DILLUNS<\/td>\n<td style=\"text-align: center; width: 99px;\">DIMARTS<\/td>\n<td style=\"text-align: center; width: 99px;\">DIMECRES<\/td>\n<td style=\"text-align: center; width: 99px;\">DIJOUS<\/td>\n<td style=\"text-align: center; width: 99px;\">DIVENDRES<\/td>\n<\/tr>\n<tr>\n<td style=\"text-align: center; width: 64px;\">MAT\u00cd<\/td>\n<td style=\"text-align: center; width: 95px;\">12:30-13:30<\/td>\n<td style=\"text-align: center; width: 99px;\">09:00 -13:00<\/td>\n<td style=\"text-align: center; width: 99px;\">12:30 -13:30<\/td>\n<td style=\"text-align: center; width: 99px;\">09:00 -13:00<\/td>\n<td style=\"text-align: center; width: 99px;\">09:00 -13:00<\/td>\n<\/tr>\n<tr>\n<td style=\"text-align: center; width: 64px;\">TARDA<\/td>\n<td style=\"text-align: center; width: 95px;\"><\/td>\n<td style=\"text-align: center; width: 99px;\">15:00 -16:00<\/td>\n<td style=\"text-align: center; width: 99px;\"><\/td>\n<td style=\"text-align: center; width: 99px;\">15:00 -16:00<\/td>\n<td style=\"text-align: center; width: 99px;\">15:00 -16:00<\/td>\n<\/tr>\n<\/tbody>\n<\/table>\n<p>En el seg\u00fcent enlla\u00e7os teniu tota la informaci\u00f3 necess\u00e0ria:<\/p>\n<p><a href=\"http:\/\/ensenyament.gencat.cat\/ca\/tramits\/tramits-temes\/20483_preinscripcio_escolar?moda=1\" target=\"_blank\" rel=\"noopener noreferrer\">Sol\u00b7licitud preinscripci\u00f3<\/a><\/p>\n<p><a href=\"http:\/\/queestudiar.gencat.cat\/ca\/preinscripcio\/estudis\/obligatoris\/documentacio\/\" target=\"_blank\" rel=\"noopener noreferrer\">Documentaci\u00f3 i<\/a> <a href=\"http:\/\/queestudiar.gencat.cat\/ca\/preinscripcio\/estudis\/obligatoris\/documentacio\/\" target=\"_blank\" rel=\"noopener noreferrer\">criteris de puntuaci\u00f3<\/a><\/p>\n<p><a href=\"http:\/\/queestudiar.gencat.cat\/ca\/preinscripcio\/estudis\/obligatoris\/calendari\/\" target=\"_blank\" rel=\"noopener noreferrer\">Calendari:<\/a><\/p>\n<div class=\"FW_sPregunta FW_sImpacte\">\n<h4 id=\"FW_bloc_5ff9132d-55e8-11e4-aafa-000c29f68999_1\" class=\"FW_ancora\" style=\"text-align: justify;\">Preinscripci\u00f3<\/h4>\n<div class=\"FW_sArticleFoto\" style=\"text-align: justify;\">\n<div class=\"FW_sEditPro\">\n<ul>\n<li>Oferta inicial de places escolars: 27 de mar\u00e7 de 2019<\/li>\n<li>Presentaci\u00f3 de sol\u00b7licituds:\u00a0<strong>del 29 de mar\u00e7 al 9 d&#8217;abril\u00a0de 2019<\/strong><\/li>\n<li>Presentaci\u00f3 de documentaci\u00f3: fins al 10 d&#8217;abril de 2019<\/li>\n<li>Llista de sol\u00b7licituds amb la puntuaci\u00f3 provisional: 26 d&#8217;abril de 2019<\/li>\n<li>Presentaci\u00f3 de reclamacions: del 29 d&#8217;abril al 3 de maig de 2019<\/li>\n<li>Llista de sol\u00b7licituds amb la puntuaci\u00f3 un cop resoltes les reclamacions: 8 de maig de 2019<\/li>\n<li>Sorteig del n\u00famero de desempat: 9 de maig de 2019, a les 11 h, als serveis centrals del\u00a0Departament d&#8217;Educaci\u00f3 (Via Augusta, 202, Barcelona)<\/li>\n<li>Llista ordenada definitiva: 14 de maig de 2019<\/li>\n<li>Ampliaci\u00f3 de petici\u00f3 de centres per a les sol\u00b7licituds que no han obtingut cap assignaci\u00f3 (assignaci\u00f3 d&#8217;ofici): del 30 de maig al 3 de juny de 2019<\/li>\n<li>Oferta final de places escolars: 11 de juny de 2019<\/li>\n<li>Llista d&#8217;alumnes admesos i\u00a0llista d&#8217;espera: 12 de juny\u00a0de 2019<\/li>\n<\/ul>\n<\/div>\n<\/div>\n<div class=\"FW_clear FW_hrBlanc\" style=\"text-align: justify;\"><\/div>\n<\/div>\n<div class=\"FW_sTitolFons\" style=\"text-align: justify;\">\u00a0<span style=\"font-size: 1.4375em; font-weight: bold;\">Matr\u00edcula<\/span><\/div>\n<div class=\"FW_sPregunta FW_sImpacte\">\n<div class=\"FW_sArticleFoto\">\n<div class=\"FW_sEditPro\">\n<ul style=\"text-align: justify;\">\n<li>Alumnes preinscrits amb pla\u00e7a assignada a segon cicle d&#8217;educaci\u00f3 infantil, educaci\u00f3 prim\u00e0ria i primer curs d&#8217;ESO:\u00a0<strong>del\u00a020 al 26 de juny de 2019<\/strong><\/li>\n<\/ul>\n<p style=\"text-align: justify;\">La llista d&#8217;alumnes matriculats al centre procedents del\u00a0proc\u00e9s de preinscripci\u00f3 i admissi\u00f3 es publica l&#8217;1 d&#8217;octubre de 2019.<\/p>\n<\/div>\n<\/div>\n<\/div>\n<p><a href=\"http:\/\/queestudiar.gencat.cat\/ca\/preinscripcio\/estudis\/obligatoris\/\" target=\"_blank\" rel=\"noopener noreferrer\">+ informaci\u00f3<\/a><\/p>\n<p>&nbsp;<\/p>\n","protected":false},"excerpt":{"rendered":"<p>Les dates de preinscripci\u00f3 pel curs 2019-20 s\u00f3n del 29 de mar\u00e7 al 9 d&#8217;abril de 2019. L&#8217;horari d&#8217;atenci\u00f3 per les preinscripcions de l&#8217;Escola Les Ferreries de Palafolls (codi de centre: 08022598) s\u00f3n:<\/p>\n","protected":false},"author":65,"featured_media":5898,"comment_status":"open","ping_status":"closed","sticky":false,"template":"","format":"standard","meta":{"_bbp_topic_count":0,"_bbp_reply_count":0,"_bbp_total_topic_count":0,"_bbp_total_reply_count":0,"_bbp_voice_count":0,"_bbp_anonymous_reply_count":0,"_bbp_topic_count_hidden":0,"_bbp_reply_count_hidden":0,"_bbp_forum_subforum_count":0,"site-sidebar-layout":"default","site-content-layout":"","ast-site-content-layout":"","site-content-style":"default","site-sidebar-style":"default","ast-global-header-display":"","ast-banner-title-visibility":"","ast-main-header-display":"","ast-hfb-above-header-display":"","ast-hfb-below-header-display":"","ast-hfb-mobile-header-display":"","site-post-title":"","ast-breadcrumbs-content":"","ast-featured-img":"","footer-sml-layout":"","theme-transparent-header-meta":"","adv-header-id-meta":"","stick-header-meta":"","header-above-stick-meta":"","header-main-stick-meta":"","header-below-stick-meta":"","astra-migrate-meta-layouts":"default","ast-page-background-enabled":"default","ast-page-background-meta":{"desktop":{"background-color":"var(--ast-global-color-4)","background-image":"","background-repeat":"repeat","background-position":"center center","background-size":"auto","background-attachment":"scroll","background-type":"","background-media":"","overlay-type":"","overlay-color":"","overlay-opacity":"","overlay-gradient":""},"tablet":{"background-color":"","background-image":"","background-repeat":"repeat","background-position":"center center","background-size":"auto","background-attachment":"scroll","background-type":"","background-media":"","overlay-type":"","overlay-color":"","overlay-opacity":"","overlay-gradient":""},"mobile":{"background-color":"","background-image":"","background-repeat":"repeat","background-position":"center center","background-size":"auto","background-attachment":"scroll","background-type":"","background-media":"","overlay-type":"","overlay-color":"","overlay-opacity":"","overlay-gradient":""}},"ast-content-background-meta":{"desktop":{"background-color":"var(--ast-global-color-5)","background-image":"","background-repeat":"repeat","background-position":"center center","background-size":"auto","background-attachment":"scroll","background-type":"","background-media":"","overlay-type":"","overlay-color":"","overlay-opacity":"","overlay-gradient":""},"tablet":{"background-color":"var(--ast-global-color-5)","background-image":"","background-repeat":"repeat","background-position":"center center","background-size":"auto","background-attachment":"scroll","background-type":"","background-media":"","overlay-type":"","overlay-color":"","overlay-opacity":"","overlay-gradient":""},"mobile":{"background-color":"var(--ast-global-color-5)","background-image":"","background-repeat":"repeat","background-position":"center center","background-size":"auto","background-attachment":"scroll","background-type":"","background-media":"","overlay-type":"","overlay-color":"","overlay-opacity":"","overlay-gradient":""}},"footnotes":""},"categories":[1,4],"tags":[616,615],"class_list":["post-5897","post","type-post","status-publish","format-standard","has-post-thumbnail","hentry","category-general","category-portada","tag-2019-20","tag-preinscripcio"],"post_mailing_queue_ids":[],"_links":{"self":[{"href":"https:\/\/agora.xtec.cat\/ceip-lesferreries-palafolls\/wp-json\/wp\/v2\/posts\/5897","targetHints":{"allow":["GET"]}}],"collection":[{"href":"https:\/\/agora.xtec.cat\/ceip-lesferreries-palafolls\/wp-json\/wp\/v2\/posts"}],"about":[{"href":"https:\/\/agora.xtec.cat\/ceip-lesferreries-palafolls\/wp-json\/wp\/v2\/types\/post"}],"author":[{"embeddable":true,"href":"https:\/\/agora.xtec.cat\/ceip-lesferreries-palafolls\/wp-json\/wp\/v2\/users\/65"}],"replies":[{"embeddable":true,"href":"https:\/\/agora.xtec.cat\/ceip-lesferreries-palafolls\/wp-json\/wp\/v2\/comments?post=5897"}],"version-history":[{"count":4,"href":"https:\/\/agora.xtec.cat\/ceip-lesferreries-palafolls\/wp-json\/wp\/v2\/posts\/5897\/revisions"}],"predecessor-version":[{"id":6274,"href":"https:\/\/agora.xtec.cat\/ceip-lesferreries-palafolls\/wp-json\/wp\/v2\/posts\/5897\/revisions\/6274"}],"wp:featuredmedia":[{"embeddable":true,"href":"https:\/\/agora.xtec.cat\/ceip-lesferreries-palafolls\/wp-json\/wp\/v2\/media\/5898"}],"wp:attachment":[{"href":"https:\/\/agora.xtec.cat\/ceip-lesferreries-palafolls\/wp-json\/wp\/v2\/media?parent=5897"}],"wp:term":[{"taxonomy":"category","embeddable":true,"href":"https:\/\/agora.xtec.cat\/ceip-lesferreries-palafolls\/wp-json\/wp\/v2\/categories?post=5897"},{"taxonomy":"post_tag","embeddable":true,"href":"https:\/\/agora.xtec.cat\/ceip-lesferreries-palafolls\/wp-json\/wp\/v2\/tags?post=5897"}],"curies":[{"name":"wp","href":"https:\/\/api.w.org\/{rel}","templated":true}]}}