{"id":5831,"date":"2019-03-12T15:57:16","date_gmt":"2019-03-12T14:57:16","guid":{"rendered":"http:\/\/agora.xtec.cat\/ceip-lesferreries-palafolls\/?p=5831"},"modified":"2019-03-12T15:57:16","modified_gmt":"2019-03-12T14:57:16","slug":"taller-dalimentacio-saludable-nutrixef","status":"publish","type":"post","link":"https:\/\/agora.xtec.cat\/ceip-lesferreries-palafolls\/general\/taller-dalimentacio-saludable-nutrixef\/","title":{"rendered":"Taller d&#8217;alimentaci\u00f3 saludable Nutrixef"},"content":{"rendered":"<p>Els alumnes de 3r, el dimarts 12 de mar\u00e7, vam realitzar un taller concurs d&#8217;alimentaci\u00f3 saludable que ofereix el Departament d&#8217;Agricultura i Ramaderia, degut a que participem al programa escolar de consum de fruita.<\/p>\n<p>Ens van visitar Miss Carrot i Miss Br\u00f2quil per organitzar un \u00a0divertit concurs de cuina saludable a cada classe de 3r.<\/p>\n<p>Primer, vam comen\u00e7ar amb\u00a0 una connexi\u00f3 en directe amb el Superxef \u2026.., que ens va mostrar el contingut de la seva cistella de la compra, per donar-nos aix\u00ed, les claus d\u2019una alimentaci\u00f3 sana, ecol\u00f2gica i amb productes de proximitat.<\/p>\n<p>Immediatament despr\u00e9s, va comen\u00e7ar el concurs!!!!<\/p>\n<p>En la primera prova, cada equip havia de fer una compra d\u2019acord amb els criteris anteriors i passar la supervisi\u00f3 de les nostres xefs. Tots vam rebre molt bona puntuaci\u00f3.<\/p>\n<p>En la segona i la tercera activitat vam haver de posar a prova els nostres sentits. Inicialment el tacte, ficant les mans en una capsa per recon\u00e8ixer les fruites o verdures amagades i, posteriorment, el gust, identificant amb els ulls tapats els trossos de fruita tastats.<\/p>\n<p>Tot plegat, ha estat\u00a0 un aprenentatge molt, molt divertit, per celebrar l\u2019\u00e8xit de tots els equips en el concurs, vam finalitzar amb un superfest\u00ed de fruites i iogurt. Tamb\u00e9 ens han premiat amb una recepta, un iman per cada nen i nena i un diploma per la classe.<\/p>\n<p>En el seg\u00fcent enlla\u00e7 trobareu les fotos del taller:<\/p>\n<p><a href=\"https:\/\/photos.app.goo.gl\/qU2GyWaNWZLpiHqA7\">Taller concurs d&#8217;alimentaci\u00f3 saludable 3r 12.3.19<\/a><\/p>\n","protected":false},"excerpt":{"rendered":"<p>Els alumnes de 3r, el dimarts 12 de mar\u00e7, vam realitzar un taller concurs d&#8217;alimentaci\u00f3 saludable que ofereix el Departament d&#8217;Agricultura i Ramaderia, degut a que participem al programa escolar de consum de fruita. Ens van visitar Miss Carrot i Miss Br\u00f2quil per organitzar un \u00a0divertit concurs de cuina saludable a cada classe de 3r. [&hellip;]<\/p>\n","protected":false},"author":65,"featured_media":5832,"comment_status":"open","ping_status":"closed","sticky":false,"template":"","format":"standard","meta":{"_bbp_topic_count":0,"_bbp_reply_count":0,"_bbp_total_topic_count":0,"_bbp_total_reply_count":0,"_bbp_voice_count":0,"_bbp_anonymous_reply_count":0,"_bbp_topic_count_hidden":0,"_bbp_reply_count_hidden":0,"_bbp_forum_subforum_count":0,"site-sidebar-layout":"default","site-content-layout":"","ast-site-content-layout":"","site-content-style":"default","site-sidebar-style":"default","ast-global-header-display":"","ast-banner-title-visibility":"","ast-main-header-display":"","ast-hfb-above-header-display":"","ast-hfb-below-header-display":"","ast-hfb-mobile-header-display":"","site-post-title":"","ast-breadcrumbs-content":"","ast-featured-img":"","footer-sml-layout":"","theme-transparent-header-meta":"","adv-header-id-meta":"","stick-header-meta":"","header-above-stick-meta":"","header-main-stick-meta":"","header-below-stick-meta":"","astra-migrate-meta-layouts":"default","ast-page-background-enabled":"default","ast-page-background-meta":{"desktop":{"background-color":"var(--ast-global-color-4)","background-image":"","background-repeat":"repeat","background-position":"center center","background-size":"auto","background-attachment":"scroll","background-type":"","background-media":"","overlay-type":"","overlay-color":"","overlay-opacity":"","overlay-gradient":""},"tablet":{"background-color":"","background-image":"","background-repeat":"repeat","background-position":"center center","background-size":"auto","background-attachment":"scroll","background-type":"","background-media":"","overlay-type":"","overlay-color":"","overlay-opacity":"","overlay-gradient":""},"mobile":{"background-color":"","background-image":"","background-repeat":"repeat","background-position":"center center","background-size":"auto","background-attachment":"scroll","background-type":"","background-media":"","overlay-type":"","overlay-color":"","overlay-opacity":"","overlay-gradient":""}},"ast-content-background-meta":{"desktop":{"background-color":"var(--ast-global-color-5)","background-image":"","background-repeat":"repeat","background-position":"center center","background-size":"auto","background-attachment":"scroll","background-type":"","background-media":"","overlay-type":"","overlay-color":"","overlay-opacity":"","overlay-gradient":""},"tablet":{"background-color":"var(--ast-global-color-5)","background-image":"","background-repeat":"repeat","background-position":"center center","background-size":"auto","background-attachment":"scroll","background-type":"","background-media":"","overlay-type":"","overlay-color":"","overlay-opacity":"","overlay-gradient":""},"mobile":{"background-color":"var(--ast-global-color-5)","background-image":"","background-repeat":"repeat","background-position":"center center","background-size":"auto","background-attachment":"scroll","background-type":"","background-media":"","overlay-type":"","overlay-color":"","overlay-opacity":"","overlay-gradient":""}},"footnotes":""},"categories":[1,4],"tags":[397,182],"class_list":["post-5831","post","type-post","status-publish","format-standard","has-post-thumbnail","hentry","category-general","category-portada","tag-alimentacio-saludable","tag-taller"],"post_mailing_queue_ids":[],"_links":{"self":[{"href":"https:\/\/agora.xtec.cat\/ceip-lesferreries-palafolls\/wp-json\/wp\/v2\/posts\/5831","targetHints":{"allow":["GET"]}}],"collection":[{"href":"https:\/\/agora.xtec.cat\/ceip-lesferreries-palafolls\/wp-json\/wp\/v2\/posts"}],"about":[{"href":"https:\/\/agora.xtec.cat\/ceip-lesferreries-palafolls\/wp-json\/wp\/v2\/types\/post"}],"author":[{"embeddable":true,"href":"https:\/\/agora.xtec.cat\/ceip-lesferreries-palafolls\/wp-json\/wp\/v2\/users\/65"}],"replies":[{"embeddable":true,"href":"https:\/\/agora.xtec.cat\/ceip-lesferreries-palafolls\/wp-json\/wp\/v2\/comments?post=5831"}],"version-history":[{"count":1,"href":"https:\/\/agora.xtec.cat\/ceip-lesferreries-palafolls\/wp-json\/wp\/v2\/posts\/5831\/revisions"}],"predecessor-version":[{"id":5833,"href":"https:\/\/agora.xtec.cat\/ceip-lesferreries-palafolls\/wp-json\/wp\/v2\/posts\/5831\/revisions\/5833"}],"wp:featuredmedia":[{"embeddable":true,"href":"https:\/\/agora.xtec.cat\/ceip-lesferreries-palafolls\/wp-json\/wp\/v2\/media\/5832"}],"wp:attachment":[{"href":"https:\/\/agora.xtec.cat\/ceip-lesferreries-palafolls\/wp-json\/wp\/v2\/media?parent=5831"}],"wp:term":[{"taxonomy":"category","embeddable":true,"href":"https:\/\/agora.xtec.cat\/ceip-lesferreries-palafolls\/wp-json\/wp\/v2\/categories?post=5831"},{"taxonomy":"post_tag","embeddable":true,"href":"https:\/\/agora.xtec.cat\/ceip-lesferreries-palafolls\/wp-json\/wp\/v2\/tags?post=5831"}],"curies":[{"name":"wp","href":"https:\/\/api.w.org\/{rel}","templated":true}]}}