{"id":5487,"date":"2018-12-20T17:17:24","date_gmt":"2018-12-20T16:17:24","guid":{"rendered":"http:\/\/agora.xtec.cat\/ceip-lesferreries-palafolls\/?p=5487"},"modified":"2019-01-09T23:11:26","modified_gmt":"2019-01-09T22:11:26","slug":"nadal-2018","status":"publish","type":"post","link":"https:\/\/agora.xtec.cat\/ceip-lesferreries-palafolls\/general\/nadal-2018\/","title":{"rendered":"Nadal 2018"},"content":{"rendered":"<p>En el seg\u00fcent article trobareu tots els \u00e0lbums i v\u00eddeos d&#8217;aquesta setmana tan especial repleta d&#8217;activitats. Al final de l&#8217;article, trobareu el v\u00eddeo que hem fet els mestres per desitjar-vos unes bones festes.<\/p>\n<p>Tots els mestres i personal de l&#8217;escola us desitgem unes Bones Festes i un Feli\u00e7 2019!!! Ens retrobem el 8 de gener!!!<\/p>\n<p><a href=\"https:\/\/photos.app.goo.gl\/nXd3NAvfGssag2MU6\" target=\"_blank\" rel=\"noopener\">Cantata Nadal<\/a><\/p>\n<p><a href=\"https:\/\/photos.app.goo.gl\/kvpJkr7nFRTCwNg5A\" target=\"_blank\" rel=\"noopener\">Ti\u00f3 Educaci\u00f3 Infantil<\/a><\/p>\n<p><a href=\"https:\/\/photos.app.goo.gl\/JqSatb2tux7mdcV8A\" target=\"_blank\" rel=\"noopener\">Ti\u00f3 Cicle Inicial<\/a><\/p>\n<p><a href=\"https:\/\/photos.app.goo.gl\/MwoXdY2XSucESAicA\" target=\"_blank\" rel=\"noopener\">Patges reials<\/a><\/p>\n<p><a href=\"https:\/\/photos.app.goo.gl\/jybhiFmhpJ244CGJA\" target=\"_blank\" rel=\"noopener\">Amic invisible 4tC<\/a><\/p>\n<p><a href=\"https:\/\/photos.app.goo.gl\/SN7Tvj6qBpsCfn6B6\" target=\"_blank\" rel=\"noopener\">Calendari d&#8217;advent 3r<\/a><\/p>\n<p style=\"text-align: left;\"><a href=\"https:\/\/photos.app.goo.gl\/hp5Z74AFGF2Z5hBB9\">\u00a0 Amic invisible 5B<\/a><\/p>\n<p style=\"text-align: left;\"><a href=\"https:\/\/photos.app.goo.gl\/yF7bCSJDjQJW7ScM9\">Manualitat Nadal 5B<\/a><\/p>\n<p><iframe loading=\"lazy\" src=\"https:\/\/www.youtube.com\/embed\/BmkxTAGEE3U\" width=\"560\" height=\"315\" frameborder=\"0\" allowfullscreen=\"allowfullscreen\"><\/iframe><\/p>\n","protected":false},"excerpt":{"rendered":"<p>En el seg\u00fcent article trobareu tots els \u00e0lbums i v\u00eddeos d&#8217;aquesta setmana tan especial repleta d&#8217;activitats. Al final de l&#8217;article, trobareu el v\u00eddeo que hem fet els mestres per desitjar-vos unes bones festes. Tots els mestres i personal de l&#8217;escola us desitgem unes Bones Festes i un Feli\u00e7 2019!!! Ens retrobem el 8 de gener!!! [&hellip;]<\/p>\n","protected":false},"author":65,"featured_media":5488,"comment_status":"open","ping_status":"closed","sticky":false,"template":"","format":"standard","meta":{"_bbp_topic_count":0,"_bbp_reply_count":0,"_bbp_total_topic_count":0,"_bbp_total_reply_count":0,"_bbp_voice_count":0,"_bbp_anonymous_reply_count":0,"_bbp_topic_count_hidden":0,"_bbp_reply_count_hidden":0,"_bbp_forum_subforum_count":0,"site-sidebar-layout":"default","site-content-layout":"","ast-site-content-layout":"","site-content-style":"default","site-sidebar-style":"default","ast-global-header-display":"","ast-banner-title-visibility":"","ast-main-header-display":"","ast-hfb-above-header-display":"","ast-hfb-below-header-display":"","ast-hfb-mobile-header-display":"","site-post-title":"","ast-breadcrumbs-content":"","ast-featured-img":"","footer-sml-layout":"","theme-transparent-header-meta":"","adv-header-id-meta":"","stick-header-meta":"","header-above-stick-meta":"","header-main-stick-meta":"","header-below-stick-meta":"","astra-migrate-meta-layouts":"default","ast-page-background-enabled":"default","ast-page-background-meta":{"desktop":{"background-color":"var(--ast-global-color-4)","background-image":"","background-repeat":"repeat","background-position":"center center","background-size":"auto","background-attachment":"scroll","background-type":"","background-media":"","overlay-type":"","overlay-color":"","overlay-opacity":"","overlay-gradient":""},"tablet":{"background-color":"","background-image":"","background-repeat":"repeat","background-position":"center center","background-size":"auto","background-attachment":"scroll","background-type":"","background-media":"","overlay-type":"","overlay-color":"","overlay-opacity":"","overlay-gradient":""},"mobile":{"background-color":"","background-image":"","background-repeat":"repeat","background-position":"center center","background-size":"auto","background-attachment":"scroll","background-type":"","background-media":"","overlay-type":"","overlay-color":"","overlay-opacity":"","overlay-gradient":""}},"ast-content-background-meta":{"desktop":{"background-color":"var(--ast-global-color-5)","background-image":"","background-repeat":"repeat","background-position":"center center","background-size":"auto","background-attachment":"scroll","background-type":"","background-media":"","overlay-type":"","overlay-color":"","overlay-opacity":"","overlay-gradient":""},"tablet":{"background-color":"var(--ast-global-color-5)","background-image":"","background-repeat":"repeat","background-position":"center center","background-size":"auto","background-attachment":"scroll","background-type":"","background-media":"","overlay-type":"","overlay-color":"","overlay-opacity":"","overlay-gradient":""},"mobile":{"background-color":"var(--ast-global-color-5)","background-image":"","background-repeat":"repeat","background-position":"center center","background-size":"auto","background-attachment":"scroll","background-type":"","background-media":"","overlay-type":"","overlay-color":"","overlay-opacity":"","overlay-gradient":""}},"footnotes":""},"categories":[22,33,320,34,1,4],"tags":[531,223,582,583,222],"class_list":["post-5487","post","type-post","status-publish","format-standard","has-post-thumbnail","hentry","category-activitats","category-educacio-infantil","category-educacio-primaria","category-festes-populars","category-general","category-portada","tag-cantata","tag-nadal","tag-nadal-2018","tag-patges","tag-tio"],"post_mailing_queue_ids":[],"_links":{"self":[{"href":"https:\/\/agora.xtec.cat\/ceip-lesferreries-palafolls\/wp-json\/wp\/v2\/posts\/5487","targetHints":{"allow":["GET"]}}],"collection":[{"href":"https:\/\/agora.xtec.cat\/ceip-lesferreries-palafolls\/wp-json\/wp\/v2\/posts"}],"about":[{"href":"https:\/\/agora.xtec.cat\/ceip-lesferreries-palafolls\/wp-json\/wp\/v2\/types\/post"}],"author":[{"embeddable":true,"href":"https:\/\/agora.xtec.cat\/ceip-lesferreries-palafolls\/wp-json\/wp\/v2\/users\/65"}],"replies":[{"embeddable":true,"href":"https:\/\/agora.xtec.cat\/ceip-lesferreries-palafolls\/wp-json\/wp\/v2\/comments?post=5487"}],"version-history":[{"count":2,"href":"https:\/\/agora.xtec.cat\/ceip-lesferreries-palafolls\/wp-json\/wp\/v2\/posts\/5487\/revisions"}],"predecessor-version":[{"id":5536,"href":"https:\/\/agora.xtec.cat\/ceip-lesferreries-palafolls\/wp-json\/wp\/v2\/posts\/5487\/revisions\/5536"}],"wp:featuredmedia":[{"embeddable":true,"href":"https:\/\/agora.xtec.cat\/ceip-lesferreries-palafolls\/wp-json\/wp\/v2\/media\/5488"}],"wp:attachment":[{"href":"https:\/\/agora.xtec.cat\/ceip-lesferreries-palafolls\/wp-json\/wp\/v2\/media?parent=5487"}],"wp:term":[{"taxonomy":"category","embeddable":true,"href":"https:\/\/agora.xtec.cat\/ceip-lesferreries-palafolls\/wp-json\/wp\/v2\/categories?post=5487"},{"taxonomy":"post_tag","embeddable":true,"href":"https:\/\/agora.xtec.cat\/ceip-lesferreries-palafolls\/wp-json\/wp\/v2\/tags?post=5487"}],"curies":[{"name":"wp","href":"https:\/\/api.w.org\/{rel}","templated":true}]}}