{"id":5076,"date":"2018-06-20T20:51:58","date_gmt":"2018-06-20T18:51:58","guid":{"rendered":"http:\/\/agora.xtec.cat\/ceip-lesferreries-palafolls\/?p=5076"},"modified":"2021-11-06T20:07:48","modified_gmt":"2021-11-06T19:07:48","slug":"3a-jornada-safs-2018-dimecres-20-de-juny-2018","status":"publish","type":"post","link":"https:\/\/agora.xtec.cat\/ceip-lesferreries-palafolls\/general\/3a-jornada-safs-2018-dimecres-20-de-juny-2018\/","title":{"rendered":"3a Jornada SAFS 2018. Dimecres 20 de juny 2018"},"content":{"rendered":"<p>Avui hem celebrat la 3a jornada de les SAFS 2018, on els m\u00e9s petits de l&#8217;escola (P3, P4 i P5) han realitzat una gimcana de jocs d&#8217;arreu del m\u00f3n organitzada i dirigida pels alumnes de 5\u00e8 de prim\u00e0ria. Els alumnes de 1r i 2n han conegut i practicat l&#8217;Spiribol; els de 3r el Muay Thai; els de 4t han anat caminant al pavell\u00f3 de la Figuerassa i han rebut una sessi\u00f3 d&#8217;entrenament de futbol sala a c\u00e0rrec de l&#8217;equip de Sant Llu\u00eds; i, per acabar, els alumnes de 5\u00e8 C han practicat Taekwondo al camp de futbol.<\/p>\n<p>En els seg\u00fcents enlla\u00e7os trobareu les fotos de les diferents activitats:<\/p>\n<p>&#8211; <a href=\"https:\/\/photos.app.goo.gl\/yT7ovczU3pBC3KWd7\" target=\"_blank\" rel=\"noopener noreferrer\">Gimcana de jocs del m\u00f3n EI i 5\u00e8<\/a><br \/>\n&#8211; <a href=\"https:\/\/photos.app.goo.gl\/uton7tJiG2NbdDx77\" target=\"_blank\" rel=\"noopener noreferrer\">Spiribol 1r i 2n\u00a0<\/a><br \/>\n&#8211; <a href=\"https:\/\/photos.app.goo.gl\/fnPCZ4tMRRh7n1QD9\" target=\"_blank\" rel=\"noopener noreferrer\">Muay Thai 3r<\/a><br \/>\n&#8211; <a href=\"https:\/\/photos.app.goo.gl\/7X8pVePWfcHFGb3J9\" target=\"_blank\" rel=\"noopener noreferrer\">Tastet de futbol sala 4t<\/a><br \/>\n&#8211; <a href=\"https:\/\/photos.app.goo.gl\/YYN2riwYVtBRQcqZA\" target=\"_blank\" rel=\"noopener noreferrer\">Taekwondo 5\u00e8C<\/a><\/p>\n","protected":false},"excerpt":{"rendered":"<p>Avui hem celebrat la 3a jornada de les SAFS 2018, on els m\u00e9s petits de l&#8217;escola (P3, P4 i P5) han realitzat una gimcana de jocs d&#8217;arreu del m\u00f3n organitzada i dirigida pels alumnes de 5\u00e8 de prim\u00e0ria. Els alumnes de 1r i 2n han conegut i practicat l&#8217;Spiribol; els de 3r el Muay Thai; [&hellip;]<\/p>\n","protected":false},"author":65,"featured_media":20377,"comment_status":"open","ping_status":"closed","sticky":false,"template":"","format":"standard","meta":{"_bbp_topic_count":0,"_bbp_reply_count":0,"_bbp_total_topic_count":0,"_bbp_total_reply_count":0,"_bbp_voice_count":0,"_bbp_anonymous_reply_count":0,"_bbp_topic_count_hidden":0,"_bbp_reply_count_hidden":0,"_bbp_forum_subforum_count":0,"site-sidebar-layout":"default","site-content-layout":"","ast-site-content-layout":"","site-content-style":"default","site-sidebar-style":"default","ast-global-header-display":"","ast-banner-title-visibility":"","ast-main-header-display":"","ast-hfb-above-header-display":"","ast-hfb-below-header-display":"","ast-hfb-mobile-header-display":"","site-post-title":"","ast-breadcrumbs-content":"","ast-featured-img":"","footer-sml-layout":"","theme-transparent-header-meta":"","adv-header-id-meta":"","stick-header-meta":"","header-above-stick-meta":"","header-main-stick-meta":"","header-below-stick-meta":"","astra-migrate-meta-layouts":"default","ast-page-background-enabled":"default","ast-page-background-meta":{"desktop":{"background-color":"var(--ast-global-color-4)","background-image":"","background-repeat":"repeat","background-position":"center center","background-size":"auto","background-attachment":"scroll","background-type":"","background-media":"","overlay-type":"","overlay-color":"","overlay-opacity":"","overlay-gradient":""},"tablet":{"background-color":"","background-image":"","background-repeat":"repeat","background-position":"center center","background-size":"auto","background-attachment":"scroll","background-type":"","background-media":"","overlay-type":"","overlay-color":"","overlay-opacity":"","overlay-gradient":""},"mobile":{"background-color":"","background-image":"","background-repeat":"repeat","background-position":"center center","background-size":"auto","background-attachment":"scroll","background-type":"","background-media":"","overlay-type":"","overlay-color":"","overlay-opacity":"","overlay-gradient":""}},"ast-content-background-meta":{"desktop":{"background-color":"var(--ast-global-color-5)","background-image":"","background-repeat":"repeat","background-position":"center center","background-size":"auto","background-attachment":"scroll","background-type":"","background-media":"","overlay-type":"","overlay-color":"","overlay-opacity":"","overlay-gradient":""},"tablet":{"background-color":"var(--ast-global-color-5)","background-image":"","background-repeat":"repeat","background-position":"center center","background-size":"auto","background-attachment":"scroll","background-type":"","background-media":"","overlay-type":"","overlay-color":"","overlay-opacity":"","overlay-gradient":""},"mobile":{"background-color":"var(--ast-global-color-5)","background-image":"","background-repeat":"repeat","background-position":"center center","background-size":"auto","background-attachment":"scroll","background-type":"","background-media":"","overlay-type":"","overlay-color":"","overlay-opacity":"","overlay-gradient":""}},"footnotes":""},"categories":[1,4,552,323],"tags":[562,171,563,561,553,392,556],"class_list":["post-5076","post","type-post","status-publish","format-standard","has-post-thumbnail","hentry","category-general","category-portada","category-safs-2018","category-setmana-de-lactivitat-fisica-i-la-salut","tag-futbol-sala","tag-gimcana","tag-jocs-del-mon","tag-muay-thai","tag-safs-2018","tag-spiribol","tag-taekwondo"],"post_mailing_queue_ids":[],"_links":{"self":[{"href":"https:\/\/agora.xtec.cat\/ceip-lesferreries-palafolls\/wp-json\/wp\/v2\/posts\/5076","targetHints":{"allow":["GET"]}}],"collection":[{"href":"https:\/\/agora.xtec.cat\/ceip-lesferreries-palafolls\/wp-json\/wp\/v2\/posts"}],"about":[{"href":"https:\/\/agora.xtec.cat\/ceip-lesferreries-palafolls\/wp-json\/wp\/v2\/types\/post"}],"author":[{"embeddable":true,"href":"https:\/\/agora.xtec.cat\/ceip-lesferreries-palafolls\/wp-json\/wp\/v2\/users\/65"}],"replies":[{"embeddable":true,"href":"https:\/\/agora.xtec.cat\/ceip-lesferreries-palafolls\/wp-json\/wp\/v2\/comments?post=5076"}],"version-history":[{"count":1,"href":"https:\/\/agora.xtec.cat\/ceip-lesferreries-palafolls\/wp-json\/wp\/v2\/posts\/5076\/revisions"}],"predecessor-version":[{"id":5077,"href":"https:\/\/agora.xtec.cat\/ceip-lesferreries-palafolls\/wp-json\/wp\/v2\/posts\/5076\/revisions\/5077"}],"wp:featuredmedia":[{"embeddable":true,"href":"https:\/\/agora.xtec.cat\/ceip-lesferreries-palafolls\/wp-json\/wp\/v2\/media\/20377"}],"wp:attachment":[{"href":"https:\/\/agora.xtec.cat\/ceip-lesferreries-palafolls\/wp-json\/wp\/v2\/media?parent=5076"}],"wp:term":[{"taxonomy":"category","embeddable":true,"href":"https:\/\/agora.xtec.cat\/ceip-lesferreries-palafolls\/wp-json\/wp\/v2\/categories?post=5076"},{"taxonomy":"post_tag","embeddable":true,"href":"https:\/\/agora.xtec.cat\/ceip-lesferreries-palafolls\/wp-json\/wp\/v2\/tags?post=5076"}],"curies":[{"name":"wp","href":"https:\/\/api.w.org\/{rel}","templated":true}]}}