{"id":5071,"date":"2018-06-19T20:00:41","date_gmt":"2018-06-19T18:00:41","guid":{"rendered":"http:\/\/agora.xtec.cat\/ceip-lesferreries-palafolls\/?p=5071"},"modified":"2021-11-06T20:09:44","modified_gmt":"2021-11-06T19:09:44","slug":"2a-jornada-de-les-safs-2018-dimarts-19-de-juny","status":"publish","type":"post","link":"https:\/\/agora.xtec.cat\/ceip-lesferreries-palafolls\/portada\/2a-jornada-de-les-safs-2018-dimarts-19-de-juny\/","title":{"rendered":"2a jornada de les SAFS 2018. Dimarts 19 de juny."},"content":{"rendered":"<p>Avui, ha sigut el torn de la popular cursa atl\u00e8tica, la qual la corren tots els nens i nenes de l&#8217;escola. Aquest any, ha comptat amb una novetat: enlloc de fer-la dins del centre, hem sortit al carrer i, d&#8217;aquesta mare, pares, mares, familiars i amics han animat a tots els corredors. Gr\u00e0cies per la vostra assist\u00e8ncia i donar m\u00e9s caliu a aquesta activitat.<\/p>\n<p>Despr\u00e9s del pati, els\/les alumnes de 1r i 2n de prim\u00e0ria han mogut l&#8217;esquelet ballant can\u00e7ons motrius, els de 5\u00e8 B han practicat taekwondo i els de 6\u00e8 han conegut i practicat les bitlles catalanes gr\u00e0cies a &#8220;La Penya del Bistec&#8221; de Tordera.<\/p>\n<p>En els seg\u00fcents enlla\u00e7os podreu accedir a les fotos de les diferents activitats:<\/p>\n<ul>\n<li><a href=\"https:\/\/photos.app.goo.gl\/KdabjF7mSs44gjs89\" target=\"_blank\" rel=\"noopener noreferrer\">Cursa atl\u00e8tica SAFS 2018<\/a><\/li>\n<li><a href=\"https:\/\/photos.app.goo.gl\/WN82BTGGbrYTdJPm9\" target=\"_blank\" rel=\"noopener noreferrer\">Balls i can\u00e7ons motrius 1r i 2n de prim\u00e0ria<\/a><\/li>\n<li><a href=\"https:\/\/photos.app.goo.gl\/vxLuhhJPyu6mf5GW6\" target=\"_blank\" rel=\"noopener noreferrer\">Taekwondo 5\u00e8 B<\/a><\/li>\n<li><a href=\"https:\/\/photos.app.goo.gl\/VjcPi468DQo468V98\" target=\"_blank\" rel=\"noopener noreferrer\">Bitlles catalanes amb &#8220;La Penya del Bistec&#8221; 6\u00e8.\u00a0<\/a><\/li>\n<\/ul>\n","protected":false},"excerpt":{"rendered":"<p>Avui, ha sigut el torn de la popular cursa atl\u00e8tica, la qual la corren tots els nens i nenes de l&#8217;escola. Aquest any, ha comptat amb una novetat: enlloc de fer-la dins del centre, hem sortit al carrer i, d&#8217;aquesta mare, pares, mares, familiars i amics han animat a tots els corredors. Gr\u00e0cies per la [&hellip;]<\/p>\n","protected":false},"author":65,"featured_media":20378,"comment_status":"open","ping_status":"closed","sticky":false,"template":"","format":"standard","meta":{"_bbp_topic_count":0,"_bbp_reply_count":0,"_bbp_total_topic_count":0,"_bbp_total_reply_count":0,"_bbp_voice_count":0,"_bbp_anonymous_reply_count":0,"_bbp_topic_count_hidden":0,"_bbp_reply_count_hidden":0,"_bbp_forum_subforum_count":0,"site-sidebar-layout":"default","site-content-layout":"","ast-site-content-layout":"","site-content-style":"default","site-sidebar-style":"default","ast-global-header-display":"","ast-banner-title-visibility":"","ast-main-header-display":"","ast-hfb-above-header-display":"","ast-hfb-below-header-display":"","ast-hfb-mobile-header-display":"","site-post-title":"","ast-breadcrumbs-content":"","ast-featured-img":"","footer-sml-layout":"","theme-transparent-header-meta":"","adv-header-id-meta":"","stick-header-meta":"","header-above-stick-meta":"","header-main-stick-meta":"","header-below-stick-meta":"","astra-migrate-meta-layouts":"default","ast-page-background-enabled":"default","ast-page-background-meta":{"desktop":{"background-color":"var(--ast-global-color-4)","background-image":"","background-repeat":"repeat","background-position":"center center","background-size":"auto","background-attachment":"scroll","background-type":"","background-media":"","overlay-type":"","overlay-color":"","overlay-opacity":"","overlay-gradient":""},"tablet":{"background-color":"","background-image":"","background-repeat":"repeat","background-position":"center center","background-size":"auto","background-attachment":"scroll","background-type":"","background-media":"","overlay-type":"","overlay-color":"","overlay-opacity":"","overlay-gradient":""},"mobile":{"background-color":"","background-image":"","background-repeat":"repeat","background-position":"center center","background-size":"auto","background-attachment":"scroll","background-type":"","background-media":"","overlay-type":"","overlay-color":"","overlay-opacity":"","overlay-gradient":""}},"ast-content-background-meta":{"desktop":{"background-color":"var(--ast-global-color-5)","background-image":"","background-repeat":"repeat","background-position":"center center","background-size":"auto","background-attachment":"scroll","background-type":"","background-media":"","overlay-type":"","overlay-color":"","overlay-opacity":"","overlay-gradient":""},"tablet":{"background-color":"var(--ast-global-color-5)","background-image":"","background-repeat":"repeat","background-position":"center center","background-size":"auto","background-attachment":"scroll","background-type":"","background-media":"","overlay-type":"","overlay-color":"","overlay-opacity":"","overlay-gradient":""},"mobile":{"background-color":"var(--ast-global-color-5)","background-image":"","background-repeat":"repeat","background-position":"center center","background-size":"auto","background-attachment":"scroll","background-type":"","background-media":"","overlay-type":"","overlay-color":"","overlay-opacity":"","overlay-gradient":""}},"footnotes":""},"categories":[4,552,323],"tags":[170,264,557,555,172,173,553,554,556],"class_list":["post-5071","post","type-post","status-publish","format-standard","has-post-thumbnail","hentry","category-portada","category-safs-2018","category-setmana-de-lactivitat-fisica-i-la-salut","tag-activitat-fisica","tag-activitats-saludables","tag-balls","tag-bitlles-catalanes","tag-cursa","tag-cursa-atletica","tag-safs-2018","tag-setmana-activitat-fisica-i-salut","tag-taekwondo"],"post_mailing_queue_ids":[],"_links":{"self":[{"href":"https:\/\/agora.xtec.cat\/ceip-lesferreries-palafolls\/wp-json\/wp\/v2\/posts\/5071","targetHints":{"allow":["GET"]}}],"collection":[{"href":"https:\/\/agora.xtec.cat\/ceip-lesferreries-palafolls\/wp-json\/wp\/v2\/posts"}],"about":[{"href":"https:\/\/agora.xtec.cat\/ceip-lesferreries-palafolls\/wp-json\/wp\/v2\/types\/post"}],"author":[{"embeddable":true,"href":"https:\/\/agora.xtec.cat\/ceip-lesferreries-palafolls\/wp-json\/wp\/v2\/users\/65"}],"replies":[{"embeddable":true,"href":"https:\/\/agora.xtec.cat\/ceip-lesferreries-palafolls\/wp-json\/wp\/v2\/comments?post=5071"}],"version-history":[{"count":1,"href":"https:\/\/agora.xtec.cat\/ceip-lesferreries-palafolls\/wp-json\/wp\/v2\/posts\/5071\/revisions"}],"predecessor-version":[{"id":5072,"href":"https:\/\/agora.xtec.cat\/ceip-lesferreries-palafolls\/wp-json\/wp\/v2\/posts\/5071\/revisions\/5072"}],"wp:featuredmedia":[{"embeddable":true,"href":"https:\/\/agora.xtec.cat\/ceip-lesferreries-palafolls\/wp-json\/wp\/v2\/media\/20378"}],"wp:attachment":[{"href":"https:\/\/agora.xtec.cat\/ceip-lesferreries-palafolls\/wp-json\/wp\/v2\/media?parent=5071"}],"wp:term":[{"taxonomy":"category","embeddable":true,"href":"https:\/\/agora.xtec.cat\/ceip-lesferreries-palafolls\/wp-json\/wp\/v2\/categories?post=5071"},{"taxonomy":"post_tag","embeddable":true,"href":"https:\/\/agora.xtec.cat\/ceip-lesferreries-palafolls\/wp-json\/wp\/v2\/tags?post=5071"}],"curies":[{"name":"wp","href":"https:\/\/api.w.org\/{rel}","templated":true}]}}