{"id":4930,"date":"2018-04-25T13:59:18","date_gmt":"2018-04-25T11:59:18","guid":{"rendered":"http:\/\/agora.xtec.cat\/ceip-lesferreries-palafolls\/?p=4930"},"modified":"2018-04-25T13:59:18","modified_gmt":"2018-04-25T11:59:18","slug":"sant-jordi-2018","status":"publish","type":"post","link":"https:\/\/agora.xtec.cat\/ceip-lesferreries-palafolls\/portada\/sant-jordi-2018\/","title":{"rendered":"Sant Jordi 2018"},"content":{"rendered":"<p>Un any m\u00e9s, a l&#8217;escola hem celebrat Sant Jordi.<\/p>\n<p>Vam comen\u00e7ar amb les portes obertes el divendres a la tarda, perqu\u00e8 pares, mares i familiars poguessin visitar l&#8217;escola per veure els seus treballs manuals i els escrits dels nostres alumnes.<\/p>\n<p>El dilluns, dia de la diada de Sant Jordi, el ten\u00edem carregat d&#8217;activitats. Els de 3r van iniciar el dia realitzant una gimcana sobre Sant Jordi, a c\u00e0rrec del centre l\u00fadic Tastaolletes. Els de cicle inicial van realitzar uns tallers de punt de llibre. I tots els cicles, en diferents hores, van celebrar el certamen literari, on es van donar els premis als millors dibuixos o escrits de cada classe.<\/p>\n<p>Per la tarda, vam sortir tota l&#8217;escola al pati i vam fer l&#8217;apadrinament lector, on grans i petits van compartir moments de lectura.<\/p>\n<p>En el seg\u00fcent enlla\u00e7, trobareu totes les fotos de la diada:\u00a0<a href=\"https:\/\/photos.app.goo.gl\/kgKILReNyTpLge4G2\" target=\"_blank\" rel=\"noopener noreferrer\">Sant Jordi 2018<\/a><\/p>\n<p>Aquests s\u00f3n els guanyadors de les diferents categories:<\/p>\n<table>\n<tbody>\n<tr>\n<td width=\"235\"><strong>CURS<\/strong><\/td>\n<td width=\"235\"><strong>PRIMER PREMI<\/strong><\/td>\n<td width=\"235\"><strong>SEGON PREMI<\/strong><\/td>\n<\/tr>\n<tr>\n<td width=\"235\">1R A<\/td>\n<td width=\"235\">BERNAT VILLARET<\/td>\n<td width=\"235\">OL\u00cdVIA P\u00c9REZ<\/td>\n<\/tr>\n<tr>\n<td width=\"235\">1R B<\/td>\n<td width=\"235\">GUILLEM ARANDA<\/td>\n<td width=\"235\">BERTA RIBAS<\/td>\n<\/tr>\n<tr>\n<td width=\"235\">2N A<\/td>\n<td width=\"235\">HUGO FERN\u00c1NDEZ<\/td>\n<td width=\"235\">EIDER CALVO<\/td>\n<\/tr>\n<tr>\n<td width=\"235\">2N B<\/td>\n<td width=\"235\">SOFIA QASSOUOUI<\/td>\n<td width=\"235\">LUCAS PRIETO<\/td>\n<\/tr>\n<tr>\n<td width=\"235\">3R A<\/td>\n<td width=\"235\">ESTEL GARC\u00cdA<\/td>\n<td width=\"235\">\u00c0LEX COLMENERO<\/td>\n<\/tr>\n<tr>\n<td width=\"235\">3R B<\/td>\n<td width=\"235\">MIRACLE SABIOTE<\/td>\n<td width=\"235\">ROGER RODR\u00cdGUEZ<\/td>\n<\/tr>\n<tr>\n<td width=\"235\">3R C<\/td>\n<td width=\"235\">LAIA LLOBET<\/td>\n<td width=\"235\">VENTURA FORLEO<\/td>\n<\/tr>\n<tr>\n<td width=\"235\">4T A<\/td>\n<td width=\"235\">AINHOA MENA<\/td>\n<td width=\"235\">PAULA GUZM\u00c1N<\/td>\n<\/tr>\n<tr>\n<td width=\"235\">4T B<\/td>\n<td width=\"235\">MARINA POBO<\/td>\n<td width=\"235\">J\u00daLIA ESCUDERO<\/td>\n<\/tr>\n<tr>\n<td width=\"235\">5\u00c8 A<\/td>\n<td width=\"235\">ANDREA MORA<\/td>\n<td width=\"235\">MARTINA MALLORQU\u00cd<\/td>\n<\/tr>\n<tr>\n<td width=\"235\">5\u00c8 B<\/td>\n<td width=\"235\">YAIZA CARRILLO<\/td>\n<td width=\"235\">JANNA MAYNOU<\/td>\n<\/tr>\n<tr>\n<td width=\"235\">5\u00c8 C<\/td>\n<td width=\"235\">PAU TORRES<\/td>\n<td width=\"235\">ROGER RODR\u00cdGUEZ<\/td>\n<\/tr>\n<tr>\n<td width=\"235\">6\u00c8 A<\/td>\n<td width=\"235\">CARLA PRIETO<\/td>\n<td width=\"235\">CL\u00c0UDIA RODR\u00cdGUEZ<\/td>\n<\/tr>\n<tr>\n<td width=\"235\">6\u00c8 B<\/td>\n<td width=\"235\">POL G\u00d3MEZ<\/td>\n<td width=\"235\">\u00cdNGRID PUERTAS<\/td>\n<\/tr>\n<\/tbody>\n<\/table>\n<p>&nbsp;<\/p>\n","protected":false},"excerpt":{"rendered":"<p>Un any m\u00e9s, a l&#8217;escola hem celebrat Sant Jordi. Vam comen\u00e7ar amb les portes obertes el divendres a la tarda, perqu\u00e8 pares, mares i familiars poguessin visitar l&#8217;escola per veure els seus treballs manuals i els escrits dels nostres alumnes. El dilluns, dia de la diada de Sant Jordi, el ten\u00edem carregat d&#8217;activitats. Els de [&hellip;]<\/p>\n","protected":false},"author":65,"featured_media":4931,"comment_status":"open","ping_status":"closed","sticky":false,"template":"","format":"standard","meta":{"_bbp_topic_count":0,"_bbp_reply_count":0,"_bbp_total_topic_count":0,"_bbp_total_reply_count":0,"_bbp_voice_count":0,"_bbp_anonymous_reply_count":0,"_bbp_topic_count_hidden":0,"_bbp_reply_count_hidden":0,"_bbp_forum_subforum_count":0,"site-sidebar-layout":"default","site-content-layout":"","ast-site-content-layout":"","site-content-style":"default","site-sidebar-style":"default","ast-global-header-display":"","ast-banner-title-visibility":"","ast-main-header-display":"","ast-hfb-above-header-display":"","ast-hfb-below-header-display":"","ast-hfb-mobile-header-display":"","site-post-title":"","ast-breadcrumbs-content":"","ast-featured-img":"","footer-sml-layout":"","theme-transparent-header-meta":"","adv-header-id-meta":"","stick-header-meta":"","header-above-stick-meta":"","header-main-stick-meta":"","header-below-stick-meta":"","astra-migrate-meta-layouts":"default","ast-page-background-enabled":"default","ast-page-background-meta":{"desktop":{"background-color":"var(--ast-global-color-4)","background-image":"","background-repeat":"repeat","background-position":"center center","background-size":"auto","background-attachment":"scroll","background-type":"","background-media":"","overlay-type":"","overlay-color":"","overlay-opacity":"","overlay-gradient":""},"tablet":{"background-color":"","background-image":"","background-repeat":"repeat","background-position":"center center","background-size":"auto","background-attachment":"scroll","background-type":"","background-media":"","overlay-type":"","overlay-color":"","overlay-opacity":"","overlay-gradient":""},"mobile":{"background-color":"","background-image":"","background-repeat":"repeat","background-position":"center center","background-size":"auto","background-attachment":"scroll","background-type":"","background-media":"","overlay-type":"","overlay-color":"","overlay-opacity":"","overlay-gradient":""}},"ast-content-background-meta":{"desktop":{"background-color":"var(--ast-global-color-5)","background-image":"","background-repeat":"repeat","background-position":"center center","background-size":"auto","background-attachment":"scroll","background-type":"","background-media":"","overlay-type":"","overlay-color":"","overlay-opacity":"","overlay-gradient":""},"tablet":{"background-color":"var(--ast-global-color-5)","background-image":"","background-repeat":"repeat","background-position":"center center","background-size":"auto","background-attachment":"scroll","background-type":"","background-media":"","overlay-type":"","overlay-color":"","overlay-opacity":"","overlay-gradient":""},"mobile":{"background-color":"var(--ast-global-color-5)","background-image":"","background-repeat":"repeat","background-position":"center center","background-size":"auto","background-attachment":"scroll","background-type":"","background-media":"","overlay-type":"","overlay-color":"","overlay-opacity":"","overlay-gradient":""}},"footnotes":""},"categories":[22,336,34,4],"tags":[465],"class_list":["post-4930","post","type-post","status-publish","format-standard","has-post-thumbnail","hentry","category-activitats","category-santjordi","category-festes-populars","category-portada","tag-sant-jordi"],"post_mailing_queue_ids":[],"_links":{"self":[{"href":"https:\/\/agora.xtec.cat\/ceip-lesferreries-palafolls\/wp-json\/wp\/v2\/posts\/4930","targetHints":{"allow":["GET"]}}],"collection":[{"href":"https:\/\/agora.xtec.cat\/ceip-lesferreries-palafolls\/wp-json\/wp\/v2\/posts"}],"about":[{"href":"https:\/\/agora.xtec.cat\/ceip-lesferreries-palafolls\/wp-json\/wp\/v2\/types\/post"}],"author":[{"embeddable":true,"href":"https:\/\/agora.xtec.cat\/ceip-lesferreries-palafolls\/wp-json\/wp\/v2\/users\/65"}],"replies":[{"embeddable":true,"href":"https:\/\/agora.xtec.cat\/ceip-lesferreries-palafolls\/wp-json\/wp\/v2\/comments?post=4930"}],"version-history":[{"count":1,"href":"https:\/\/agora.xtec.cat\/ceip-lesferreries-palafolls\/wp-json\/wp\/v2\/posts\/4930\/revisions"}],"predecessor-version":[{"id":4932,"href":"https:\/\/agora.xtec.cat\/ceip-lesferreries-palafolls\/wp-json\/wp\/v2\/posts\/4930\/revisions\/4932"}],"wp:featuredmedia":[{"embeddable":true,"href":"https:\/\/agora.xtec.cat\/ceip-lesferreries-palafolls\/wp-json\/wp\/v2\/media\/4931"}],"wp:attachment":[{"href":"https:\/\/agora.xtec.cat\/ceip-lesferreries-palafolls\/wp-json\/wp\/v2\/media?parent=4930"}],"wp:term":[{"taxonomy":"category","embeddable":true,"href":"https:\/\/agora.xtec.cat\/ceip-lesferreries-palafolls\/wp-json\/wp\/v2\/categories?post=4930"},{"taxonomy":"post_tag","embeddable":true,"href":"https:\/\/agora.xtec.cat\/ceip-lesferreries-palafolls\/wp-json\/wp\/v2\/tags?post=4930"}],"curies":[{"name":"wp","href":"https:\/\/api.w.org\/{rel}","templated":true}]}}