{"id":4537,"date":"2017-12-19T21:42:06","date_gmt":"2017-12-19T20:42:06","guid":{"rendered":"http:\/\/agora.xtec.cat\/ceip-lesferreries-palafolls\/?p=4537"},"modified":"2018-02-02T16:23:59","modified_gmt":"2018-02-02T15:23:59","slug":"havaneres","status":"publish","type":"post","link":"https:\/\/agora.xtec.cat\/ceip-lesferreries-palafolls\/general\/havaneres\/","title":{"rendered":"Havaneres"},"content":{"rendered":"<p>Aquest curs, els i les alumnes de 4t de prim\u00e0ria hem volgut treballar el cant de les havaneres i tot el m\u00f3n que va lligat a aquest g\u00e8nere musical.<\/p>\n<p>Gr\u00e0cies a la col\u00b7laboraci\u00f3 desinteressada del grup Cabotatge (Blanes) i de la cessi\u00f3 d&#8217;espais d&#8217;entitats del poble, hem pogut realitzar aquest projecte.<\/p>\n<p>Els dimarts ens reun\u00edem amb el grup Cabotatge a l&#8217;escola de M\u00fasica i Dansa de Palafolls per con\u00e8ixer les havaneres: hist\u00f2ria, can\u00e7ons, tradicions, el m\u00f3n mariner, &#8230; Vam aprendre quatre can\u00e7ons: &#8220;<em>La Vella Lola<\/em>&#8220;, &#8220;<em>El can\u00f3 de Palam\u00f3s&#8221;, &#8220;Llop de Mar&#8221;<\/em> i, no podia faltar, &#8220;<em>El meu avi&#8221;,\u00a0<\/em>les quals vam assajar per poder fer una cantada d&#8217;havaneres p\u00fablica el passat dijous 14 de desembre al Casal d&#8217;avis de Palafolls.<\/p>\n<p>A l&#8217;escola complet\u00e0vem tot aquest treball a les diferents \u00e0rees. A TIC f\u00e8iem els cartells per anunciar l&#8217;acte i el tr\u00edptic per repartir entre els assistents amb el repertori i la lletra d&#8217;una de les can\u00e7ons perqu\u00e8 el p\u00fablic ens acompany\u00e9s. A Pl\u00e0stica vam realitzar les decoracions i els complements per la cantada. I, a valors vam treballar el significat que ens vol transmetre cada can\u00e7\u00f3. Ha estat un projecte globalitzat on totes les \u00e0rees hi han format part.<\/p>\n<p>Ha estat un projecte molt interessant ja que els nens i nenes de 4t desconeixien les havaneres i els ha agradat molt poder-les cantar i con\u00e8ixer la seva hist\u00f2ria.<\/p>\n<p>Tamb\u00e9 vam ser not\u00edcia a R\u00e0dio Palafolls, els seg\u00fcents vincles us conduiran als articles que vam sortir publicats i des d&#8217;on es va fer ress\u00f2 el poble de la nostra cantada.<\/p>\n<p><a href=\"http:\/\/www.radiopalafolls.cat\/2017\/12\/14\/cantada-dhavaneres-dels-alumnes-de-4t-de-les-ferreries-al-casal-davis\/\" target=\"_blank\" rel=\"noopener noreferrer\">http:\/\/www.radiopalafolls.cat\/2017\/12\/14\/cantada-dhavaneres-dels-alumnes-de-4t-de-les-ferreries-al-casal-davis\/<\/a><\/p>\n<p><a href=\"http:\/\/www.radiopalafolls.cat\/2017\/12\/13\/les-havaneres-dun-projecte-de-les-ferreries-seran-protagonistes-dema-al-casal-davis\/\" target=\"_blank\" rel=\"noopener noreferrer\">http:\/\/www.radiopalafolls.cat\/2017\/12\/13\/les-havaneres-dun-projecte-de-les-ferreries-seran-protagonistes-dema-al-casal-davis\/<\/a><\/p>\n<p>Per \u00faltim, us deixem els enlla\u00e7os a les fotos i als v\u00eddeos del projecte com el v\u00eddeo resum de tota l&#8217;experi\u00e8ncia.<\/p>\n<p><a href=\"https:\/\/photos.app.goo.gl\/VG6NdQEhEEvj5Sdt1\" target=\"_blank\" rel=\"noopener noreferrer\">FOTOS I V\u00cdDEOS PROJECTE HAVANERES<\/a><\/p>\n<p style=\"text-align: center;\"><iframe loading=\"lazy\" src=\"https:\/\/www.youtube.com\/embed\/-ebR0KAfzAw\" width=\"560\" height=\"315\" frameborder=\"0\" allowfullscreen=\"allowfullscreen\"><\/iframe><\/p>\n<p>&nbsp;<\/p>\n<p>&nbsp;<\/p>\n<p>&nbsp;<\/p>\n<p>&nbsp;<\/p>\n<p>&nbsp;<\/p>\n<p>&nbsp;<\/p>\n","protected":false},"excerpt":{"rendered":"<p>Projecte interdisciplinar dut a terme pels alumnes de 4t de prim\u00e0ria sobre les havaneres. <\/p>\n","protected":false},"author":65,"featured_media":4538,"comment_status":"open","ping_status":"closed","sticky":false,"template":"","format":"standard","meta":{"_bbp_topic_count":0,"_bbp_reply_count":0,"_bbp_total_topic_count":0,"_bbp_total_reply_count":0,"_bbp_voice_count":0,"_bbp_anonymous_reply_count":0,"_bbp_topic_count_hidden":0,"_bbp_reply_count_hidden":0,"_bbp_forum_subforum_count":0,"site-sidebar-layout":"default","site-content-layout":"","ast-site-content-layout":"","site-content-style":"default","site-sidebar-style":"default","ast-global-header-display":"","ast-banner-title-visibility":"","ast-main-header-display":"","ast-hfb-above-header-display":"","ast-hfb-below-header-display":"","ast-hfb-mobile-header-display":"","site-post-title":"","ast-breadcrumbs-content":"","ast-featured-img":"","footer-sml-layout":"","theme-transparent-header-meta":"","adv-header-id-meta":"","stick-header-meta":"","header-above-stick-meta":"","header-main-stick-meta":"","header-below-stick-meta":"","astra-migrate-meta-layouts":"default","ast-page-background-enabled":"default","ast-page-background-meta":{"desktop":{"background-color":"var(--ast-global-color-4)","background-image":"","background-repeat":"repeat","background-position":"center center","background-size":"auto","background-attachment":"scroll","background-type":"","background-media":"","overlay-type":"","overlay-color":"","overlay-opacity":"","overlay-gradient":""},"tablet":{"background-color":"","background-image":"","background-repeat":"repeat","background-position":"center center","background-size":"auto","background-attachment":"scroll","background-type":"","background-media":"","overlay-type":"","overlay-color":"","overlay-opacity":"","overlay-gradient":""},"mobile":{"background-color":"","background-image":"","background-repeat":"repeat","background-position":"center center","background-size":"auto","background-attachment":"scroll","background-type":"","background-media":"","overlay-type":"","overlay-color":"","overlay-opacity":"","overlay-gradient":""}},"ast-content-background-meta":{"desktop":{"background-color":"var(--ast-global-color-5)","background-image":"","background-repeat":"repeat","background-position":"center center","background-size":"auto","background-attachment":"scroll","background-type":"","background-media":"","overlay-type":"","overlay-color":"","overlay-opacity":"","overlay-gradient":""},"tablet":{"background-color":"var(--ast-global-color-5)","background-image":"","background-repeat":"repeat","background-position":"center center","background-size":"auto","background-attachment":"scroll","background-type":"","background-media":"","overlay-type":"","overlay-color":"","overlay-opacity":"","overlay-gradient":""},"mobile":{"background-color":"var(--ast-global-color-5)","background-image":"","background-repeat":"repeat","background-position":"center center","background-size":"auto","background-attachment":"scroll","background-type":"","background-media":"","overlay-type":"","overlay-color":"","overlay-opacity":"","overlay-gradient":""}},"footnotes":""},"categories":[1,4,48],"tags":[535,528,224],"class_list":["post-4537","post","type-post","status-publish","format-standard","has-post-thumbnail","hentry","category-general","category-portada","category-projectes","tag-4t-primaria","tag-havaneres","tag-projecte"],"post_mailing_queue_ids":[],"_links":{"self":[{"href":"https:\/\/agora.xtec.cat\/ceip-lesferreries-palafolls\/wp-json\/wp\/v2\/posts\/4537","targetHints":{"allow":["GET"]}}],"collection":[{"href":"https:\/\/agora.xtec.cat\/ceip-lesferreries-palafolls\/wp-json\/wp\/v2\/posts"}],"about":[{"href":"https:\/\/agora.xtec.cat\/ceip-lesferreries-palafolls\/wp-json\/wp\/v2\/types\/post"}],"author":[{"embeddable":true,"href":"https:\/\/agora.xtec.cat\/ceip-lesferreries-palafolls\/wp-json\/wp\/v2\/users\/65"}],"replies":[{"embeddable":true,"href":"https:\/\/agora.xtec.cat\/ceip-lesferreries-palafolls\/wp-json\/wp\/v2\/comments?post=4537"}],"version-history":[{"count":3,"href":"https:\/\/agora.xtec.cat\/ceip-lesferreries-palafolls\/wp-json\/wp\/v2\/posts\/4537\/revisions"}],"predecessor-version":[{"id":4548,"href":"https:\/\/agora.xtec.cat\/ceip-lesferreries-palafolls\/wp-json\/wp\/v2\/posts\/4537\/revisions\/4548"}],"wp:featuredmedia":[{"embeddable":true,"href":"https:\/\/agora.xtec.cat\/ceip-lesferreries-palafolls\/wp-json\/wp\/v2\/media\/4538"}],"wp:attachment":[{"href":"https:\/\/agora.xtec.cat\/ceip-lesferreries-palafolls\/wp-json\/wp\/v2\/media?parent=4537"}],"wp:term":[{"taxonomy":"category","embeddable":true,"href":"https:\/\/agora.xtec.cat\/ceip-lesferreries-palafolls\/wp-json\/wp\/v2\/categories?post=4537"},{"taxonomy":"post_tag","embeddable":true,"href":"https:\/\/agora.xtec.cat\/ceip-lesferreries-palafolls\/wp-json\/wp\/v2\/tags?post=4537"}],"curies":[{"name":"wp","href":"https:\/\/api.w.org\/{rel}","templated":true}]}}