{"id":4505,"date":"2018-05-07T09:42:24","date_gmt":"2018-05-07T07:42:24","guid":{"rendered":"http:\/\/agora.xtec.cat\/ceip-lesferreries-palafolls\/?p=4505"},"modified":"2018-05-07T09:43:52","modified_gmt":"2018-05-07T07:43:52","slug":"fruita-a-les-escoles","status":"publish","type":"post","link":"https:\/\/agora.xtec.cat\/ceip-lesferreries-palafolls\/general\/fruita-a-les-escoles\/","title":{"rendered":"Fruita a les escoles"},"content":{"rendered":"<p style=\"text-align: left;\">Aquesta setmana tornem a rebre fruita gr\u00e0cies al programa: Pla de consum de fruita a les escoles. Les fruites que menjaran els nens i nenes de l&#8217;escola seran: albercoc, nespra, nectarina i pruna.<\/p>\n<p><a href=\"http:\/\/agora.xtec.cat\/ceip-lesferreries-palafolls\/wp-content\/uploads\/usu670\/2018\/01\/baixa.jpg\"><img loading=\"lazy\" decoding=\"async\" class=\" wp-image-4957 alignleft\" src=\"http:\/\/agora.xtec.cat\/ceip-lesferreries-palafolls\/wp-content\/uploads\/usu670\/2018\/01\/baixa.jpg\" alt=\"\" width=\"139\" height=\"139\" srcset=\"https:\/\/agora.xtec.cat\/ceip-lesferreries-palafolls\/wp-content\/uploads\/usu670\/2018\/01\/baixa.jpg 225w, https:\/\/agora.xtec.cat\/ceip-lesferreries-palafolls\/wp-content\/uploads\/usu670\/2018\/01\/baixa-150x150.jpg 150w\" sizes=\"auto, (max-width: 139px) 100vw, 139px\" \/><\/a>\u00a0<a href=\"http:\/\/agora.xtec.cat\/ceip-lesferreries-palafolls\/wp-content\/uploads\/usu670\/2018\/01\/baixa-1.jpg\"><img loading=\"lazy\" decoding=\"async\" class=\"wp-image-4958 alignleft\" src=\"http:\/\/agora.xtec.cat\/ceip-lesferreries-palafolls\/wp-content\/uploads\/usu670\/2018\/01\/baixa-1.jpg\" alt=\"\" width=\"196\" height=\"123\" \/><\/a><a href=\"http:\/\/agora.xtec.cat\/ceip-lesferreries-palafolls\/wp-content\/uploads\/usu670\/2018\/01\/Nectarina.jpg\"><img loading=\"lazy\" decoding=\"async\" class=\"alignnone  wp-image-4959 alignleft\" src=\"http:\/\/agora.xtec.cat\/ceip-lesferreries-palafolls\/wp-content\/uploads\/usu670\/2018\/01\/Nectarina.jpg\" alt=\"\" width=\"184\" height=\"126\" srcset=\"https:\/\/agora.xtec.cat\/ceip-lesferreries-palafolls\/wp-content\/uploads\/usu670\/2018\/01\/Nectarina.jpg 667w, https:\/\/agora.xtec.cat\/ceip-lesferreries-palafolls\/wp-content\/uploads\/usu670\/2018\/01\/Nectarina-300x205.jpg 300w\" sizes=\"auto, (max-width: 184px) 100vw, 184px\" \/><\/a><a href=\"http:\/\/agora.xtec.cat\/ceip-lesferreries-palafolls\/wp-content\/uploads\/usu670\/2018\/01\/prunes-006.jpg\"><img loading=\"lazy\" decoding=\"async\" class=\"wp-image-4960 alignnone\" src=\"http:\/\/agora.xtec.cat\/ceip-lesferreries-palafolls\/wp-content\/uploads\/usu670\/2018\/01\/prunes-006-1024x768.jpg\" alt=\"\" width=\"156\" height=\"117\" srcset=\"https:\/\/agora.xtec.cat\/ceip-lesferreries-palafolls\/wp-content\/uploads\/usu670\/2018\/01\/prunes-006-1024x768.jpg 1024w, https:\/\/agora.xtec.cat\/ceip-lesferreries-palafolls\/wp-content\/uploads\/usu670\/2018\/01\/prunes-006-300x225.jpg 300w, https:\/\/agora.xtec.cat\/ceip-lesferreries-palafolls\/wp-content\/uploads\/usu670\/2018\/01\/prunes-006-768x576.jpg 768w, https:\/\/agora.xtec.cat\/ceip-lesferreries-palafolls\/wp-content\/uploads\/usu670\/2018\/01\/prunes-006-200x150.jpg 200w, https:\/\/agora.xtec.cat\/ceip-lesferreries-palafolls\/wp-content\/uploads\/usu670\/2018\/01\/prunes-006.jpg 1600w\" sizes=\"auto, (max-width: 156px) 100vw, 156px\" \/><\/a><\/p>\n<p>&nbsp;<\/p>\n<p>Com en els darrers anys, l&#8217;escola aquest curs escolar torna a participar\u00a0en el pla de consum de fruita a les escoles, es tracta de distribuir gratu\u00eftament fruita i verdura fresca als escolars de segon cicle d\u2019educaci\u00f3 infantil i de prim\u00e0ria.<\/p>\n<p>\u00c9s una iniciativa de la Uni\u00f3 Europea amb l&#8217;acci\u00f3 conjunta dels departaments d\u2019Agricultura, Salut i Ensenyament.<\/p>\n<p>Els objectius s\u00f3n:<\/p>\n<ul>\n<li>Oferir fruita gratu\u00efta en els esmorzars dins del centre escolar.<\/li>\n<li>Informar sobre els beneficis de pujar el consum de fruites i verdures, i sobre la seva diversitat, trets, producci\u00f3, estacionalitat, etc.<\/li>\n<li>Proposar el consum de fruites com una alternativa excel\u00b7lent al consum d\u2019altres aliments amb menys qualitat nutricional.<\/li>\n<\/ul>\n<p>Es pret\u00e9n amb aix\u00f2 afavorir la salut dels infants i promoure el consum de fruites, verdures, fruita seca, llegums, aigua i joc actiu.<\/p>\n<p>I tamb\u00e9 reduir el consum llaminadures, begudes refrescants, brioxeria i videojocs sedentaris.<\/p>\n<p>Com funciona?<\/p>\n<p>Durant el curs escolar, una setmana de cada mes, es distribueix la fruita i verdura seleccionada en funci\u00f3 de l\u2019estaci\u00f3 de l\u2019any, la proximitat de producci\u00f3 i la qualitat.<\/p>\n<p>La fruita es reparteix a l&#8217;escola entre els nens i les nenes a l&#8217;escola durant l&#8217;esmorzar.<\/p>\n<p>Aquesta setmana els nostres alumnes han pogut menjar: mandarines, peres, pl\u00e0tans i pastanagues. Seguiu la web de l&#8217;escola, on cada mes us anirem informant de les dates en les que es distribuiran les fruites i\/o hortalisses.<\/p>\n<div style=\"width: 854px;\" class=\"wp-video\"><!--[if lt IE 9]><script>document.createElement('video');<\/script><![endif]-->\n<video class=\"wp-video-shortcode\" id=\"video-4505-1\" width=\"854\" height=\"480\" preload=\"metadata\" controls=\"controls\"><source type=\"video\/mp4\" src=\"http:\/\/agora.xtec.cat\/ceip-lesferreries-palafolls\/wp-content\/uploads\/usu670\/2018\/01\/06f1bf4ce1ad1598994c_f34bd39fc22345ff4a6b8ddacc0606b9.mp4?_=1\" \/><a href=\"http:\/\/agora.xtec.cat\/ceip-lesferreries-palafolls\/wp-content\/uploads\/usu670\/2018\/01\/06f1bf4ce1ad1598994c_f34bd39fc22345ff4a6b8ddacc0606b9.mp4\">http:\/\/agora.xtec.cat\/ceip-lesferreries-palafolls\/wp-content\/uploads\/usu670\/2018\/01\/06f1bf4ce1ad1598994c_f34bd39fc22345ff4a6b8ddacc0606b9.mp4<\/a><\/video><\/div>\n<p>&nbsp;<\/p>\n","protected":false},"excerpt":{"rendered":"<p>Aquesta setmana tornem a rebre fruita gr\u00e0cies al programa: Pla de consum de fruita a les escoles. Les fruites que menjaran els nens i nenes de l&#8217;escola seran: albercoc, nespra, nectarina i pruna. \u00a0 &nbsp; Com en els darrers anys, l&#8217;escola aquest curs escolar torna a participar\u00a0en el pla de consum de fruita a les [&hellip;]<\/p>\n","protected":false},"author":65,"featured_media":4510,"comment_status":"open","ping_status":"closed","sticky":false,"template":"","format":"standard","meta":{"_bbp_topic_count":0,"_bbp_reply_count":0,"_bbp_total_topic_count":0,"_bbp_total_reply_count":0,"_bbp_voice_count":0,"_bbp_anonymous_reply_count":0,"_bbp_topic_count_hidden":0,"_bbp_reply_count_hidden":0,"_bbp_forum_subforum_count":0,"site-sidebar-layout":"default","site-content-layout":"","ast-site-content-layout":"","site-content-style":"default","site-sidebar-style":"default","ast-global-header-display":"","ast-banner-title-visibility":"","ast-main-header-display":"","ast-hfb-above-header-display":"","ast-hfb-below-header-display":"","ast-hfb-mobile-header-display":"","site-post-title":"","ast-breadcrumbs-content":"","ast-featured-img":"","footer-sml-layout":"","theme-transparent-header-meta":"","adv-header-id-meta":"","stick-header-meta":"","header-above-stick-meta":"","header-main-stick-meta":"","header-below-stick-meta":"","astra-migrate-meta-layouts":"default","ast-page-background-enabled":"default","ast-page-background-meta":{"desktop":{"background-color":"var(--ast-global-color-4)","background-image":"","background-repeat":"repeat","background-position":"center center","background-size":"auto","background-attachment":"scroll","background-type":"","background-media":"","overlay-type":"","overlay-color":"","overlay-opacity":"","overlay-gradient":""},"tablet":{"background-color":"","background-image":"","background-repeat":"repeat","background-position":"center center","background-size":"auto","background-attachment":"scroll","background-type":"","background-media":"","overlay-type":"","overlay-color":"","overlay-opacity":"","overlay-gradient":""},"mobile":{"background-color":"","background-image":"","background-repeat":"repeat","background-position":"center center","background-size":"auto","background-attachment":"scroll","background-type":"","background-media":"","overlay-type":"","overlay-color":"","overlay-opacity":"","overlay-gradient":""}},"ast-content-background-meta":{"desktop":{"background-color":"var(--ast-global-color-5)","background-image":"","background-repeat":"repeat","background-position":"center center","background-size":"auto","background-attachment":"scroll","background-type":"","background-media":"","overlay-type":"","overlay-color":"","overlay-opacity":"","overlay-gradient":""},"tablet":{"background-color":"var(--ast-global-color-5)","background-image":"","background-repeat":"repeat","background-position":"center center","background-size":"auto","background-attachment":"scroll","background-type":"","background-media":"","overlay-type":"","overlay-color":"","overlay-opacity":"","overlay-gradient":""},"mobile":{"background-color":"var(--ast-global-color-5)","background-image":"","background-repeat":"repeat","background-position":"center center","background-size":"auto","background-attachment":"scroll","background-type":"","background-media":"","overlay-type":"","overlay-color":"","overlay-opacity":"","overlay-gradient":""}},"footnotes":""},"categories":[1,4],"tags":[534],"class_list":["post-4505","post","type-post","status-publish","format-standard","has-post-thumbnail","hentry","category-general","category-portada","tag-pla-consum-de-fruita"],"post_mailing_queue_ids":[],"_links":{"self":[{"href":"https:\/\/agora.xtec.cat\/ceip-lesferreries-palafolls\/wp-json\/wp\/v2\/posts\/4505","targetHints":{"allow":["GET"]}}],"collection":[{"href":"https:\/\/agora.xtec.cat\/ceip-lesferreries-palafolls\/wp-json\/wp\/v2\/posts"}],"about":[{"href":"https:\/\/agora.xtec.cat\/ceip-lesferreries-palafolls\/wp-json\/wp\/v2\/types\/post"}],"author":[{"embeddable":true,"href":"https:\/\/agora.xtec.cat\/ceip-lesferreries-palafolls\/wp-json\/wp\/v2\/users\/65"}],"replies":[{"embeddable":true,"href":"https:\/\/agora.xtec.cat\/ceip-lesferreries-palafolls\/wp-json\/wp\/v2\/comments?post=4505"}],"version-history":[{"count":3,"href":"https:\/\/agora.xtec.cat\/ceip-lesferreries-palafolls\/wp-json\/wp\/v2\/posts\/4505\/revisions"}],"predecessor-version":[{"id":4962,"href":"https:\/\/agora.xtec.cat\/ceip-lesferreries-palafolls\/wp-json\/wp\/v2\/posts\/4505\/revisions\/4962"}],"wp:featuredmedia":[{"embeddable":true,"href":"https:\/\/agora.xtec.cat\/ceip-lesferreries-palafolls\/wp-json\/wp\/v2\/media\/4510"}],"wp:attachment":[{"href":"https:\/\/agora.xtec.cat\/ceip-lesferreries-palafolls\/wp-json\/wp\/v2\/media?parent=4505"}],"wp:term":[{"taxonomy":"category","embeddable":true,"href":"https:\/\/agora.xtec.cat\/ceip-lesferreries-palafolls\/wp-json\/wp\/v2\/categories?post=4505"},{"taxonomy":"post_tag","embeddable":true,"href":"https:\/\/agora.xtec.cat\/ceip-lesferreries-palafolls\/wp-json\/wp\/v2\/tags?post=4505"}],"curies":[{"name":"wp","href":"https:\/\/api.w.org\/{rel}","templated":true}]}}