{"id":4221,"date":"2017-11-02T19:17:10","date_gmt":"2017-11-02T18:17:10","guid":{"rendered":"http:\/\/agora.xtec.cat\/ceip-lesferreries-palafolls\/?p=4221"},"modified":"2017-12-21T22:00:23","modified_gmt":"2017-12-21T21:00:23","slug":"castanyada-2017","status":"publish","type":"post","link":"https:\/\/agora.xtec.cat\/ceip-lesferreries-palafolls\/general\/castanyada-2017\/","title":{"rendered":"Castanyada 2017"},"content":{"rendered":"<p>El passat dimarts, a l&#8217;escola, vam celebrar un any m\u00e9s la castanyada amb un munt d&#8217;activitats.<\/p>\n<p>Pel mat\u00ed, els m\u00e9s petits de l&#8217;escola, van poder con\u00e8ixer a la castanyera, ballar, jugar i gaudir de m\u00e9s sorpreses amb ella. En el seg\u00fcent enlla\u00e7 trobareu les fotos de l&#8217;activitat d&#8217;educaci\u00f3 infantil:<\/p>\n<p><a href=\"https:\/\/photos.app.goo.gl\/LHS8x1vlDAWpAQor2\" target=\"_blank\" rel=\"noopener noreferrer\">Castanyera Educaci\u00f3 Infantil<\/a><\/p>\n<p>Tamb\u00e9 els alumnes de cicle inicial van fer un taller de bombons de xocolata, els hi van sortir ben bons, els que els vau poder provar ja sabeu de qu\u00e8 parlem. Si voleu mirar les fotos cliqueu en el seg\u00fcent enlla\u00e7:<\/p>\n<p><a href=\"https:\/\/photos.app.goo.gl\/9Z0HIY3nrUsBfQxx1\" target=\"_blank\" rel=\"noopener noreferrer\">Taller de bombons<\/a><\/p>\n<p>Els de cicle\u00a0inicial pel mat\u00ed van poder passar-s&#8217;ho b\u00e9 amb una gimcana ben castanyera. Havien de superar proves com disfressar-se, descobrir el missatge del puzzle, fer la paraula castanyada amb el cos, seguir moviments, bee-bots, buscar castanyes, maquillar-se, &#8230;\u00a0 Cliqueu el link i descobrireu que b\u00e9 s&#8217;ho van passar:<\/p>\n<p><a href=\"https:\/\/photos.app.goo.gl\/HDxn6E6bUWoUw1AE2\" target=\"_blank\" rel=\"noopener noreferrer\">Gimcana castanyera cicle mitj\u00e0<\/a><\/p>\n<p>Per acabar, a la tarda, tota l&#8217;escola vam celebrar la castanyada al pati. Primer, dansant i cantant, per despr\u00e9s menjar les castanyes que l&#8217;AMPA va repartir i comprar. Els alumnes de cinqu\u00e8 van ser els encarregats de donar les castanyes als alumnes d&#8217;educaci\u00f3 infantil. En el seg\u00fcent enlla\u00e7 podreu visualitzar la celebraci\u00f3:<\/p>\n<p><a href=\"https:\/\/photos.app.goo.gl\/DXizgmr5P2Lqdvks2\" target=\"_blank\" rel=\"noopener noreferrer\">Castanyada Tarda<\/a><\/p>\n","protected":false},"excerpt":{"rendered":"<p>Si voleu veure les fotos i v\u00eddeos de tot el que vam fer a l&#8217;escola per la castanyada, llegiu el seg\u00fcent article. <\/p>\n","protected":false},"author":65,"featured_media":4222,"comment_status":"open","ping_status":"closed","sticky":false,"template":"","format":"standard","meta":{"_bbp_topic_count":0,"_bbp_reply_count":0,"_bbp_total_topic_count":0,"_bbp_total_reply_count":0,"_bbp_voice_count":0,"_bbp_anonymous_reply_count":0,"_bbp_topic_count_hidden":0,"_bbp_reply_count_hidden":0,"_bbp_forum_subforum_count":0,"site-sidebar-layout":"default","site-content-layout":"","ast-site-content-layout":"","site-content-style":"default","site-sidebar-style":"default","ast-global-header-display":"","ast-banner-title-visibility":"","ast-main-header-display":"","ast-hfb-above-header-display":"","ast-hfb-below-header-display":"","ast-hfb-mobile-header-display":"","site-post-title":"","ast-breadcrumbs-content":"","ast-featured-img":"","footer-sml-layout":"","theme-transparent-header-meta":"","adv-header-id-meta":"","stick-header-meta":"","header-above-stick-meta":"","header-main-stick-meta":"","header-below-stick-meta":"","astra-migrate-meta-layouts":"default","ast-page-background-enabled":"default","ast-page-background-meta":{"desktop":{"background-color":"var(--ast-global-color-4)","background-image":"","background-repeat":"repeat","background-position":"center center","background-size":"auto","background-attachment":"scroll","background-type":"","background-media":"","overlay-type":"","overlay-color":"","overlay-opacity":"","overlay-gradient":""},"tablet":{"background-color":"","background-image":"","background-repeat":"repeat","background-position":"center center","background-size":"auto","background-attachment":"scroll","background-type":"","background-media":"","overlay-type":"","overlay-color":"","overlay-opacity":"","overlay-gradient":""},"mobile":{"background-color":"","background-image":"","background-repeat":"repeat","background-position":"center center","background-size":"auto","background-attachment":"scroll","background-type":"","background-media":"","overlay-type":"","overlay-color":"","overlay-opacity":"","overlay-gradient":""}},"ast-content-background-meta":{"desktop":{"background-color":"var(--ast-global-color-5)","background-image":"","background-repeat":"repeat","background-position":"center center","background-size":"auto","background-attachment":"scroll","background-type":"","background-media":"","overlay-type":"","overlay-color":"","overlay-opacity":"","overlay-gradient":""},"tablet":{"background-color":"var(--ast-global-color-5)","background-image":"","background-repeat":"repeat","background-position":"center center","background-size":"auto","background-attachment":"scroll","background-type":"","background-media":"","overlay-type":"","overlay-color":"","overlay-opacity":"","overlay-gradient":""},"mobile":{"background-color":"var(--ast-global-color-5)","background-image":"","background-repeat":"repeat","background-position":"center center","background-size":"auto","background-attachment":"scroll","background-type":"","background-media":"","overlay-type":"","overlay-color":"","overlay-opacity":"","overlay-gradient":""}},"footnotes":""},"categories":[502,503,504,34,1,4],"tags":[255],"class_list":["post-4221","post","type-post","status-publish","format-standard","has-post-thumbnail","hentry","category-gr01","category-gr02","category-gr03","category-festes-populars","category-general","category-portada","tag-castanyada"],"post_mailing_queue_ids":[],"_links":{"self":[{"href":"https:\/\/agora.xtec.cat\/ceip-lesferreries-palafolls\/wp-json\/wp\/v2\/posts\/4221","targetHints":{"allow":["GET"]}}],"collection":[{"href":"https:\/\/agora.xtec.cat\/ceip-lesferreries-palafolls\/wp-json\/wp\/v2\/posts"}],"about":[{"href":"https:\/\/agora.xtec.cat\/ceip-lesferreries-palafolls\/wp-json\/wp\/v2\/types\/post"}],"author":[{"embeddable":true,"href":"https:\/\/agora.xtec.cat\/ceip-lesferreries-palafolls\/wp-json\/wp\/v2\/users\/65"}],"replies":[{"embeddable":true,"href":"https:\/\/agora.xtec.cat\/ceip-lesferreries-palafolls\/wp-json\/wp\/v2\/comments?post=4221"}],"version-history":[{"count":2,"href":"https:\/\/agora.xtec.cat\/ceip-lesferreries-palafolls\/wp-json\/wp\/v2\/posts\/4221\/revisions"}],"predecessor-version":[{"id":4228,"href":"https:\/\/agora.xtec.cat\/ceip-lesferreries-palafolls\/wp-json\/wp\/v2\/posts\/4221\/revisions\/4228"}],"wp:featuredmedia":[{"embeddable":true,"href":"https:\/\/agora.xtec.cat\/ceip-lesferreries-palafolls\/wp-json\/wp\/v2\/media\/4222"}],"wp:attachment":[{"href":"https:\/\/agora.xtec.cat\/ceip-lesferreries-palafolls\/wp-json\/wp\/v2\/media?parent=4221"}],"wp:term":[{"taxonomy":"category","embeddable":true,"href":"https:\/\/agora.xtec.cat\/ceip-lesferreries-palafolls\/wp-json\/wp\/v2\/categories?post=4221"},{"taxonomy":"post_tag","embeddable":true,"href":"https:\/\/agora.xtec.cat\/ceip-lesferreries-palafolls\/wp-json\/wp\/v2\/tags?post=4221"}],"curies":[{"name":"wp","href":"https:\/\/api.w.org\/{rel}","templated":true}]}}