{"id":3938,"date":"2017-06-15T22:21:45","date_gmt":"2017-06-15T20:21:45","guid":{"rendered":"http:\/\/agora.xtec.cat\/ceip-lesferreries-palafolls\/?p=3938"},"modified":"2017-10-26T15:27:45","modified_gmt":"2017-10-26T13:27:45","slug":"muay-thai-cicle-mitja","status":"publish","type":"post","link":"https:\/\/agora.xtec.cat\/ceip-lesferreries-palafolls\/general\/muay-thai-cicle-mitja\/","title":{"rendered":"Muay Thai. Cicle Mitj\u00e0"},"content":{"rendered":"<p>Aquest dilluns els nens i nenes de 3r i 4t de prim\u00e0ria vam poder gaudir d&#8217;una classe magistral de Muay Thai a c\u00e0rrec de Topking Malgrat de Mar, agra\u00efm la seva bona predisposici\u00f3 i l&#8217;activitat que ens van muntar, la qual tots els alumnes van gaudir i valorar positivament.<\/p>\n<p>En Salva va preparar aquesta activitat portant a l&#8217;escola a l&#8217;\u00c0lex, entrenador, i a tres competidors: Khyzzer, Ricard i Pau. La classe va comen\u00e7ar amb una explicaci\u00f3 del Muay Thai: hist\u00f2ria, proced\u00e8ncia, forma de competir, m\u00fasica, equipament, &#8230; Tot seguit, ens van fer una demostraci\u00f3 de com entrenen i es preparen pels combats. I, per \u00faltim, els alumnes van fer un entrenament de Muay Thai.<\/p>\n<p>El Muay Thai\u00a0\u00e9s un\u00a0esport de combat\u00a0originari de l&#8217;actual\u00a0Tail\u00e0ndia\u00a0i pa\u00efsos ve\u00efns; tamb\u00e9 es coneix com &#8220;l&#8217;art de totes les parts&#8221;, perqu\u00e8 les mans, els peus, els colzes i els genolls s&#8217;empren molt.\u00a0Durant la competici\u00f3, el participant fa una cerim\u00f2nia llarga i segueix un ritual abans del combat. Aix\u00f2 t\u00e9 un origen religi\u00f3s, per\u00f2 tamb\u00e9 serveix per estirar els m\u00fasculs i fer escalfament.<\/p>\n<p>Tot seguit, podeu accedir les fotos de l&#8217;activitat.<\/p>\n<p><a href=\"https:\/\/goo.gl\/photos\/zwV4Sqbs95BfPftBA\">Muay Thai. Cicle Mitj\u00e0<\/a><\/p>\n<p style=\"text-align: center;\"><iframe loading=\"lazy\" src=\"https:\/\/www.youtube.com\/embed\/KuWEuz_kG3o\" width=\"560\" height=\"315\" frameborder=\"0\" allowfullscreen=\"allowfullscreen\"><\/iframe><\/p>\n<p>&nbsp;<\/p>\n<p>&nbsp;<\/p>\n","protected":false},"excerpt":{"rendered":"<p>Aquest dilluns els nens i nenes de 3r i 4t de prim\u00e0ria vam poder gaudir d&#8217;una classe magistral de Muay Thai a c\u00e0rrec de Topking Malgrat de Mar, agra\u00efm la seva bona predisposici\u00f3 i l&#8217;activitat que ens van muntar, la qual tots els alumnes van gaudir i valorar positivament. En Salva va preparar aquesta activitat [&hellip;]<\/p>\n","protected":false},"author":65,"featured_media":3939,"comment_status":"open","ping_status":"closed","sticky":false,"template":"","format":"standard","meta":{"_bbp_topic_count":0,"_bbp_reply_count":0,"_bbp_total_topic_count":0,"_bbp_total_reply_count":0,"_bbp_voice_count":0,"_bbp_anonymous_reply_count":0,"_bbp_topic_count_hidden":0,"_bbp_reply_count_hidden":0,"_bbp_forum_subforum_count":0,"site-sidebar-layout":"default","site-content-layout":"","ast-site-content-layout":"","site-content-style":"default","site-sidebar-style":"default","ast-global-header-display":"","ast-banner-title-visibility":"","ast-main-header-display":"","ast-hfb-above-header-display":"","ast-hfb-below-header-display":"","ast-hfb-mobile-header-display":"","site-post-title":"","ast-breadcrumbs-content":"","ast-featured-img":"","footer-sml-layout":"","theme-transparent-header-meta":"","adv-header-id-meta":"","stick-header-meta":"","header-above-stick-meta":"","header-main-stick-meta":"","header-below-stick-meta":"","astra-migrate-meta-layouts":"default","ast-page-background-enabled":"default","ast-page-background-meta":{"desktop":{"background-color":"var(--ast-global-color-4)","background-image":"","background-repeat":"repeat","background-position":"center center","background-size":"auto","background-attachment":"scroll","background-type":"","background-media":"","overlay-type":"","overlay-color":"","overlay-opacity":"","overlay-gradient":""},"tablet":{"background-color":"","background-image":"","background-repeat":"repeat","background-position":"center center","background-size":"auto","background-attachment":"scroll","background-type":"","background-media":"","overlay-type":"","overlay-color":"","overlay-opacity":"","overlay-gradient":""},"mobile":{"background-color":"","background-image":"","background-repeat":"repeat","background-position":"center center","background-size":"auto","background-attachment":"scroll","background-type":"","background-media":"","overlay-type":"","overlay-color":"","overlay-opacity":"","overlay-gradient":""}},"ast-content-background-meta":{"desktop":{"background-color":"var(--ast-global-color-5)","background-image":"","background-repeat":"repeat","background-position":"center center","background-size":"auto","background-attachment":"scroll","background-type":"","background-media":"","overlay-type":"","overlay-color":"","overlay-opacity":"","overlay-gradient":""},"tablet":{"background-color":"var(--ast-global-color-5)","background-image":"","background-repeat":"repeat","background-position":"center center","background-size":"auto","background-attachment":"scroll","background-type":"","background-media":"","overlay-type":"","overlay-color":"","overlay-opacity":"","overlay-gradient":""},"mobile":{"background-color":"var(--ast-global-color-5)","background-image":"","background-repeat":"repeat","background-position":"center center","background-size":"auto","background-attachment":"scroll","background-type":"","background-media":"","overlay-type":"","overlay-color":"","overlay-opacity":"","overlay-gradient":""}},"footnotes":""},"categories":[1,4,482,323],"tags":[428,429,435,436,438,483],"class_list":["post-3938","post","type-post","status-publish","format-standard","has-post-thumbnail","hentry","category-general","category-portada","category-safs-2017","category-setmana-de-lactivitat-fisica-i-la-salut","tag-3ra","tag-3rb","tag-4t-a","tag-4t-b","tag-cicle-mitja","tag-safs2017"],"post_mailing_queue_ids":[],"_links":{"self":[{"href":"https:\/\/agora.xtec.cat\/ceip-lesferreries-palafolls\/wp-json\/wp\/v2\/posts\/3938","targetHints":{"allow":["GET"]}}],"collection":[{"href":"https:\/\/agora.xtec.cat\/ceip-lesferreries-palafolls\/wp-json\/wp\/v2\/posts"}],"about":[{"href":"https:\/\/agora.xtec.cat\/ceip-lesferreries-palafolls\/wp-json\/wp\/v2\/types\/post"}],"author":[{"embeddable":true,"href":"https:\/\/agora.xtec.cat\/ceip-lesferreries-palafolls\/wp-json\/wp\/v2\/users\/65"}],"replies":[{"embeddable":true,"href":"https:\/\/agora.xtec.cat\/ceip-lesferreries-palafolls\/wp-json\/wp\/v2\/comments?post=3938"}],"version-history":[{"count":1,"href":"https:\/\/agora.xtec.cat\/ceip-lesferreries-palafolls\/wp-json\/wp\/v2\/posts\/3938\/revisions"}],"predecessor-version":[{"id":3940,"href":"https:\/\/agora.xtec.cat\/ceip-lesferreries-palafolls\/wp-json\/wp\/v2\/posts\/3938\/revisions\/3940"}],"wp:featuredmedia":[{"embeddable":true,"href":"https:\/\/agora.xtec.cat\/ceip-lesferreries-palafolls\/wp-json\/wp\/v2\/media\/3939"}],"wp:attachment":[{"href":"https:\/\/agora.xtec.cat\/ceip-lesferreries-palafolls\/wp-json\/wp\/v2\/media?parent=3938"}],"wp:term":[{"taxonomy":"category","embeddable":true,"href":"https:\/\/agora.xtec.cat\/ceip-lesferreries-palafolls\/wp-json\/wp\/v2\/categories?post=3938"},{"taxonomy":"post_tag","embeddable":true,"href":"https:\/\/agora.xtec.cat\/ceip-lesferreries-palafolls\/wp-json\/wp\/v2\/tags?post=3938"}],"curies":[{"name":"wp","href":"https:\/\/api.w.org\/{rel}","templated":true}]}}