{"id":3739,"date":"2017-05-14T18:39:01","date_gmt":"2017-05-14T16:39:01","guid":{"rendered":"http:\/\/agora.xtec.cat\/ceip-lesferreries-palafolls\/?p=3739"},"modified":"2017-10-26T15:21:23","modified_gmt":"2017-10-26T13:21:23","slug":"premis-baldiri-reixach","status":"publish","type":"post","link":"https:\/\/agora.xtec.cat\/ceip-lesferreries-palafolls\/general\/premis-baldiri-reixach\/","title":{"rendered":"Premis Baldiri Reixach"},"content":{"rendered":"<p>El passat 9 de maig els alumnes de 3r de prim\u00e0ria vam ser premiats en els Baldiri Reixach pel projecte interdisciplinar:\u00a0<em>Tots en moviment!.\u00a0<\/em>Un projecte el qual vam treballar el cos hum\u00e0 des de les diferents \u00e0rees, vam realitzar la sortida al\u00a0<em>Camina Descal\u00e7 d&#8217;Arb\u00facies<\/em> i l&#8217;activitat que va concloure el projecte va ser una demostraci\u00f3 dels balls en l\u00ednia amb la gent gran de Palafolls, oberta a tothom.<\/p>\n<p>Els premis Baldiri Reixach des de la seva creaci\u00f3, l\u2019any 1979, reconeixen iniciatives educatives que contribueixen a la tasca de construir una escola catalana i de qualitat.<\/p>\n<p>Aquest any es van presentar 178 candidatures per la categoria d&#8217;alumnes i nosaltres hem sigut un dels 50 premiats.<\/p>\n<p>Podeu veure la not\u00edcia en el seg\u00fcent enlla\u00e7 i tamb\u00e9 us deixem el v\u00eddeo que vam presentar als premis.<\/p>\n<p><a href=\"http:\/\/www.fundaciocarulla.cat\/ca\/noticies\/guardonats-dels-xxxix-premis-baldiri-reixac\" target=\"_blank\">Guardonats premis Baldiri Reixach<\/a><\/p>\n<p><iframe loading=\"lazy\" width=\"560\" height=\"315\" src=\"https:\/\/www.youtube.com\/embed\/-8KYilwRk_M\" frameborder=\"0\" allowfullscreen><\/iframe><br \/>\n&nbsp;<\/p>\n","protected":false},"excerpt":{"rendered":"<p>El passat 9 de maig els alumnes de 3r de prim\u00e0ria vam ser premiats en els Baldiri Reixach pel projecte interdisciplinar:\u00a0Tots en moviment!.\u00a0Un projecte el qual vam treballar el cos hum\u00e0 des de les diferents \u00e0rees, vam realitzar la sortida al\u00a0Camina Descal\u00e7 d&#8217;Arb\u00facies i l&#8217;activitat que va concloure el projecte va ser una demostraci\u00f3 dels [&hellip;]<\/p>\n","protected":false},"author":65,"featured_media":3740,"comment_status":"open","ping_status":"open","sticky":false,"template":"","format":"standard","meta":{"_bbp_topic_count":0,"_bbp_reply_count":0,"_bbp_total_topic_count":0,"_bbp_total_reply_count":0,"_bbp_voice_count":0,"_bbp_anonymous_reply_count":0,"_bbp_topic_count_hidden":0,"_bbp_reply_count_hidden":0,"_bbp_forum_subforum_count":0,"site-sidebar-layout":"default","site-content-layout":"","ast-site-content-layout":"","site-content-style":"default","site-sidebar-style":"default","ast-global-header-display":"","ast-banner-title-visibility":"","ast-main-header-display":"","ast-hfb-above-header-display":"","ast-hfb-below-header-display":"","ast-hfb-mobile-header-display":"","site-post-title":"","ast-breadcrumbs-content":"","ast-featured-img":"","footer-sml-layout":"","theme-transparent-header-meta":"","adv-header-id-meta":"","stick-header-meta":"","header-above-stick-meta":"","header-main-stick-meta":"","header-below-stick-meta":"","astra-migrate-meta-layouts":"default","ast-page-background-enabled":"default","ast-page-background-meta":{"desktop":{"background-color":"var(--ast-global-color-4)","background-image":"","background-repeat":"repeat","background-position":"center center","background-size":"auto","background-attachment":"scroll","background-type":"","background-media":"","overlay-type":"","overlay-color":"","overlay-opacity":"","overlay-gradient":""},"tablet":{"background-color":"","background-image":"","background-repeat":"repeat","background-position":"center center","background-size":"auto","background-attachment":"scroll","background-type":"","background-media":"","overlay-type":"","overlay-color":"","overlay-opacity":"","overlay-gradient":""},"mobile":{"background-color":"","background-image":"","background-repeat":"repeat","background-position":"center center","background-size":"auto","background-attachment":"scroll","background-type":"","background-media":"","overlay-type":"","overlay-color":"","overlay-opacity":"","overlay-gradient":""}},"ast-content-background-meta":{"desktop":{"background-color":"var(--ast-global-color-5)","background-image":"","background-repeat":"repeat","background-position":"center center","background-size":"auto","background-attachment":"scroll","background-type":"","background-media":"","overlay-type":"","overlay-color":"","overlay-opacity":"","overlay-gradient":""},"tablet":{"background-color":"var(--ast-global-color-5)","background-image":"","background-repeat":"repeat","background-position":"center center","background-size":"auto","background-attachment":"scroll","background-type":"","background-media":"","overlay-type":"","overlay-color":"","overlay-opacity":"","overlay-gradient":""},"mobile":{"background-color":"var(--ast-global-color-5)","background-image":"","background-repeat":"repeat","background-position":"center center","background-size":"auto","background-attachment":"scroll","background-type":"","background-media":"","overlay-type":"","overlay-color":"","overlay-opacity":"","overlay-gradient":""}},"footnotes":""},"categories":[1,4],"tags":[470],"class_list":["post-3739","post","type-post","status-publish","format-standard","has-post-thumbnail","hentry","category-general","category-portada","tag-baldiri-reixach"],"post_mailing_queue_ids":[],"_links":{"self":[{"href":"https:\/\/agora.xtec.cat\/ceip-lesferreries-palafolls\/wp-json\/wp\/v2\/posts\/3739","targetHints":{"allow":["GET"]}}],"collection":[{"href":"https:\/\/agora.xtec.cat\/ceip-lesferreries-palafolls\/wp-json\/wp\/v2\/posts"}],"about":[{"href":"https:\/\/agora.xtec.cat\/ceip-lesferreries-palafolls\/wp-json\/wp\/v2\/types\/post"}],"author":[{"embeddable":true,"href":"https:\/\/agora.xtec.cat\/ceip-lesferreries-palafolls\/wp-json\/wp\/v2\/users\/65"}],"replies":[{"embeddable":true,"href":"https:\/\/agora.xtec.cat\/ceip-lesferreries-palafolls\/wp-json\/wp\/v2\/comments?post=3739"}],"version-history":[{"count":2,"href":"https:\/\/agora.xtec.cat\/ceip-lesferreries-palafolls\/wp-json\/wp\/v2\/posts\/3739\/revisions"}],"predecessor-version":[{"id":3742,"href":"https:\/\/agora.xtec.cat\/ceip-lesferreries-palafolls\/wp-json\/wp\/v2\/posts\/3739\/revisions\/3742"}],"wp:featuredmedia":[{"embeddable":true,"href":"https:\/\/agora.xtec.cat\/ceip-lesferreries-palafolls\/wp-json\/wp\/v2\/media\/3740"}],"wp:attachment":[{"href":"https:\/\/agora.xtec.cat\/ceip-lesferreries-palafolls\/wp-json\/wp\/v2\/media?parent=3739"}],"wp:term":[{"taxonomy":"category","embeddable":true,"href":"https:\/\/agora.xtec.cat\/ceip-lesferreries-palafolls\/wp-json\/wp\/v2\/categories?post=3739"},{"taxonomy":"post_tag","embeddable":true,"href":"https:\/\/agora.xtec.cat\/ceip-lesferreries-palafolls\/wp-json\/wp\/v2\/tags?post=3739"}],"curies":[{"name":"wp","href":"https:\/\/api.w.org\/{rel}","templated":true}]}}