{"id":3661,"date":"2017-04-24T22:30:34","date_gmt":"2017-04-24T20:30:34","guid":{"rendered":"http:\/\/agora.xtec.cat\/ceip-lesferreries-palafolls\/?p=3661"},"modified":"2017-10-26T15:22:41","modified_gmt":"2017-10-26T13:22:41","slug":"els-de-3r-celebrem-sant-jordi","status":"publish","type":"post","link":"https:\/\/agora.xtec.cat\/ceip-lesferreries-palafolls\/general\/els-de-3r-celebrem-sant-jordi\/","title":{"rendered":"Els de 3r celebrem Sant Jordi"},"content":{"rendered":"<p>El passat divendres 21 d&#8217;abril, amb motiu de la diada de Sant Jordi, els de 3r la vam comen\u00e7ar celebrant realitzant una gimcana entorn la llegenda. Aquesta va ser organitzada pel Centre L\u00fadic Tastaolletes.<\/p>\n<p>Primer, van comen\u00e7ar buscant una careta de drac, la qual distribuiria els grups segons el seu color. Un cop fets els grups, aquests van tenir que dibuixar un drac i posar-li nom al grup. Tot seguit van realitzar diferents proves com: establir una cova, buscar ous de dracs, retar amb cartes, fer curses de cavalls, buscar un crit d&#8217;\u00e0nim pel grup, &#8230;<\/p>\n<p>En el seg\u00fcent enlla\u00e7 trobareu les fotos de l&#8217;activitat:<\/p>\n<p><a href=\"https:\/\/goo.gl\/photos\/TB9LZ5MuVfNxvvxQ6\" target=\"_blank\">Gimcana Sant Jordi<\/a><\/p>\n<p>Despr\u00e9s del pati va continuar la celebraci\u00f3 amb el certamen literari de Sant Jordi, el qual el vam realitzar amb els alumnes de Cicle Inicial. L&#8217;acte va estar amenitzat amb la lectura de la Diada de Sant Jordi per part de Meritxell Torroella. Els de 3r van participar amb la creaci\u00f3 d&#8217;un c\u00f2mic on el tema central era Sant Jordi, on el feien a la seva manera, el reinventaven o modernitzaven la llegenda. Els guanyadors van ser:<\/p>\n<p>3r A: 1r premi: MARCEL ROS<\/p>\n<p>2n premi: JOAN CABALLERO<\/p>\n<p>3r B: 1r premi: M\u00cdRIAM ROSSILLO<\/p>\n<p>2n premi: J\u00daLIA PUIGVERT<\/p>\n<p>A continuaci\u00f3 podeu visualitzar les fotos del certamen literari:<\/p>\n<p><a href=\"https:\/\/goo.gl\/photos\/9vy2BSmvhi8Pmqdw7\" target=\"_blank\">Certamen Literari Sant Jordi<\/a><\/p>\n<p>&nbsp;<\/p>\n","protected":false},"excerpt":{"rendered":"<p>Els de 3r vam celebrar la Diada de Sant Jordi per mitj\u00e0 d&#8217;una gimcana organitzada pel Centre L\u00fadic Tastaolletes i, despr\u00e9s del pati, el Certamen Literari. <\/p>\n","protected":false},"author":65,"featured_media":3663,"comment_status":"open","ping_status":"open","sticky":false,"template":"","format":"standard","meta":{"_bbp_topic_count":0,"_bbp_reply_count":0,"_bbp_total_topic_count":0,"_bbp_total_reply_count":0,"_bbp_voice_count":0,"_bbp_anonymous_reply_count":0,"_bbp_topic_count_hidden":0,"_bbp_reply_count_hidden":0,"_bbp_forum_subforum_count":0,"site-sidebar-layout":"default","site-content-layout":"","ast-site-content-layout":"","site-content-style":"default","site-sidebar-style":"default","ast-global-header-display":"","ast-banner-title-visibility":"","ast-main-header-display":"","ast-hfb-above-header-display":"","ast-hfb-below-header-display":"","ast-hfb-mobile-header-display":"","site-post-title":"","ast-breadcrumbs-content":"","ast-featured-img":"","footer-sml-layout":"","theme-transparent-header-meta":"","adv-header-id-meta":"","stick-header-meta":"","header-above-stick-meta":"","header-main-stick-meta":"","header-below-stick-meta":"","astra-migrate-meta-layouts":"default","ast-page-background-enabled":"default","ast-page-background-meta":{"desktop":{"background-color":"var(--ast-global-color-4)","background-image":"","background-repeat":"repeat","background-position":"center center","background-size":"auto","background-attachment":"scroll","background-type":"","background-media":"","overlay-type":"","overlay-color":"","overlay-opacity":"","overlay-gradient":""},"tablet":{"background-color":"","background-image":"","background-repeat":"repeat","background-position":"center center","background-size":"auto","background-attachment":"scroll","background-type":"","background-media":"","overlay-type":"","overlay-color":"","overlay-opacity":"","overlay-gradient":""},"mobile":{"background-color":"","background-image":"","background-repeat":"repeat","background-position":"center center","background-size":"auto","background-attachment":"scroll","background-type":"","background-media":"","overlay-type":"","overlay-color":"","overlay-opacity":"","overlay-gradient":""}},"ast-content-background-meta":{"desktop":{"background-color":"var(--ast-global-color-5)","background-image":"","background-repeat":"repeat","background-position":"center center","background-size":"auto","background-attachment":"scroll","background-type":"","background-media":"","overlay-type":"","overlay-color":"","overlay-opacity":"","overlay-gradient":""},"tablet":{"background-color":"var(--ast-global-color-5)","background-image":"","background-repeat":"repeat","background-position":"center center","background-size":"auto","background-attachment":"scroll","background-type":"","background-media":"","overlay-type":"","overlay-color":"","overlay-opacity":"","overlay-gradient":""},"mobile":{"background-color":"var(--ast-global-color-5)","background-image":"","background-repeat":"repeat","background-position":"center center","background-size":"auto","background-attachment":"scroll","background-type":"","background-media":"","overlay-type":"","overlay-color":"","overlay-opacity":"","overlay-gradient":""}},"footnotes":""},"categories":[34,1],"tags":[466,465],"class_list":["post-3661","post","type-post","status-publish","format-standard","has-post-thumbnail","hentry","category-festes-populars","category-general","tag-certamen-literari","tag-sant-jordi"],"post_mailing_queue_ids":[],"_links":{"self":[{"href":"https:\/\/agora.xtec.cat\/ceip-lesferreries-palafolls\/wp-json\/wp\/v2\/posts\/3661","targetHints":{"allow":["GET"]}}],"collection":[{"href":"https:\/\/agora.xtec.cat\/ceip-lesferreries-palafolls\/wp-json\/wp\/v2\/posts"}],"about":[{"href":"https:\/\/agora.xtec.cat\/ceip-lesferreries-palafolls\/wp-json\/wp\/v2\/types\/post"}],"author":[{"embeddable":true,"href":"https:\/\/agora.xtec.cat\/ceip-lesferreries-palafolls\/wp-json\/wp\/v2\/users\/65"}],"replies":[{"embeddable":true,"href":"https:\/\/agora.xtec.cat\/ceip-lesferreries-palafolls\/wp-json\/wp\/v2\/comments?post=3661"}],"version-history":[{"count":2,"href":"https:\/\/agora.xtec.cat\/ceip-lesferreries-palafolls\/wp-json\/wp\/v2\/posts\/3661\/revisions"}],"predecessor-version":[{"id":3669,"href":"https:\/\/agora.xtec.cat\/ceip-lesferreries-palafolls\/wp-json\/wp\/v2\/posts\/3661\/revisions\/3669"}],"wp:featuredmedia":[{"embeddable":true,"href":"https:\/\/agora.xtec.cat\/ceip-lesferreries-palafolls\/wp-json\/wp\/v2\/media\/3663"}],"wp:attachment":[{"href":"https:\/\/agora.xtec.cat\/ceip-lesferreries-palafolls\/wp-json\/wp\/v2\/media?parent=3661"}],"wp:term":[{"taxonomy":"category","embeddable":true,"href":"https:\/\/agora.xtec.cat\/ceip-lesferreries-palafolls\/wp-json\/wp\/v2\/categories?post=3661"},{"taxonomy":"post_tag","embeddable":true,"href":"https:\/\/agora.xtec.cat\/ceip-lesferreries-palafolls\/wp-json\/wp\/v2\/tags?post=3661"}],"curies":[{"name":"wp","href":"https:\/\/api.w.org\/{rel}","templated":true}]}}