{"id":3492,"date":"2017-03-12T20:17:32","date_gmt":"2017-03-12T19:17:32","guid":{"rendered":"http:\/\/agora.xtec.cat\/ceip-lesferreries-palafolls\/?p=3492"},"modified":"2017-10-26T15:22:42","modified_gmt":"2017-10-26T13:22:42","slug":"comencem-leducacio-vial","status":"publish","type":"post","link":"https:\/\/agora.xtec.cat\/ceip-lesferreries-palafolls\/general\/comencem-leducacio-vial\/","title":{"rendered":"Comencem l&#8217;Educaci\u00f3 Vial"},"content":{"rendered":"<p>A l&#8217;hora de Coneixement del Medi hem treballat l&#8217;educaci\u00f3 vial.<\/p>\n<p>A la primera sessi\u00f3 vam veure uns v\u00eddeos on es plantegen diferents situacions als alumnes sobre com comportar-se al carrer quan som vianants i quan anem amb bicicleta o patinet.<\/p>\n<p><strong>Tu qu\u00e8 faries?<\/strong><\/p>\n<p>Tamb\u00e9 ens han explicat un conte: &#8220;<em>La carretera bona<\/em>&#8221; d&#8217;en Joan Barril.<\/p>\n<p><a href=\"http:\/\/agora.xtec.cat\/ceip-lesferreries-palafolls\/wp-content\/uploads\/usu670\/2017\/03\/lacarretera.jpg\"><img loading=\"lazy\" decoding=\"async\" class=\"size-full wp-image-3493 aligncenter\" src=\"http:\/\/agora.xtec.cat\/ceip-lesferreries-palafolls\/wp-content\/uploads\/usu670\/2017\/03\/lacarretera.jpg\" alt=\"lacarretera\" width=\"543\" height=\"551\" srcset=\"https:\/\/agora.xtec.cat\/ceip-lesferreries-palafolls\/wp-content\/uploads\/usu670\/2017\/03\/lacarretera.jpg 543w, https:\/\/agora.xtec.cat\/ceip-lesferreries-palafolls\/wp-content\/uploads\/usu670\/2017\/03\/lacarretera-296x300.jpg 296w\" sizes=\"auto, (max-width: 543px) 100vw, 543px\" \/><\/a><\/p>\n<p>&nbsp;<\/p>\n<p>Ens han repartit un \u00a0llibret amb un test sobre les normes de conducta del vianant per aprendre-les.<\/p>\n<p><a href=\"http:\/\/agora.xtec.cat\/ceip-lesferreries-palafolls\/wp-content\/uploads\/usu670\/2017\/03\/risc_seguretat_vianants1.jpg\"><img loading=\"lazy\" decoding=\"async\" class=\"size-full wp-image-3494 aligncenter\" src=\"http:\/\/agora.xtec.cat\/ceip-lesferreries-palafolls\/wp-content\/uploads\/usu670\/2017\/03\/risc_seguretat_vianants1.jpg\" alt=\"risc_seguretat_vianants1\" width=\"318\" height=\"446\" srcset=\"https:\/\/agora.xtec.cat\/ceip-lesferreries-palafolls\/wp-content\/uploads\/usu670\/2017\/03\/risc_seguretat_vianants1.jpg 318w, https:\/\/agora.xtec.cat\/ceip-lesferreries-palafolls\/wp-content\/uploads\/usu670\/2017\/03\/risc_seguretat_vianants1-214x300.jpg 214w\" sizes=\"auto, (max-width: 318px) 100vw, 318px\" \/><\/a><\/p>\n<p>Per acabar la sessi\u00f3 a Medi, ens han repartit un joc de parelles per pintar i retallar, aix\u00ed podrem jugar a casa amb la fam\u00edlia.<\/p>\n<p>Una altra de les activitats per treballar l&#8217;educaci\u00f3 vi\u00e0ria va ser la visita dels policies: Llu\u00eds, Jaume i Jordi, ens ha agradat molt!!!<\/p>\n<p>Vam visionar tres v\u00eddeos m\u00e9s de: &#8220;<em>Tu qu\u00e8 faries<\/em><em>?<\/em>&#8221; i, per grups, vam comentar qu\u00e8 far\u00edem, per despr\u00e9s, fer una posada en com\u00fa dels diferents grups per mitj\u00e0 d&#8217;un portaveu.<\/p>\n<p>Mentre f\u00e8iem els comentaris, an\u00e0vem sortint d&#8217;un a un a fora per fer una activitat.<\/p>\n<p>Encara ens queda una sessi\u00f3 m\u00e9s, on la policia de Palafolls ens muntar\u00e0 un parc m\u00f2bil i posarem en pr\u00e0ctica tot el que hem apr\u00e8s.<\/p>\n<p>A continuaci\u00f3 teniu els enlla\u00e7os per visualitzar les fotos de la visita de la policia:<\/p>\n<p><a href=\"https:\/\/goo.gl\/photos\/RH98s9JkKEo39dLz8\" target=\"_blank\">Educaci\u00f3 vial 3rA<\/a><\/p>\n<p><a href=\"https:\/\/goo.gl\/photos\/Cbd5KNpAAUUDiMyF8\" target=\"_blank\">Educaci\u00f3 vial 3rB<\/a><\/p>\n","protected":false},"excerpt":{"rendered":"<p>A l&#8217;hora de Coneixement del Medi hem treballat l&#8217;educaci\u00f3 vial. A la primera sessi\u00f3 vam veure uns v\u00eddeos on es plantegen diferents situacions als alumnes sobre com comportar-se al carrer quan som vianants i quan anem amb bicicleta o patinet. Tu qu\u00e8 faries? Tamb\u00e9 ens han explicat un conte: &#8220;La carretera bona&#8221; d&#8217;en Joan Barril. [&hellip;]<\/p>\n","protected":false},"author":65,"featured_media":3495,"comment_status":"open","ping_status":"open","sticky":false,"template":"","format":"standard","meta":{"_bbp_topic_count":0,"_bbp_reply_count":0,"_bbp_total_topic_count":0,"_bbp_total_reply_count":0,"_bbp_voice_count":0,"_bbp_anonymous_reply_count":0,"_bbp_topic_count_hidden":0,"_bbp_reply_count_hidden":0,"_bbp_forum_subforum_count":0,"site-sidebar-layout":"default","site-content-layout":"","ast-site-content-layout":"","site-content-style":"default","site-sidebar-style":"default","ast-global-header-display":"","ast-banner-title-visibility":"","ast-main-header-display":"","ast-hfb-above-header-display":"","ast-hfb-below-header-display":"","ast-hfb-mobile-header-display":"","site-post-title":"","ast-breadcrumbs-content":"","ast-featured-img":"","footer-sml-layout":"","theme-transparent-header-meta":"","adv-header-id-meta":"","stick-header-meta":"","header-above-stick-meta":"","header-main-stick-meta":"","header-below-stick-meta":"","astra-migrate-meta-layouts":"default","ast-page-background-enabled":"default","ast-page-background-meta":{"desktop":{"background-color":"var(--ast-global-color-4)","background-image":"","background-repeat":"repeat","background-position":"center center","background-size":"auto","background-attachment":"scroll","background-type":"","background-media":"","overlay-type":"","overlay-color":"","overlay-opacity":"","overlay-gradient":""},"tablet":{"background-color":"","background-image":"","background-repeat":"repeat","background-position":"center center","background-size":"auto","background-attachment":"scroll","background-type":"","background-media":"","overlay-type":"","overlay-color":"","overlay-opacity":"","overlay-gradient":""},"mobile":{"background-color":"","background-image":"","background-repeat":"repeat","background-position":"center center","background-size":"auto","background-attachment":"scroll","background-type":"","background-media":"","overlay-type":"","overlay-color":"","overlay-opacity":"","overlay-gradient":""}},"ast-content-background-meta":{"desktop":{"background-color":"var(--ast-global-color-5)","background-image":"","background-repeat":"repeat","background-position":"center center","background-size":"auto","background-attachment":"scroll","background-type":"","background-media":"","overlay-type":"","overlay-color":"","overlay-opacity":"","overlay-gradient":""},"tablet":{"background-color":"var(--ast-global-color-5)","background-image":"","background-repeat":"repeat","background-position":"center center","background-size":"auto","background-attachment":"scroll","background-type":"","background-media":"","overlay-type":"","overlay-color":"","overlay-opacity":"","overlay-gradient":""},"mobile":{"background-color":"var(--ast-global-color-5)","background-image":"","background-repeat":"repeat","background-position":"center center","background-size":"auto","background-attachment":"scroll","background-type":"","background-media":"","overlay-type":"","overlay-color":"","overlay-opacity":"","overlay-gradient":""}},"footnotes":""},"categories":[1],"tags":[457],"class_list":["post-3492","post","type-post","status-publish","format-standard","has-post-thumbnail","hentry","category-general","tag-educacio-vial"],"post_mailing_queue_ids":[],"_links":{"self":[{"href":"https:\/\/agora.xtec.cat\/ceip-lesferreries-palafolls\/wp-json\/wp\/v2\/posts\/3492","targetHints":{"allow":["GET"]}}],"collection":[{"href":"https:\/\/agora.xtec.cat\/ceip-lesferreries-palafolls\/wp-json\/wp\/v2\/posts"}],"about":[{"href":"https:\/\/agora.xtec.cat\/ceip-lesferreries-palafolls\/wp-json\/wp\/v2\/types\/post"}],"author":[{"embeddable":true,"href":"https:\/\/agora.xtec.cat\/ceip-lesferreries-palafolls\/wp-json\/wp\/v2\/users\/65"}],"replies":[{"embeddable":true,"href":"https:\/\/agora.xtec.cat\/ceip-lesferreries-palafolls\/wp-json\/wp\/v2\/comments?post=3492"}],"version-history":[{"count":2,"href":"https:\/\/agora.xtec.cat\/ceip-lesferreries-palafolls\/wp-json\/wp\/v2\/posts\/3492\/revisions"}],"predecessor-version":[{"id":3497,"href":"https:\/\/agora.xtec.cat\/ceip-lesferreries-palafolls\/wp-json\/wp\/v2\/posts\/3492\/revisions\/3497"}],"wp:featuredmedia":[{"embeddable":true,"href":"https:\/\/agora.xtec.cat\/ceip-lesferreries-palafolls\/wp-json\/wp\/v2\/media\/3495"}],"wp:attachment":[{"href":"https:\/\/agora.xtec.cat\/ceip-lesferreries-palafolls\/wp-json\/wp\/v2\/media?parent=3492"}],"wp:term":[{"taxonomy":"category","embeddable":true,"href":"https:\/\/agora.xtec.cat\/ceip-lesferreries-palafolls\/wp-json\/wp\/v2\/categories?post=3492"},{"taxonomy":"post_tag","embeddable":true,"href":"https:\/\/agora.xtec.cat\/ceip-lesferreries-palafolls\/wp-json\/wp\/v2\/tags?post=3492"}],"curies":[{"name":"wp","href":"https:\/\/api.w.org\/{rel}","templated":true}]}}