{"id":3318,"date":"2017-02-22T13:06:16","date_gmt":"2017-02-22T12:06:16","guid":{"rendered":"http:\/\/agora.xtec.cat\/ceip-lesferreries-palafolls\/?p=3318"},"modified":"2017-02-22T13:06:45","modified_gmt":"2017-02-22T12:06:45","slug":"quant-medeix-el-meu-cos","status":"publish","type":"post","link":"https:\/\/agora.xtec.cat\/ceip-lesferreries-palafolls\/general\/quant-medeix-el-meu-cos\/","title":{"rendered":"Quant mesura el meu cos?"},"content":{"rendered":"<p>Durant el per\u00edode de recerca d\u2019informaci\u00f3 del projecte del cos hum\u00e0, l\u2019Ada porta un material en el que explica que el cos d\u2019una persona adulta mesura 7 vegades el seu propi cap. Volem constatar aquesta hip\u00f2tesi i a partir d\u2019aqu\u00ed s\u2019origina tota una activitat en la que utilitzarem com a unitat de mesura primer el nostre propi cap i despr\u00e9s el nostre pam.<\/p>\n<p>Passes de l\u2019activitat:<\/p>\n<ol>\n<li>Hem tallat cintes grogues tan llargues com som cadasc\u00fa de nosaltres (una cinta per cada nen\/a).<\/li>\n<li>Les hem comparat i ordenat de la m\u00e9s curta a la m\u00e9s llarga per esbrinar qui \u00e9s el nen\/a m\u00e9s alt de la classe i el m\u00e9s baix.<\/li>\n<li>Hem mesurat el nostre cap i fet cintes tan llargues com ell. Hem estimat quantes cintes necessitem (per tant quants caps) per fer l\u2019equival\u00e8ncia amb la cinta groga del nostre cos. Hem descobert que en el cas de nens petits, el seu cos mesura, en la major part dels casos, 6 caps i no 7, com en el cas dels adults.<\/li>\n<li>Hem fet el mateix procediment, per\u00f2 amb pams. Hem descobert que cada nen ha necessitat 7 pams.<\/li>\n<li>Conclusions:<\/li>\n<\/ol>\n<p>El cos dels nens i nenes mesuren menys caps que els dels adults.<\/p>\n<p>Tots els nens mesuren els mateixos caps: 6<\/p>\n<p>Tots els nens\/es mesuren els mateixos pams: 7<\/p>\n<p>&nbsp;<\/p>\n<p>Mireu el desenvolupament de les activitats:<\/p>\n<p><a href=\"https:\/\/goo.gl\/photos\/5epXP2Uk1KNEeqNy7\">https:\/\/goo.gl\/photos\/5epXP2Uk1KNEeqNy7<\/a><\/p>\n","protected":false},"excerpt":{"rendered":"<p>Durant el per\u00edode de recerca d\u2019informaci\u00f3 del projecte del cos hum\u00e0, l\u2019Ada porta un material en el que explica que el cos d\u2019una persona adulta mesura 7 vegades el seu propi cap. Volem constatar aquesta hip\u00f2tesi i a partir d\u2019aqu\u00ed s\u2019origina tota una activitat en la que utilitzarem com a unitat de mesura primer el [&hellip;]<\/p>\n","protected":false},"author":52,"featured_media":3319,"comment_status":"open","ping_status":"open","sticky":false,"template":"","format":"standard","meta":{"_bbp_topic_count":0,"_bbp_reply_count":0,"_bbp_total_topic_count":0,"_bbp_total_reply_count":0,"_bbp_voice_count":0,"_bbp_anonymous_reply_count":0,"_bbp_topic_count_hidden":0,"_bbp_reply_count_hidden":0,"_bbp_forum_subforum_count":0,"site-sidebar-layout":"default","site-content-layout":"","ast-site-content-layout":"","site-content-style":"default","site-sidebar-style":"default","ast-global-header-display":"","ast-banner-title-visibility":"","ast-main-header-display":"","ast-hfb-above-header-display":"","ast-hfb-below-header-display":"","ast-hfb-mobile-header-display":"","site-post-title":"","ast-breadcrumbs-content":"","ast-featured-img":"","footer-sml-layout":"","theme-transparent-header-meta":"","adv-header-id-meta":"","stick-header-meta":"","header-above-stick-meta":"","header-main-stick-meta":"","header-below-stick-meta":"","astra-migrate-meta-layouts":"default","ast-page-background-enabled":"default","ast-page-background-meta":{"desktop":{"background-color":"var(--ast-global-color-4)","background-image":"","background-repeat":"repeat","background-position":"center center","background-size":"auto","background-attachment":"scroll","background-type":"","background-media":"","overlay-type":"","overlay-color":"","overlay-opacity":"","overlay-gradient":""},"tablet":{"background-color":"","background-image":"","background-repeat":"repeat","background-position":"center center","background-size":"auto","background-attachment":"scroll","background-type":"","background-media":"","overlay-type":"","overlay-color":"","overlay-opacity":"","overlay-gradient":""},"mobile":{"background-color":"","background-image":"","background-repeat":"repeat","background-position":"center center","background-size":"auto","background-attachment":"scroll","background-type":"","background-media":"","overlay-type":"","overlay-color":"","overlay-opacity":"","overlay-gradient":""}},"ast-content-background-meta":{"desktop":{"background-color":"var(--ast-global-color-5)","background-image":"","background-repeat":"repeat","background-position":"center center","background-size":"auto","background-attachment":"scroll","background-type":"","background-media":"","overlay-type":"","overlay-color":"","overlay-opacity":"","overlay-gradient":""},"tablet":{"background-color":"var(--ast-global-color-5)","background-image":"","background-repeat":"repeat","background-position":"center center","background-size":"auto","background-attachment":"scroll","background-type":"","background-media":"","overlay-type":"","overlay-color":"","overlay-opacity":"","overlay-gradient":""},"mobile":{"background-color":"var(--ast-global-color-5)","background-image":"","background-repeat":"repeat","background-position":"center center","background-size":"auto","background-attachment":"scroll","background-type":"","background-media":"","overlay-type":"","overlay-color":"","overlay-opacity":"","overlay-gradient":""}},"footnotes":""},"categories":[1],"tags":[],"class_list":["post-3318","post","type-post","status-publish","format-standard","has-post-thumbnail","hentry","category-general"],"post_mailing_queue_ids":[],"_links":{"self":[{"href":"https:\/\/agora.xtec.cat\/ceip-lesferreries-palafolls\/wp-json\/wp\/v2\/posts\/3318","targetHints":{"allow":["GET"]}}],"collection":[{"href":"https:\/\/agora.xtec.cat\/ceip-lesferreries-palafolls\/wp-json\/wp\/v2\/posts"}],"about":[{"href":"https:\/\/agora.xtec.cat\/ceip-lesferreries-palafolls\/wp-json\/wp\/v2\/types\/post"}],"author":[{"embeddable":true,"href":"https:\/\/agora.xtec.cat\/ceip-lesferreries-palafolls\/wp-json\/wp\/v2\/users\/52"}],"replies":[{"embeddable":true,"href":"https:\/\/agora.xtec.cat\/ceip-lesferreries-palafolls\/wp-json\/wp\/v2\/comments?post=3318"}],"version-history":[{"count":3,"href":"https:\/\/agora.xtec.cat\/ceip-lesferreries-palafolls\/wp-json\/wp\/v2\/posts\/3318\/revisions"}],"predecessor-version":[{"id":3322,"href":"https:\/\/agora.xtec.cat\/ceip-lesferreries-palafolls\/wp-json\/wp\/v2\/posts\/3318\/revisions\/3322"}],"wp:featuredmedia":[{"embeddable":true,"href":"https:\/\/agora.xtec.cat\/ceip-lesferreries-palafolls\/wp-json\/wp\/v2\/media\/3319"}],"wp:attachment":[{"href":"https:\/\/agora.xtec.cat\/ceip-lesferreries-palafolls\/wp-json\/wp\/v2\/media?parent=3318"}],"wp:term":[{"taxonomy":"category","embeddable":true,"href":"https:\/\/agora.xtec.cat\/ceip-lesferreries-palafolls\/wp-json\/wp\/v2\/categories?post=3318"},{"taxonomy":"post_tag","embeddable":true,"href":"https:\/\/agora.xtec.cat\/ceip-lesferreries-palafolls\/wp-json\/wp\/v2\/tags?post=3318"}],"curies":[{"name":"wp","href":"https:\/\/api.w.org\/{rel}","templated":true}]}}