{"id":2954,"date":"2016-12-16T12:06:27","date_gmt":"2016-12-16T11:06:27","guid":{"rendered":"http:\/\/agora.xtec.cat\/ceip-lesferreries-palafolls\/?p=2954"},"modified":"2017-10-26T15:24:32","modified_gmt":"2017-10-26T13:24:32","slug":"tots-en-moviment","status":"publish","type":"post","link":"https:\/\/agora.xtec.cat\/ceip-lesferreries-palafolls\/portada\/tots-en-moviment\/","title":{"rendered":"Tots en moviment!"},"content":{"rendered":"<p>El passat dimarts 13 de desembre, en el Palauet de Palafolls, els de 3r vam realitzar una bonica activitat amb la gent gran que participen en el curs de balls en l\u00ednia.<\/p>\n<p>Aquesta activitat va ser el punt i final al projecte que han fet els alumnes de 3r anomenat: &#8220;Tots en moviment&#8221;. Des de les diferents \u00e0rees, s&#8217;ha fet un treball interdisciplinari. Vam comen\u00e7ar amb l&#8217;excursi\u00f3 al &#8220;Camina Descal\u00e7&#8221; d&#8217;Arb\u00facies, on, juntament a l&#8217;\u00e0rea de Medi, vam aprendre sobre els sentits. A Angl\u00e8s i a Catal\u00e0, s&#8217;han treballat les parts del cos hum\u00e0 a trav\u00e9s de can\u00e7ons. Des de l&#8217;\u00e0rea d&#8217;Educaci\u00f3 F\u00edsica tamb\u00e9 s&#8217;han treballat aspectes com les articulacions, conscienciaci\u00f3 de les parts del cos, exploraci\u00f3 dels moviments i possibilitats, del cos. A Educaci\u00f3 Art\u00edstica, ho hem treballat des d&#8217;una vessant m\u00e9s art\u00edstica, muntant un esquelet i decorant-lo.<\/p>\n<p>Ball en l\u00ednia, ball de grup, \u201cline dance\u201d, amb tots aquests noms, es coneix als balls que realitza un grup de persones de manera sincronitzada, seguint una coreografia establerta per endavant i de forma independent, \u00e9s a dir, no es balla en parella. No obstant aix\u00f2, aqu\u00ed no s&#8217;improvisa. Es balla sobre una coreografia est\u00e0ndard que executa el grup al mateix temps, seguint unes pautes.<\/p>\n<p>L&#8217;origen hi ha qui el situa en el salvatge oest en el que es deia country dance, amb el seu llenguatge espec\u00edfic i una mica complicat i les seves grans varietats i influ\u00e8ncies. No obstant aix\u00f2, s&#8217;ha est\u00e8s a altres ritmes, i s&#8217;ha sabut ficar a les sales de ball i en qualsevol festa popular, el pot practicar tothom independentment de l&#8217;edat, tal com vam poder comprovar amb la demostraci\u00f3 que vam realitzar als pares.<\/p>\n<p>Actualment, les coreografies s\u00f3n tan variades com ritmes i can\u00e7ons hagi. No hi ha regles per establir aquestes coreografies, poden variar d\u2019un pa\u00eds o d\u2019una regi\u00f3 a una altra per a una mateixa can\u00e7\u00f3.<\/p>\n<p>Per\u00f2 l&#8217;objectiu no \u00e9s nom\u00e9s ballar, \u00e9s fer exercici, millorar la nostra agilitat i la nostra flexibilitat, aix\u00ed com la nostra postura, que es fa m\u00e9s elegant i al\u00e7ada. Tamb\u00e9 serveix per enfortir la nostra confian\u00e7a, \u00a0una forma de relacionar-nos amb els altres i \u00e9s, sobretot, una forma de divertir-nos.<\/p>\n<p>Amb aquesta activitat els nens i nenes han compartit una activitat que agrada tan a grans com a petits, el ball. Els hi ha fet molta il\u00b7lusi\u00f3 compartir escena amb gent gran del poble que potser coneixien, com pot ser no, i se n&#8217;han adonat que poden compartir aficions, tot i la difer\u00e8ncia d&#8217;edat. Un altre fet que els ha entusiasmat, es poder mostrar als pares en viu i directe, tot el treball previ realitzat durant aquests mesos, assajos amb la Nuri i en Paco al MID, com l&#8217;assaig general que vam realitzar amb tota la gent gran en el Palauet.<\/p>\n<p>Ha sigut, creiem, una activitat molt enriquidora per tots els que hem participat, alumnes, gent gran, pares, avis, &#8230;<\/p>\n<p>En el seg\u00fcents enlla\u00e7os, trobareu les fotos i v\u00eddeos del projecte Tots en Moviment. Us animem a que tamb\u00e9 afegiu fotos i v\u00eddeos i feu les vostres aportacions en aquest \u00e0lbum del google photos.<\/p>\n<p><a href=\"https:\/\/goo.gl\/photos\/Dc1wjHU5tBxAqLAn9\" target=\"_blank\">Demostraci\u00f3 balls en l\u00ednia Palauet<\/a><\/p>\n<p><a href=\"https:\/\/goo.gl\/photos\/M4yjavhSzP7wWvgi8\" target=\"_blank\">Assajos<\/a><\/p>\n<p>Gr\u00e0cies. Tutores i equip docent de 3r de prim\u00e0ria.<\/p>\n","protected":false},"excerpt":{"rendered":"<p>El passat dimarts 13 de desembre, en el Palauet de Palafolls, els de 3r vam realitzar una bonica activitat amb la gent gran que participen en el curs de balls en l\u00ednia. Aquesta activitat va ser el punt i final al projecte que han fet els alumnes de 3r anomenat: &#8220;Tots en moviment&#8221;. Des de [&hellip;]<\/p>\n","protected":false},"author":65,"featured_media":2955,"comment_status":"open","ping_status":"open","sticky":false,"template":"","format":"standard","meta":{"_bbp_topic_count":0,"_bbp_reply_count":0,"_bbp_total_topic_count":0,"_bbp_total_reply_count":0,"_bbp_voice_count":0,"_bbp_anonymous_reply_count":0,"_bbp_topic_count_hidden":0,"_bbp_reply_count_hidden":0,"_bbp_forum_subforum_count":0,"site-sidebar-layout":"default","site-content-layout":"","ast-site-content-layout":"","site-content-style":"default","site-sidebar-style":"default","ast-global-header-display":"","ast-banner-title-visibility":"","ast-main-header-display":"","ast-hfb-above-header-display":"","ast-hfb-below-header-display":"","ast-hfb-mobile-header-display":"","site-post-title":"","ast-breadcrumbs-content":"","ast-featured-img":"","footer-sml-layout":"","theme-transparent-header-meta":"","adv-header-id-meta":"","stick-header-meta":"","header-above-stick-meta":"","header-main-stick-meta":"","header-below-stick-meta":"","astra-migrate-meta-layouts":"default","ast-page-background-enabled":"default","ast-page-background-meta":{"desktop":{"background-color":"var(--ast-global-color-4)","background-image":"","background-repeat":"repeat","background-position":"center center","background-size":"auto","background-attachment":"scroll","background-type":"","background-media":"","overlay-type":"","overlay-color":"","overlay-opacity":"","overlay-gradient":""},"tablet":{"background-color":"","background-image":"","background-repeat":"repeat","background-position":"center center","background-size":"auto","background-attachment":"scroll","background-type":"","background-media":"","overlay-type":"","overlay-color":"","overlay-opacity":"","overlay-gradient":""},"mobile":{"background-color":"","background-image":"","background-repeat":"repeat","background-position":"center center","background-size":"auto","background-attachment":"scroll","background-type":"","background-media":"","overlay-type":"","overlay-color":"","overlay-opacity":"","overlay-gradient":""}},"ast-content-background-meta":{"desktop":{"background-color":"var(--ast-global-color-5)","background-image":"","background-repeat":"repeat","background-position":"center center","background-size":"auto","background-attachment":"scroll","background-type":"","background-media":"","overlay-type":"","overlay-color":"","overlay-opacity":"","overlay-gradient":""},"tablet":{"background-color":"var(--ast-global-color-5)","background-image":"","background-repeat":"repeat","background-position":"center center","background-size":"auto","background-attachment":"scroll","background-type":"","background-media":"","overlay-type":"","overlay-color":"","overlay-opacity":"","overlay-gradient":""},"mobile":{"background-color":"var(--ast-global-color-5)","background-image":"","background-repeat":"repeat","background-position":"center center","background-size":"auto","background-attachment":"scroll","background-type":"","background-media":"","overlay-type":"","overlay-color":"","overlay-opacity":"","overlay-gradient":""}},"footnotes":""},"categories":[4],"tags":[426,224,80],"class_list":["post-2954","post","type-post","status-publish","format-standard","has-post-thumbnail","hentry","category-portada","tag-3r","tag-projecte","tag-projecte-interdisciplinar"],"post_mailing_queue_ids":[],"_links":{"self":[{"href":"https:\/\/agora.xtec.cat\/ceip-lesferreries-palafolls\/wp-json\/wp\/v2\/posts\/2954","targetHints":{"allow":["GET"]}}],"collection":[{"href":"https:\/\/agora.xtec.cat\/ceip-lesferreries-palafolls\/wp-json\/wp\/v2\/posts"}],"about":[{"href":"https:\/\/agora.xtec.cat\/ceip-lesferreries-palafolls\/wp-json\/wp\/v2\/types\/post"}],"author":[{"embeddable":true,"href":"https:\/\/agora.xtec.cat\/ceip-lesferreries-palafolls\/wp-json\/wp\/v2\/users\/65"}],"replies":[{"embeddable":true,"href":"https:\/\/agora.xtec.cat\/ceip-lesferreries-palafolls\/wp-json\/wp\/v2\/comments?post=2954"}],"version-history":[{"count":3,"href":"https:\/\/agora.xtec.cat\/ceip-lesferreries-palafolls\/wp-json\/wp\/v2\/posts\/2954\/revisions"}],"predecessor-version":[{"id":2970,"href":"https:\/\/agora.xtec.cat\/ceip-lesferreries-palafolls\/wp-json\/wp\/v2\/posts\/2954\/revisions\/2970"}],"wp:featuredmedia":[{"embeddable":true,"href":"https:\/\/agora.xtec.cat\/ceip-lesferreries-palafolls\/wp-json\/wp\/v2\/media\/2955"}],"wp:attachment":[{"href":"https:\/\/agora.xtec.cat\/ceip-lesferreries-palafolls\/wp-json\/wp\/v2\/media?parent=2954"}],"wp:term":[{"taxonomy":"category","embeddable":true,"href":"https:\/\/agora.xtec.cat\/ceip-lesferreries-palafolls\/wp-json\/wp\/v2\/categories?post=2954"},{"taxonomy":"post_tag","embeddable":true,"href":"https:\/\/agora.xtec.cat\/ceip-lesferreries-palafolls\/wp-json\/wp\/v2\/tags?post=2954"}],"curies":[{"name":"wp","href":"https:\/\/api.w.org\/{rel}","templated":true}]}}