{"id":2949,"date":"2017-02-10T10:29:20","date_gmt":"2017-02-10T09:29:20","guid":{"rendered":"http:\/\/agora.xtec.cat\/ceip-lesferreries-palafolls\/?p=2949"},"modified":"2017-10-26T15:39:11","modified_gmt":"2017-10-26T13:39:11","slug":"projecte-el-cos-els-organs-interns","status":"publish","type":"post","link":"https:\/\/agora.xtec.cat\/ceip-lesferreries-palafolls\/general\/projecte-el-cos-els-organs-interns\/","title":{"rendered":"Projecte el cos. Els \u00f2rgans interns."},"content":{"rendered":"<p>A P5 continuem amb el nostre projecte. Ara li toca el torn als \u00f2rgans interns.<\/p>\n<p>Els infants de les dues classes han estat portant molt material sobre el cos: contes, dibuixos, reproduccions del cos hum\u00e0 en miniatura&#8230; Fent revisi\u00f3 de tot hem pogut constatar diverses coses: el cos hum\u00e0 t\u00e9 molts \u00f2rgans interns, aquests s\u00f3n tous i molts d&#8217;ells estan protegits per les costelles.<\/p>\n<p>Ara \u00a0fem un pas m\u00e9s i ho volem comprovar per nosaltres mateixos, aix\u00ed que portem un fetge, un cerbell, un cor, uns ronyos i uns pulmons de veritat a la classe.<\/p>\n<p>Els nens i nenes observen que aquests, efectivament, s\u00f3n tous, que s\u00f3n relliscosos i que tenen sang. Tamb\u00e9 constatem la fragilitat del cervell&#8230; ja que en caure al terra per accident queda desfet.<\/p>\n<p>El millor moment de la sessi\u00f3 \u00e9s quan bufem (a trav\u00e9s d&#8217;una canyeta) la tr\u00e0quea que va fins als pulmons. Sorprenentment aquests s&#8217;inflan doblant, casi b\u00e9, la seva dimensi\u00f3. A la classe es sent un &#8220;ohhhh&#8221; generalitzat que il\u00b7lustra la sorpresa de tots els infants.<\/p>\n<p>Mireu una part de l&#8217;activitat.<\/p>\n<p><a href=\"https:\/\/goo.gl\/photos\/iUJp9UEnHY9vTtGr5\" target=\"_blank\">Projecte del cos. Fotos.<\/a><\/p>\n","protected":false},"excerpt":{"rendered":"<p>A P5 continuem amb el nostre projecte. Ara li toca el torn als \u00f2rgans interns. Els infants de les dues classes han estat portant molt material sobre el cos: contes, dibuixos, reproduccions del cos hum\u00e0 en miniatura&#8230; Fent revisi\u00f3 de tot hem pogut constatar diverses coses: el cos hum\u00e0 t\u00e9 molts \u00f2rgans interns, aquests s\u00f3n [&hellip;]<\/p>\n","protected":false},"author":52,"featured_media":2951,"comment_status":"open","ping_status":"open","sticky":false,"template":"","format":"standard","meta":{"_bbp_topic_count":0,"_bbp_reply_count":0,"_bbp_total_topic_count":0,"_bbp_total_reply_count":0,"_bbp_voice_count":0,"_bbp_anonymous_reply_count":0,"_bbp_topic_count_hidden":0,"_bbp_reply_count_hidden":0,"_bbp_forum_subforum_count":0,"site-sidebar-layout":"default","site-content-layout":"","ast-site-content-layout":"","site-content-style":"default","site-sidebar-style":"default","ast-global-header-display":"","ast-banner-title-visibility":"","ast-main-header-display":"","ast-hfb-above-header-display":"","ast-hfb-below-header-display":"","ast-hfb-mobile-header-display":"","site-post-title":"","ast-breadcrumbs-content":"","ast-featured-img":"","footer-sml-layout":"","theme-transparent-header-meta":"","adv-header-id-meta":"","stick-header-meta":"","header-above-stick-meta":"","header-main-stick-meta":"","header-below-stick-meta":"","astra-migrate-meta-layouts":"default","ast-page-background-enabled":"default","ast-page-background-meta":{"desktop":{"background-color":"var(--ast-global-color-4)","background-image":"","background-repeat":"repeat","background-position":"center center","background-size":"auto","background-attachment":"scroll","background-type":"","background-media":"","overlay-type":"","overlay-color":"","overlay-opacity":"","overlay-gradient":""},"tablet":{"background-color":"","background-image":"","background-repeat":"repeat","background-position":"center center","background-size":"auto","background-attachment":"scroll","background-type":"","background-media":"","overlay-type":"","overlay-color":"","overlay-opacity":"","overlay-gradient":""},"mobile":{"background-color":"","background-image":"","background-repeat":"repeat","background-position":"center center","background-size":"auto","background-attachment":"scroll","background-type":"","background-media":"","overlay-type":"","overlay-color":"","overlay-opacity":"","overlay-gradient":""}},"ast-content-background-meta":{"desktop":{"background-color":"var(--ast-global-color-5)","background-image":"","background-repeat":"repeat","background-position":"center center","background-size":"auto","background-attachment":"scroll","background-type":"","background-media":"","overlay-type":"","overlay-color":"","overlay-opacity":"","overlay-gradient":""},"tablet":{"background-color":"var(--ast-global-color-5)","background-image":"","background-repeat":"repeat","background-position":"center center","background-size":"auto","background-attachment":"scroll","background-type":"","background-media":"","overlay-type":"","overlay-color":"","overlay-opacity":"","overlay-gradient":""},"mobile":{"background-color":"var(--ast-global-color-5)","background-image":"","background-repeat":"repeat","background-position":"center center","background-size":"auto","background-attachment":"scroll","background-type":"","background-media":"","overlay-type":"","overlay-color":"","overlay-opacity":"","overlay-gradient":""}},"footnotes":""},"categories":[1],"tags":[],"class_list":["post-2949","post","type-post","status-publish","format-standard","has-post-thumbnail","hentry","category-general"],"post_mailing_queue_ids":[],"_links":{"self":[{"href":"https:\/\/agora.xtec.cat\/ceip-lesferreries-palafolls\/wp-json\/wp\/v2\/posts\/2949","targetHints":{"allow":["GET"]}}],"collection":[{"href":"https:\/\/agora.xtec.cat\/ceip-lesferreries-palafolls\/wp-json\/wp\/v2\/posts"}],"about":[{"href":"https:\/\/agora.xtec.cat\/ceip-lesferreries-palafolls\/wp-json\/wp\/v2\/types\/post"}],"author":[{"embeddable":true,"href":"https:\/\/agora.xtec.cat\/ceip-lesferreries-palafolls\/wp-json\/wp\/v2\/users\/52"}],"replies":[{"embeddable":true,"href":"https:\/\/agora.xtec.cat\/ceip-lesferreries-palafolls\/wp-json\/wp\/v2\/comments?post=2949"}],"version-history":[{"count":3,"href":"https:\/\/agora.xtec.cat\/ceip-lesferreries-palafolls\/wp-json\/wp\/v2\/posts\/2949\/revisions"}],"predecessor-version":[{"id":3162,"href":"https:\/\/agora.xtec.cat\/ceip-lesferreries-palafolls\/wp-json\/wp\/v2\/posts\/2949\/revisions\/3162"}],"wp:featuredmedia":[{"embeddable":true,"href":"https:\/\/agora.xtec.cat\/ceip-lesferreries-palafolls\/wp-json\/wp\/v2\/media\/2951"}],"wp:attachment":[{"href":"https:\/\/agora.xtec.cat\/ceip-lesferreries-palafolls\/wp-json\/wp\/v2\/media?parent=2949"}],"wp:term":[{"taxonomy":"category","embeddable":true,"href":"https:\/\/agora.xtec.cat\/ceip-lesferreries-palafolls\/wp-json\/wp\/v2\/categories?post=2949"},{"taxonomy":"post_tag","embeddable":true,"href":"https:\/\/agora.xtec.cat\/ceip-lesferreries-palafolls\/wp-json\/wp\/v2\/tags?post=2949"}],"curies":[{"name":"wp","href":"https:\/\/api.w.org\/{rel}","templated":true}]}}