{"id":2533,"date":"2016-06-15T18:13:25","date_gmt":"2016-06-15T17:13:25","guid":{"rendered":"http:\/\/agora.xtec.cat\/ceip-lesferreries-palafolls\/?p=2533"},"modified":"2016-10-13T22:07:05","modified_gmt":"2016-10-13T21:07:05","slug":"tercera-cursa-atletica-de-les-ferreries","status":"publish","type":"post","link":"https:\/\/agora.xtec.cat\/ceip-lesferreries-palafolls\/portada\/tercera-cursa-atletica-de-les-ferreries\/","title":{"rendered":"Tercera Cursa atl\u00e8tica de Les Ferreries"},"content":{"rendered":"<p>Com cada any hem fet aquest dimarts la cursa atl\u00e9tica de l&#8217;escola, amb la participaci\u00f3 de tots els nens i nenes de l&#8217;escola, des de els m\u00e9s petits de P3 fins als alumnes de sis\u00e8.<\/p>\n<p>Tot i que aquest any us mostrem els guanyadors de les diferents curses, el m\u00e9s important ha estat veure\u00a0l&#8217;ambient creat entre tots els nens i nenes.<\/p>\n<p>Per \u00faltim, felicitar els alumnes de sis\u00e8 que han realitzat l&#8217;escalfament de tots els nens i nenes, i que han ajudat als m\u00e9s petits en la cursa, corrent amb ells i guiant-los i animant-los en tot moment. Gr\u00e0cies a tots per la vostra ajuda.<\/p>\n<p>Si voleu veure totes les fotos de la cursa podeu fer-lo a trav\u00e9s del seg\u00fcent enlla\u00e7<\/p>\n<p><a href=\"https:\/\/goo.gl\/photos\/q9o6tgyDHuZM2A8s7\" target=\"_blank\">Tercera Cursa atl\u00e8tica de Les Ferreries<\/a><\/p>\n<p>I aqu\u00ed us deixem la foto dels campions de la jornada,<\/p>\n<h3><strong>Cicle superior<\/strong><\/h3>\n<p><a href=\"http:\/\/agora.xtec.cat\/ceip-lesferreries-palafolls\/wp-content\/uploads\/usu670\/2016\/06\/IMG_2505.jpg\" rel=\"attachment wp-att-2549\"><img loading=\"lazy\" decoding=\"async\" class=\"alignnone wp-image-2549\" src=\"http:\/\/agora.xtec.cat\/ceip-lesferreries-palafolls\/wp-content\/uploads\/usu670\/2016\/06\/IMG_2505.jpg\" alt=\"IMG_2505\" width=\"914\" height=\"685\" srcset=\"https:\/\/agora.xtec.cat\/ceip-lesferreries-palafolls\/wp-content\/uploads\/usu670\/2016\/06\/IMG_2505.jpg 1008w, https:\/\/agora.xtec.cat\/ceip-lesferreries-palafolls\/wp-content\/uploads\/usu670\/2016\/06\/IMG_2505-300x225.jpg 300w, https:\/\/agora.xtec.cat\/ceip-lesferreries-palafolls\/wp-content\/uploads\/usu670\/2016\/06\/IMG_2505-768x576.jpg 768w, https:\/\/agora.xtec.cat\/ceip-lesferreries-palafolls\/wp-content\/uploads\/usu670\/2016\/06\/IMG_2505-200x150.jpg 200w\" sizes=\"auto, (max-width: 914px) 100vw, 914px\" \/><\/a><\/p>\n<p><a href=\"http:\/\/agora.xtec.cat\/ceip-lesferreries-palafolls\/wp-content\/uploads\/usu670\/2016\/06\/20160614_103558-1.jpg\" rel=\"attachment wp-att-2551\"><img loading=\"lazy\" decoding=\"async\" class=\"alignnone wp-image-2551\" src=\"http:\/\/agora.xtec.cat\/ceip-lesferreries-palafolls\/wp-content\/uploads\/usu670\/2016\/06\/20160614_103558-1.jpg\" alt=\"20160614_103558\" width=\"913\" height=\"620\" srcset=\"https:\/\/agora.xtec.cat\/ceip-lesferreries-palafolls\/wp-content\/uploads\/usu670\/2016\/06\/20160614_103558-1.jpg 917w, https:\/\/agora.xtec.cat\/ceip-lesferreries-palafolls\/wp-content\/uploads\/usu670\/2016\/06\/20160614_103558-1-300x204.jpg 300w, https:\/\/agora.xtec.cat\/ceip-lesferreries-palafolls\/wp-content\/uploads\/usu670\/2016\/06\/20160614_103558-1-768x522.jpg 768w\" sizes=\"auto, (max-width: 913px) 100vw, 913px\" \/><\/a><\/p>\n<h3><strong>Cicle Mitj\u00e0<\/strong><\/h3>\n<p><a href=\"http:\/\/agora.xtec.cat\/ceip-lesferreries-palafolls\/wp-content\/uploads\/usu670\/2016\/06\/20160614_102652.jpg\" rel=\"attachment wp-att-2554\"><img loading=\"lazy\" decoding=\"async\" class=\"alignnone wp-image-2554\" src=\"http:\/\/agora.xtec.cat\/ceip-lesferreries-palafolls\/wp-content\/uploads\/usu670\/2016\/06\/20160614_102652.jpg\" alt=\"20160614_102652\" width=\"916\" height=\"812\" srcset=\"https:\/\/agora.xtec.cat\/ceip-lesferreries-palafolls\/wp-content\/uploads\/usu670\/2016\/06\/20160614_102652.jpg 458w, https:\/\/agora.xtec.cat\/ceip-lesferreries-palafolls\/wp-content\/uploads\/usu670\/2016\/06\/20160614_102652-300x266.jpg 300w\" sizes=\"auto, (max-width: 916px) 100vw, 916px\" \/><\/a><\/p>\n<p><img loading=\"lazy\" decoding=\"async\" class=\"alignnone wp-image-2553\" src=\"http:\/\/agora.xtec.cat\/ceip-lesferreries-palafolls\/wp-content\/uploads\/usu670\/2016\/06\/IMG_2450.jpg\" alt=\"IMG_2450\" width=\"915\" height=\"686\" srcset=\"https:\/\/agora.xtec.cat\/ceip-lesferreries-palafolls\/wp-content\/uploads\/usu670\/2016\/06\/IMG_2450.jpg 1008w, https:\/\/agora.xtec.cat\/ceip-lesferreries-palafolls\/wp-content\/uploads\/usu670\/2016\/06\/IMG_2450-300x225.jpg 300w, https:\/\/agora.xtec.cat\/ceip-lesferreries-palafolls\/wp-content\/uploads\/usu670\/2016\/06\/IMG_2450-768x576.jpg 768w, https:\/\/agora.xtec.cat\/ceip-lesferreries-palafolls\/wp-content\/uploads\/usu670\/2016\/06\/IMG_2450-200x150.jpg 200w\" sizes=\"auto, (max-width: 915px) 100vw, 915px\" \/><\/p>\n<h3><strong>Cicle Inicial<\/strong><\/h3>\n<p><img loading=\"lazy\" decoding=\"async\" class=\"alignnone wp-image-2552\" src=\"http:\/\/agora.xtec.cat\/ceip-lesferreries-palafolls\/wp-content\/uploads\/usu670\/2016\/06\/IMG_2402.jpg\" alt=\"IMG_2402\" width=\"911\" height=\"683\" srcset=\"https:\/\/agora.xtec.cat\/ceip-lesferreries-palafolls\/wp-content\/uploads\/usu670\/2016\/06\/IMG_2402.jpg 1008w, https:\/\/agora.xtec.cat\/ceip-lesferreries-palafolls\/wp-content\/uploads\/usu670\/2016\/06\/IMG_2402-300x225.jpg 300w, https:\/\/agora.xtec.cat\/ceip-lesferreries-palafolls\/wp-content\/uploads\/usu670\/2016\/06\/IMG_2402-768x576.jpg 768w, https:\/\/agora.xtec.cat\/ceip-lesferreries-palafolls\/wp-content\/uploads\/usu670\/2016\/06\/IMG_2402-200x150.jpg 200w\" sizes=\"auto, (max-width: 911px) 100vw, 911px\" \/><\/p>\n<p><img loading=\"lazy\" decoding=\"async\" class=\"alignnone wp-image-2557\" src=\"http:\/\/agora.xtec.cat\/ceip-lesferreries-palafolls\/wp-content\/uploads\/usu670\/2016\/06\/IMG_2400.jpg\" alt=\"IMG_2400\" width=\"914\" height=\"685\" srcset=\"https:\/\/agora.xtec.cat\/ceip-lesferreries-palafolls\/wp-content\/uploads\/usu670\/2016\/06\/IMG_2400.jpg 1008w, https:\/\/agora.xtec.cat\/ceip-lesferreries-palafolls\/wp-content\/uploads\/usu670\/2016\/06\/IMG_2400-300x225.jpg 300w, https:\/\/agora.xtec.cat\/ceip-lesferreries-palafolls\/wp-content\/uploads\/usu670\/2016\/06\/IMG_2400-768x576.jpg 768w, https:\/\/agora.xtec.cat\/ceip-lesferreries-palafolls\/wp-content\/uploads\/usu670\/2016\/06\/IMG_2400-200x150.jpg 200w\" sizes=\"auto, (max-width: 914px) 100vw, 914px\" \/><\/p>\n<h3><strong>P4 i P5<\/strong><\/h3>\n<p><a href=\"http:\/\/agora.xtec.cat\/ceip-lesferreries-palafolls\/wp-content\/uploads\/usu670\/2016\/06\/IMG_2267.jpg\" rel=\"attachment wp-att-2555\"><img loading=\"lazy\" decoding=\"async\" class=\"alignnone wp-image-2555\" src=\"http:\/\/agora.xtec.cat\/ceip-lesferreries-palafolls\/wp-content\/uploads\/usu670\/2016\/06\/IMG_2267.jpg\" alt=\"IMG_2267\" width=\"927\" height=\"566\" srcset=\"https:\/\/agora.xtec.cat\/ceip-lesferreries-palafolls\/wp-content\/uploads\/usu670\/2016\/06\/IMG_2267.jpg 1007w, https:\/\/agora.xtec.cat\/ceip-lesferreries-palafolls\/wp-content\/uploads\/usu670\/2016\/06\/IMG_2267-300x183.jpg 300w, https:\/\/agora.xtec.cat\/ceip-lesferreries-palafolls\/wp-content\/uploads\/usu670\/2016\/06\/IMG_2267-768x469.jpg 768w\" sizes=\"auto, (max-width: 927px) 100vw, 927px\" \/><\/a><\/p>\n<p><a href=\"http:\/\/agora.xtec.cat\/ceip-lesferreries-palafolls\/wp-content\/uploads\/usu670\/2016\/06\/IMG_2274.jpg\" rel=\"attachment wp-att-2558\"><img loading=\"lazy\" decoding=\"async\" class=\"alignnone wp-image-2558\" src=\"http:\/\/agora.xtec.cat\/ceip-lesferreries-palafolls\/wp-content\/uploads\/usu670\/2016\/06\/IMG_2274.jpg\" alt=\"IMG_2274\" width=\"930\" height=\"697\" srcset=\"https:\/\/agora.xtec.cat\/ceip-lesferreries-palafolls\/wp-content\/uploads\/usu670\/2016\/06\/IMG_2274.jpg 1008w, https:\/\/agora.xtec.cat\/ceip-lesferreries-palafolls\/wp-content\/uploads\/usu670\/2016\/06\/IMG_2274-300x225.jpg 300w, https:\/\/agora.xtec.cat\/ceip-lesferreries-palafolls\/wp-content\/uploads\/usu670\/2016\/06\/IMG_2274-768x576.jpg 768w, https:\/\/agora.xtec.cat\/ceip-lesferreries-palafolls\/wp-content\/uploads\/usu670\/2016\/06\/IMG_2274-200x150.jpg 200w\" sizes=\"auto, (max-width: 930px) 100vw, 930px\" \/><\/a><\/p>\n<h3><strong>P3<\/strong><\/h3>\n<p><img loading=\"lazy\" decoding=\"async\" class=\"alignnone wp-image-2556\" src=\"http:\/\/agora.xtec.cat\/ceip-lesferreries-palafolls\/wp-content\/uploads\/usu670\/2016\/06\/IMG_2308.jpg\" alt=\"IMG_2308\" width=\"926\" height=\"695\" srcset=\"https:\/\/agora.xtec.cat\/ceip-lesferreries-palafolls\/wp-content\/uploads\/usu670\/2016\/06\/IMG_2308.jpg 1008w, https:\/\/agora.xtec.cat\/ceip-lesferreries-palafolls\/wp-content\/uploads\/usu670\/2016\/06\/IMG_2308-300x225.jpg 300w, https:\/\/agora.xtec.cat\/ceip-lesferreries-palafolls\/wp-content\/uploads\/usu670\/2016\/06\/IMG_2308-768x576.jpg 768w, https:\/\/agora.xtec.cat\/ceip-lesferreries-palafolls\/wp-content\/uploads\/usu670\/2016\/06\/IMG_2308-200x150.jpg 200w\" sizes=\"auto, (max-width: 926px) 100vw, 926px\" \/><\/p>\n<p><a href=\"http:\/\/agora.xtec.cat\/ceip-lesferreries-palafolls\/wp-content\/uploads\/usu670\/2016\/06\/IMG_2306.jpg\" rel=\"attachment wp-att-2559\"><img loading=\"lazy\" decoding=\"async\" class=\"alignnone wp-image-2559\" src=\"http:\/\/agora.xtec.cat\/ceip-lesferreries-palafolls\/wp-content\/uploads\/usu670\/2016\/06\/IMG_2306.jpg\" alt=\"IMG_2306\" width=\"931\" height=\"698\" srcset=\"https:\/\/agora.xtec.cat\/ceip-lesferreries-palafolls\/wp-content\/uploads\/usu670\/2016\/06\/IMG_2306.jpg 1008w, https:\/\/agora.xtec.cat\/ceip-lesferreries-palafolls\/wp-content\/uploads\/usu670\/2016\/06\/IMG_2306-300x225.jpg 300w, https:\/\/agora.xtec.cat\/ceip-lesferreries-palafolls\/wp-content\/uploads\/usu670\/2016\/06\/IMG_2306-768x576.jpg 768w, https:\/\/agora.xtec.cat\/ceip-lesferreries-palafolls\/wp-content\/uploads\/usu670\/2016\/06\/IMG_2306-200x150.jpg 200w\" sizes=\"auto, (max-width: 931px) 100vw, 931px\" \/><\/a><\/p>\n<p>&nbsp;<\/p>\n<p>&nbsp;<\/p>\n<p>&nbsp;<\/p>\n","protected":false},"excerpt":{"rendered":"<p>Com cada any hem fet aquest dimarts la cursa atl\u00e9tica de l&#8217;escola, amb la participaci\u00f3 de tots els nens i nenes de l&#8217;escola, des de els m\u00e9s petits de P3 fins als alumnes de sis\u00e8. Tot i que aquest any us mostrem els guanyadors de les diferents curses, el m\u00e9s important ha estat veure\u00a0l&#8217;ambient creat [&hellip;]<\/p>\n","protected":false},"author":45,"featured_media":2546,"comment_status":"open","ping_status":"open","sticky":false,"template":"","format":"standard","meta":{"_bbp_topic_count":0,"_bbp_reply_count":0,"_bbp_total_topic_count":0,"_bbp_total_reply_count":0,"_bbp_voice_count":0,"_bbp_anonymous_reply_count":0,"_bbp_topic_count_hidden":0,"_bbp_reply_count_hidden":0,"_bbp_forum_subforum_count":0,"site-sidebar-layout":"default","site-content-layout":"","ast-site-content-layout":"","site-content-style":"default","site-sidebar-style":"default","ast-global-header-display":"","ast-banner-title-visibility":"","ast-main-header-display":"","ast-hfb-above-header-display":"","ast-hfb-below-header-display":"","ast-hfb-mobile-header-display":"","site-post-title":"","ast-breadcrumbs-content":"","ast-featured-img":"","footer-sml-layout":"","theme-transparent-header-meta":"","adv-header-id-meta":"","stick-header-meta":"","header-above-stick-meta":"","header-main-stick-meta":"","header-below-stick-meta":"","astra-migrate-meta-layouts":"default","ast-page-background-enabled":"default","ast-page-background-meta":{"desktop":{"background-color":"var(--ast-global-color-4)","background-image":"","background-repeat":"repeat","background-position":"center center","background-size":"auto","background-attachment":"scroll","background-type":"","background-media":"","overlay-type":"","overlay-color":"","overlay-opacity":"","overlay-gradient":""},"tablet":{"background-color":"","background-image":"","background-repeat":"repeat","background-position":"center center","background-size":"auto","background-attachment":"scroll","background-type":"","background-media":"","overlay-type":"","overlay-color":"","overlay-opacity":"","overlay-gradient":""},"mobile":{"background-color":"","background-image":"","background-repeat":"repeat","background-position":"center center","background-size":"auto","background-attachment":"scroll","background-type":"","background-media":"","overlay-type":"","overlay-color":"","overlay-opacity":"","overlay-gradient":""}},"ast-content-background-meta":{"desktop":{"background-color":"var(--ast-global-color-5)","background-image":"","background-repeat":"repeat","background-position":"center center","background-size":"auto","background-attachment":"scroll","background-type":"","background-media":"","overlay-type":"","overlay-color":"","overlay-opacity":"","overlay-gradient":""},"tablet":{"background-color":"var(--ast-global-color-5)","background-image":"","background-repeat":"repeat","background-position":"center center","background-size":"auto","background-attachment":"scroll","background-type":"","background-media":"","overlay-type":"","overlay-color":"","overlay-opacity":"","overlay-gradient":""},"mobile":{"background-color":"var(--ast-global-color-5)","background-image":"","background-repeat":"repeat","background-position":"center center","background-size":"auto","background-attachment":"scroll","background-type":"","background-media":"","overlay-type":"","overlay-color":"","overlay-opacity":"","overlay-gradient":""}},"footnotes":""},"categories":[54,4,323],"tags":[173],"class_list":["post-2533","post","type-post","status-publish","format-standard","has-post-thumbnail","hentry","category-educacio-fisica","category-portada","category-setmana-de-lactivitat-fisica-i-la-salut","tag-cursa-atletica"],"post_mailing_queue_ids":[],"_links":{"self":[{"href":"https:\/\/agora.xtec.cat\/ceip-lesferreries-palafolls\/wp-json\/wp\/v2\/posts\/2533","targetHints":{"allow":["GET"]}}],"collection":[{"href":"https:\/\/agora.xtec.cat\/ceip-lesferreries-palafolls\/wp-json\/wp\/v2\/posts"}],"about":[{"href":"https:\/\/agora.xtec.cat\/ceip-lesferreries-palafolls\/wp-json\/wp\/v2\/types\/post"}],"author":[{"embeddable":true,"href":"https:\/\/agora.xtec.cat\/ceip-lesferreries-palafolls\/wp-json\/wp\/v2\/users\/45"}],"replies":[{"embeddable":true,"href":"https:\/\/agora.xtec.cat\/ceip-lesferreries-palafolls\/wp-json\/wp\/v2\/comments?post=2533"}],"version-history":[{"count":3,"href":"https:\/\/agora.xtec.cat\/ceip-lesferreries-palafolls\/wp-json\/wp\/v2\/posts\/2533\/revisions"}],"predecessor-version":[{"id":2560,"href":"https:\/\/agora.xtec.cat\/ceip-lesferreries-palafolls\/wp-json\/wp\/v2\/posts\/2533\/revisions\/2560"}],"wp:featuredmedia":[{"embeddable":true,"href":"https:\/\/agora.xtec.cat\/ceip-lesferreries-palafolls\/wp-json\/wp\/v2\/media\/2546"}],"wp:attachment":[{"href":"https:\/\/agora.xtec.cat\/ceip-lesferreries-palafolls\/wp-json\/wp\/v2\/media?parent=2533"}],"wp:term":[{"taxonomy":"category","embeddable":true,"href":"https:\/\/agora.xtec.cat\/ceip-lesferreries-palafolls\/wp-json\/wp\/v2\/categories?post=2533"},{"taxonomy":"post_tag","embeddable":true,"href":"https:\/\/agora.xtec.cat\/ceip-lesferreries-palafolls\/wp-json\/wp\/v2\/tags?post=2533"}],"curies":[{"name":"wp","href":"https:\/\/api.w.org\/{rel}","templated":true}]}}