{"id":24678,"date":"2026-04-27T20:14:54","date_gmt":"2026-04-27T18:14:54","guid":{"rendered":"https:\/\/agora.xtec.cat\/ceip-lesferreries-palafolls\/?p=24678"},"modified":"2026-04-27T20:14:54","modified_gmt":"2026-04-27T18:14:54","slug":"colonies-de-4t-al-vilar-rural-%f0%9f%8c%84","status":"publish","type":"post","link":"https:\/\/agora.xtec.cat\/ceip-lesferreries-palafolls\/general\/colonies-de-4t-al-vilar-rural-%f0%9f%8c%84\/","title":{"rendered":"Col\u00f2nies de 4t al Vilar Rural! \ud83c\udf04"},"content":{"rendered":"<p><span style=\"font-size: 16px; -webkit-text-size-adjust: 100%;\">Els alumnes de quart estem al Vilar Rural de Sant Hilari i estem gaudint d\u2019un primer dia ple d\u2019activitats! \ud83d\ude0a<\/span><\/p>\n<p>Nom\u00e9s arribar, hem esmorzat per agafar energia i comen\u00e7ar la jornada amb bon peu. Tot seguit, hem fet jocs de coneixen\u00e7a que ens han ajudat a relacionar-nos i a passar una bona estona tots junts.<\/p>\n<p>A continuaci\u00f3, hem dinat el nostre p\u00edcnic \ud83e\uddfa i despr\u00e9s hem tingut una estona de temps lliure per descansar i jugar. A la tarda, hem participat en diferents jocs cooperatius, treballant en equip i divertint-nos molt.<\/p>\n<p>Despr\u00e9s de les activitats, hem anat a les habitacions per instal\u00b7lar-nos i deixar-ho tot a punt. Ara anirem a sopar \ud83c\udf7d\ufe0f per recuperar forces i preparar-nos per al joc de nit \ud83c\udf19.<\/p>\n<p>Adjuntem l\u2019\u00e0lbum de fotos de les col\u00f2nies perqu\u00e8 pugueu veure tot el que estem vivint aquests dies: <a href=\"https:\/\/photos.app.goo.gl\/mmgppWM9dbKmnmwo6\" target=\"_blank\" rel=\"noopener\">Col\u00f2nies 4t 2026<\/a> \ud83d\udcf8<\/p>\n","protected":false},"excerpt":{"rendered":"<p>Els alumnes de quart estem al Vilar Rural de Sant Hilari i estem gaudint d\u2019un primer dia ple d\u2019activitats! \ud83d\ude0a Nom\u00e9s arribar, hem esmorzat per agafar energia i comen\u00e7ar la jornada amb bon peu. Tot seguit, hem fet jocs de coneixen\u00e7a que ens han ajudat a relacionar-nos i a passar una bona estona tots junts. [&hellip;]<\/p>\n","protected":false},"author":65,"featured_media":0,"comment_status":"open","ping_status":"open","sticky":false,"template":"","format":"standard","meta":{"_bbp_topic_count":0,"_bbp_reply_count":0,"_bbp_total_topic_count":0,"_bbp_total_reply_count":0,"_bbp_voice_count":0,"_bbp_anonymous_reply_count":0,"_bbp_topic_count_hidden":0,"_bbp_reply_count_hidden":0,"_bbp_forum_subforum_count":0,"site-sidebar-layout":"default","site-content-layout":"","ast-site-content-layout":"default","site-content-style":"default","site-sidebar-style":"default","ast-global-header-display":"","ast-banner-title-visibility":"","ast-main-header-display":"","ast-hfb-above-header-display":"","ast-hfb-below-header-display":"","ast-hfb-mobile-header-display":"","site-post-title":"","ast-breadcrumbs-content":"","ast-featured-img":"","footer-sml-layout":"","theme-transparent-header-meta":"default","adv-header-id-meta":"","stick-header-meta":"","header-above-stick-meta":"","header-main-stick-meta":"","header-below-stick-meta":"","astra-migrate-meta-layouts":"set","ast-page-background-enabled":"default","ast-page-background-meta":{"desktop":{"background-color":"var(--ast-global-color-4)","background-image":"","background-repeat":"repeat","background-position":"center center","background-size":"auto","background-attachment":"scroll","background-type":"","background-media":"","overlay-type":"","overlay-color":"","overlay-opacity":"","overlay-gradient":""},"tablet":{"background-color":"","background-image":"","background-repeat":"repeat","background-position":"center center","background-size":"auto","background-attachment":"scroll","background-type":"","background-media":"","overlay-type":"","overlay-color":"","overlay-opacity":"","overlay-gradient":""},"mobile":{"background-color":"","background-image":"","background-repeat":"repeat","background-position":"center center","background-size":"auto","background-attachment":"scroll","background-type":"","background-media":"","overlay-type":"","overlay-color":"","overlay-opacity":"","overlay-gradient":""}},"ast-content-background-meta":{"desktop":{"background-color":"var(--ast-global-color-5)","background-image":"","background-repeat":"repeat","background-position":"center center","background-size":"auto","background-attachment":"scroll","background-type":"","background-media":"","overlay-type":"","overlay-color":"","overlay-opacity":"","overlay-gradient":""},"tablet":{"background-color":"var(--ast-global-color-5)","background-image":"","background-repeat":"repeat","background-position":"center center","background-size":"auto","background-attachment":"scroll","background-type":"","background-media":"","overlay-type":"","overlay-color":"","overlay-opacity":"","overlay-gradient":""},"mobile":{"background-color":"var(--ast-global-color-5)","background-image":"","background-repeat":"repeat","background-position":"center center","background-size":"auto","background-attachment":"scroll","background-type":"","background-media":"","overlay-type":"","overlay-color":"","overlay-opacity":"","overlay-gradient":""}},"footnotes":""},"categories":[668,669,31,330,1,4],"tags":[163,1045,628],"class_list":["post-24678","post","type-post","status-publish","format-standard","hentry","category-2019-2028-grup-a","category-2019-2028-grup-b","category-colonies","category-colonies-de-quart","category-general","category-portada","tag-colonies","tag-sant-hilari","tag-vilar-rural"],"post_mailing_queue_ids":[],"_links":{"self":[{"href":"https:\/\/agora.xtec.cat\/ceip-lesferreries-palafolls\/wp-json\/wp\/v2\/posts\/24678","targetHints":{"allow":["GET"]}}],"collection":[{"href":"https:\/\/agora.xtec.cat\/ceip-lesferreries-palafolls\/wp-json\/wp\/v2\/posts"}],"about":[{"href":"https:\/\/agora.xtec.cat\/ceip-lesferreries-palafolls\/wp-json\/wp\/v2\/types\/post"}],"author":[{"embeddable":true,"href":"https:\/\/agora.xtec.cat\/ceip-lesferreries-palafolls\/wp-json\/wp\/v2\/users\/65"}],"replies":[{"embeddable":true,"href":"https:\/\/agora.xtec.cat\/ceip-lesferreries-palafolls\/wp-json\/wp\/v2\/comments?post=24678"}],"version-history":[{"count":1,"href":"https:\/\/agora.xtec.cat\/ceip-lesferreries-palafolls\/wp-json\/wp\/v2\/posts\/24678\/revisions"}],"predecessor-version":[{"id":24679,"href":"https:\/\/agora.xtec.cat\/ceip-lesferreries-palafolls\/wp-json\/wp\/v2\/posts\/24678\/revisions\/24679"}],"wp:attachment":[{"href":"https:\/\/agora.xtec.cat\/ceip-lesferreries-palafolls\/wp-json\/wp\/v2\/media?parent=24678"}],"wp:term":[{"taxonomy":"category","embeddable":true,"href":"https:\/\/agora.xtec.cat\/ceip-lesferreries-palafolls\/wp-json\/wp\/v2\/categories?post=24678"},{"taxonomy":"post_tag","embeddable":true,"href":"https:\/\/agora.xtec.cat\/ceip-lesferreries-palafolls\/wp-json\/wp\/v2\/tags?post=24678"}],"curies":[{"name":"wp","href":"https:\/\/api.w.org\/{rel}","templated":true}]}}