{"id":24672,"date":"2026-04-28T08:52:34","date_gmt":"2026-04-28T06:52:34","guid":{"rendered":"https:\/\/agora.xtec.cat\/ceip-lesferreries-palafolls\/?p=24672"},"modified":"2026-04-28T08:52:34","modified_gmt":"2026-04-28T06:52:34","slug":"reunio-informativa-colonies-i5","status":"publish","type":"post","link":"https:\/\/agora.xtec.cat\/ceip-lesferreries-palafolls\/general\/reunio-informativa-colonies-i5\/","title":{"rendered":"REUNI\u00d3 INFORMATIVA COL\u00d2NIES I5"},"content":{"rendered":"<p data-path-to-node=\"4\">Bon dia, fam\u00edlies!<\/p>\n<p data-path-to-node=\"5\">Ahir a la tarda ens vam reunir per compartir els detalls d&#8217;una de les aventures m\u00e9s esperades del curs: les col\u00f2nies d&#8217;I5. Sabem que aquests dies estan plens de nervis i preguntes (tant per als petits com per als grans!), i per aix\u00f2 volem que tingueu tota la informaci\u00f3 ben a prop.<\/p>\n<p data-path-to-node=\"6\">Compartim amb vosaltres la presentaci\u00f3 de la reuni\u00f3 on trobareu tot el que cal saber: el que han de portar a la motxilla, les activitats que farem i com ens organitzarem per gaudir d&#8217;uns dies inoblidables de conviv\u00e8ncia i natura.<\/p>\n<p data-path-to-node=\"6\"><a href=\"https:\/\/drive.google.com\/file\/d\/1fBYMTxunD0H5vcO7BekolUSLRAdI-DLn\/view?usp=sharing\">COL\u00d2NIES<\/a><\/p>\n<p data-path-to-node=\"8\">Les col\u00f2nies s\u00f3n un moment m\u00e0gic per cr\u00e9ixer, guanyar autonomia i estr\u00e8nyer vincles amb els companys i companyes en un entorn diferent. Estem conven\u00e7uts que ser\u00e0 una experi\u00e8ncia que recordaran sempre amb un somriure.<\/p>\n<p data-path-to-node=\"9\">Si us sorgeix qualsevol dubte o voleu comentar algun detall particular, estic a la vostra disposici\u00f3.<\/p>\n<p data-path-to-node=\"10\">Moltes gr\u00e0cies per la vostra confian\u00e7a i per caminar al nostre costat en aquesta aventura!<\/p>\n<p data-path-to-node=\"11\">Una abra\u00e7ada,<\/p>\n<p data-path-to-node=\"11\">Laia<\/p>\n","protected":false},"excerpt":{"rendered":"<p>Bon dia, fam\u00edlies! Ahir a la tarda ens vam reunir per compartir els detalls d&#8217;una de les aventures m\u00e9s esperades del curs: les col\u00f2nies d&#8217;I5. Sabem que aquests dies estan plens de nervis i preguntes (tant per als petits com per als grans!), i per aix\u00f2 volem que tingueu tota la informaci\u00f3 ben a prop. [&hellip;]<\/p>\n","protected":false},"author":62,"featured_media":24675,"comment_status":"open","ping_status":"open","sticky":false,"template":"","format":"standard","meta":{"_bbp_topic_count":0,"_bbp_reply_count":0,"_bbp_total_topic_count":0,"_bbp_total_reply_count":0,"_bbp_voice_count":0,"_bbp_anonymous_reply_count":0,"_bbp_topic_count_hidden":0,"_bbp_reply_count_hidden":0,"_bbp_forum_subforum_count":0,"site-sidebar-layout":"default","site-content-layout":"","ast-site-content-layout":"default","site-content-style":"default","site-sidebar-style":"default","ast-global-header-display":"","ast-banner-title-visibility":"","ast-main-header-display":"","ast-hfb-above-header-display":"","ast-hfb-below-header-display":"","ast-hfb-mobile-header-display":"","site-post-title":"","ast-breadcrumbs-content":"","ast-featured-img":"","footer-sml-layout":"","theme-transparent-header-meta":"default","adv-header-id-meta":"","stick-header-meta":"","header-above-stick-meta":"","header-main-stick-meta":"","header-below-stick-meta":"","astra-migrate-meta-layouts":"set","ast-page-background-enabled":"default","ast-page-background-meta":{"desktop":{"background-color":"var(--ast-global-color-4)","background-image":"","background-repeat":"repeat","background-position":"center center","background-size":"auto","background-attachment":"scroll","background-type":"","background-media":"","overlay-type":"","overlay-color":"","overlay-opacity":"","overlay-gradient":""},"tablet":{"background-color":"","background-image":"","background-repeat":"repeat","background-position":"center center","background-size":"auto","background-attachment":"scroll","background-type":"","background-media":"","overlay-type":"","overlay-color":"","overlay-opacity":"","overlay-gradient":""},"mobile":{"background-color":"","background-image":"","background-repeat":"repeat","background-position":"center center","background-size":"auto","background-attachment":"scroll","background-type":"","background-media":"","overlay-type":"","overlay-color":"","overlay-opacity":"","overlay-gradient":""}},"ast-content-background-meta":{"desktop":{"background-color":"var(--ast-global-color-5)","background-image":"","background-repeat":"repeat","background-position":"center center","background-size":"auto","background-attachment":"scroll","background-type":"","background-media":"","overlay-type":"","overlay-color":"","overlay-opacity":"","overlay-gradient":""},"tablet":{"background-color":"var(--ast-global-color-5)","background-image":"","background-repeat":"repeat","background-position":"center center","background-size":"auto","background-attachment":"scroll","background-type":"","background-media":"","overlay-type":"","overlay-color":"","overlay-opacity":"","overlay-gradient":""},"mobile":{"background-color":"var(--ast-global-color-5)","background-image":"","background-repeat":"repeat","background-position":"center center","background-size":"auto","background-attachment":"scroll","background-type":"","background-media":"","overlay-type":"","overlay-color":"","overlay-opacity":"","overlay-gradient":""}},"footnotes":""},"categories":[33,1,1021,4],"tags":[],"class_list":["post-24672","post","type-post","status-publish","format-standard","has-post-thumbnail","hentry","category-educacio-infantil","category-general","category-2023-2032","category-portada"],"post_mailing_queue_ids":[],"_links":{"self":[{"href":"https:\/\/agora.xtec.cat\/ceip-lesferreries-palafolls\/wp-json\/wp\/v2\/posts\/24672","targetHints":{"allow":["GET"]}}],"collection":[{"href":"https:\/\/agora.xtec.cat\/ceip-lesferreries-palafolls\/wp-json\/wp\/v2\/posts"}],"about":[{"href":"https:\/\/agora.xtec.cat\/ceip-lesferreries-palafolls\/wp-json\/wp\/v2\/types\/post"}],"author":[{"embeddable":true,"href":"https:\/\/agora.xtec.cat\/ceip-lesferreries-palafolls\/wp-json\/wp\/v2\/users\/62"}],"replies":[{"embeddable":true,"href":"https:\/\/agora.xtec.cat\/ceip-lesferreries-palafolls\/wp-json\/wp\/v2\/comments?post=24672"}],"version-history":[{"count":3,"href":"https:\/\/agora.xtec.cat\/ceip-lesferreries-palafolls\/wp-json\/wp\/v2\/posts\/24672\/revisions"}],"predecessor-version":[{"id":24677,"href":"https:\/\/agora.xtec.cat\/ceip-lesferreries-palafolls\/wp-json\/wp\/v2\/posts\/24672\/revisions\/24677"}],"wp:featuredmedia":[{"embeddable":true,"href":"https:\/\/agora.xtec.cat\/ceip-lesferreries-palafolls\/wp-json\/wp\/v2\/media\/24675"}],"wp:attachment":[{"href":"https:\/\/agora.xtec.cat\/ceip-lesferreries-palafolls\/wp-json\/wp\/v2\/media?parent=24672"}],"wp:term":[{"taxonomy":"category","embeddable":true,"href":"https:\/\/agora.xtec.cat\/ceip-lesferreries-palafolls\/wp-json\/wp\/v2\/categories?post=24672"},{"taxonomy":"post_tag","embeddable":true,"href":"https:\/\/agora.xtec.cat\/ceip-lesferreries-palafolls\/wp-json\/wp\/v2\/tags?post=24672"}],"curies":[{"name":"wp","href":"https:\/\/api.w.org\/{rel}","templated":true}]}}