{"id":24598,"date":"2026-04-24T08:53:15","date_gmt":"2026-04-24T06:53:15","guid":{"rendered":"https:\/\/agora.xtec.cat\/ceip-lesferreries-palafolls\/?p=24598"},"modified":"2026-04-24T17:57:45","modified_gmt":"2026-04-24T15:57:45","slug":"fem-un-nou-capitol","status":"publish","type":"post","link":"https:\/\/agora.xtec.cat\/ceip-lesferreries-palafolls\/general\/fem-un-nou-capitol\/","title":{"rendered":"FEM UN NOU CAP\u00cdTOL"},"content":{"rendered":"<p data-pm-slice=\"1 1 []\">L&#8217;alu<a href=\"https:\/\/agora.xtec.cat\/ceip-lesferreries-palafolls\/wp-content\/uploads\/usu670\/2026\/04\/RGB-2026-LOGO_Gran-HI-PARTICIPEM.png\"><img loading=\"lazy\" decoding=\"async\" class=\"wp-image-24617 alignright\" src=\"https:\/\/agora.xtec.cat\/ceip-lesferreries-palafolls\/wp-content\/uploads\/usu670\/2026\/04\/RGB-2026-LOGO_Gran-HI-PARTICIPEM-1024x1024.png\" alt=\"\" width=\"280\" height=\"280\" srcset=\"https:\/\/agora.xtec.cat\/ceip-lesferreries-palafolls\/wp-content\/uploads\/usu670\/2026\/04\/RGB-2026-LOGO_Gran-HI-PARTICIPEM-1024x1024.png 1024w, https:\/\/agora.xtec.cat\/ceip-lesferreries-palafolls\/wp-content\/uploads\/usu670\/2026\/04\/RGB-2026-LOGO_Gran-HI-PARTICIPEM-300x300.png 300w, https:\/\/agora.xtec.cat\/ceip-lesferreries-palafolls\/wp-content\/uploads\/usu670\/2026\/04\/RGB-2026-LOGO_Gran-HI-PARTICIPEM-150x150.png 150w, https:\/\/agora.xtec.cat\/ceip-lesferreries-palafolls\/wp-content\/uploads\/usu670\/2026\/04\/RGB-2026-LOGO_Gran-HI-PARTICIPEM-768x768.png 768w, https:\/\/agora.xtec.cat\/ceip-lesferreries-palafolls\/wp-content\/uploads\/usu670\/2026\/04\/RGB-2026-LOGO_Gran-HI-PARTICIPEM-1536x1536.png 1536w, https:\/\/agora.xtec.cat\/ceip-lesferreries-palafolls\/wp-content\/uploads\/usu670\/2026\/04\/RGB-2026-LOGO_Gran-HI-PARTICIPEM.png 2000w\" sizes=\"auto, (max-width: 280px) 100vw, 280px\" \/><\/a>mnat de 4t B de Prim\u00e0ria ha participat en una situaci\u00f3 d&#8217;aprenentatge dissenyada per fomentar l&#8217;h\u00e0bit lector i la creativitat liter\u00e0ria a trav\u00e9s d&#8217;una proposta d&#8217;acompanyament integral. Primer hem introdu\u00eft diferents ulls a les guardes mitjan\u00e7ant el <strong>dibuix esgrafiat<\/strong>, a continuaci\u00f3, hem fet la lectura de cada cap\u00edtol treballant la comprensi\u00f3 i despr\u00e9s hem acabat amb <strong>la imaginaci\u00f3 d&#8217;un nou cap\u00edtol introdu\u00efnt, un nou monstre<\/strong>, unes noves aventures entremig de la hist\u00f2ria que l&#8217;han pensat, estructurat i escrit amb una mica d&#8217;il\u00b7lustracions.<\/p>\n<p>Hem transformat la lectura en una experi\u00e8ncia activa i art\u00edstica, on l&#8217;escriptura creativa i les eines digitals han servit per expressar la imaginaci\u00f3 de l&#8217;alumnat.<\/p>\n<p data-pm-slice=\"1 1 []\">El projecte s&#8217;ha estructurat dins del pla lector durant el segon trimestre i hem realitzat quatre fases clau:<\/p>\n<p><strong>1. Immersi\u00f3 i Contextualitzaci\u00f3<\/strong>: Abans d&#8217;obrir el llibre, vam explorar la figura de l&#8217;autor, entenent el seu estil i l&#8217;univers de l&#8217;obra. Per connectar emocionalment amb la tem\u00e0tica, vam utilitzar la t\u00e8cnica art\u00edstica de l&#8217;esgrafiat per dissenyar ulls de monstres, creant una atmosfera de misteri i curiositat a l&#8217;aula.<\/p>\n<p>&nbsp;<\/p>\n<p><a href=\"https:\/\/agora.xtec.cat\/ceip-lesferreries-palafolls\/wp-content\/uploads\/usu670\/2026\/04\/tapes-llibre-ulls.png\"><img loading=\"lazy\" decoding=\"async\" class=\"size-large wp-image-24603 alignnone\" src=\"https:\/\/agora.xtec.cat\/ceip-lesferreries-palafolls\/wp-content\/uploads\/usu670\/2026\/04\/tapes-llibre-ulls-1024x656.png\" alt=\"\" width=\"1024\" height=\"656\" srcset=\"https:\/\/agora.xtec.cat\/ceip-lesferreries-palafolls\/wp-content\/uploads\/usu670\/2026\/04\/tapes-llibre-ulls-1024x656.png 1024w, https:\/\/agora.xtec.cat\/ceip-lesferreries-palafolls\/wp-content\/uploads\/usu670\/2026\/04\/tapes-llibre-ulls-300x192.png 300w, https:\/\/agora.xtec.cat\/ceip-lesferreries-palafolls\/wp-content\/uploads\/usu670\/2026\/04\/tapes-llibre-ulls-768x492.png 768w, https:\/\/agora.xtec.cat\/ceip-lesferreries-palafolls\/wp-content\/uploads\/usu670\/2026\/04\/tapes-llibre-ulls.png 1180w\" sizes=\"auto, (max-width: 1024px) 100vw, 1024px\" \/><\/a><\/p>\n<p>&nbsp;<\/p>\n<p><a href=\"https:\/\/agora.xtec.cat\/ceip-lesferreries-palafolls\/wp-content\/uploads\/usu670\/2026\/04\/Captura-de-pantalla-2026-04-15-223650.png\"><img loading=\"lazy\" decoding=\"async\" class=\"wp-image-24614 alignleft\" src=\"https:\/\/agora.xtec.cat\/ceip-lesferreries-palafolls\/wp-content\/uploads\/usu670\/2026\/04\/Captura-de-pantalla-2026-04-15-223650.png\" alt=\"\" width=\"207\" height=\"222\" srcset=\"https:\/\/agora.xtec.cat\/ceip-lesferreries-palafolls\/wp-content\/uploads\/usu670\/2026\/04\/Captura-de-pantalla-2026-04-15-223650.png 682w, https:\/\/agora.xtec.cat\/ceip-lesferreries-palafolls\/wp-content\/uploads\/usu670\/2026\/04\/Captura-de-pantalla-2026-04-15-223650-280x300.png 280w\" sizes=\"auto, (max-width: 207px) 100vw, 207px\" \/><\/a><\/p>\n<p><a href=\"https:\/\/agora.xtec.cat\/ceip-lesferreries-palafolls\/wp-content\/uploads\/usu670\/2026\/04\/Captura-de-pantalla-2026-04-15-223737.png\"><img loading=\"lazy\" decoding=\"async\" class=\"wp-image-24613 alignright\" src=\"https:\/\/agora.xtec.cat\/ceip-lesferreries-palafolls\/wp-content\/uploads\/usu670\/2026\/04\/Captura-de-pantalla-2026-04-15-223737.png\" alt=\"\" width=\"295\" height=\"270\" srcset=\"https:\/\/agora.xtec.cat\/ceip-lesferreries-palafolls\/wp-content\/uploads\/usu670\/2026\/04\/Captura-de-pantalla-2026-04-15-223737.png 730w, https:\/\/agora.xtec.cat\/ceip-lesferreries-palafolls\/wp-content\/uploads\/usu670\/2026\/04\/Captura-de-pantalla-2026-04-15-223737-300x275.png 300w\" sizes=\"auto, (max-width: 295px) 100vw, 295px\" \/><\/a><\/p>\n<p>&nbsp;<\/p>\n<p>&nbsp;<\/p>\n<p>&nbsp;<\/p>\n<p>&nbsp;<\/p>\n<p><a href=\"https:\/\/agora.xtec.cat\/ceip-lesferreries-palafolls\/wp-content\/uploads\/usu670\/2026\/04\/Captura-de-pantalla-2026-04-15-223944.png\"><img loading=\"lazy\" decoding=\"async\" class=\"wp-image-24608 alignright\" src=\"https:\/\/agora.xtec.cat\/ceip-lesferreries-palafolls\/wp-content\/uploads\/usu670\/2026\/04\/Captura-de-pantalla-2026-04-15-223944.png\" alt=\"\" width=\"276\" height=\"223\" srcset=\"https:\/\/agora.xtec.cat\/ceip-lesferreries-palafolls\/wp-content\/uploads\/usu670\/2026\/04\/Captura-de-pantalla-2026-04-15-223944.png 574w, https:\/\/agora.xtec.cat\/ceip-lesferreries-palafolls\/wp-content\/uploads\/usu670\/2026\/04\/Captura-de-pantalla-2026-04-15-223944-300x242.png 300w\" sizes=\"auto, (max-width: 276px) 100vw, 276px\" \/><\/a><a href=\"https:\/\/agora.xtec.cat\/ceip-lesferreries-palafolls\/wp-content\/uploads\/usu670\/2026\/04\/Captura-de-pantalla-2026-04-15-224003.png\"><img loading=\"lazy\" decoding=\"async\" class=\"alignnone size-large wp-image-24607\" src=\"https:\/\/agora.xtec.cat\/ceip-lesferreries-palafolls\/wp-content\/uploads\/usu670\/2026\/04\/Captura-de-pantalla-2026-04-15-224003-1024x465.png\" alt=\"\" width=\"1024\" height=\"465\" srcset=\"https:\/\/agora.xtec.cat\/ceip-lesferreries-palafolls\/wp-content\/uploads\/usu670\/2026\/04\/Captura-de-pantalla-2026-04-15-224003-1024x465.png 1024w, https:\/\/agora.xtec.cat\/ceip-lesferreries-palafolls\/wp-content\/uploads\/usu670\/2026\/04\/Captura-de-pantalla-2026-04-15-224003-300x136.png 300w, https:\/\/agora.xtec.cat\/ceip-lesferreries-palafolls\/wp-content\/uploads\/usu670\/2026\/04\/Captura-de-pantalla-2026-04-15-224003-768x349.png 768w, https:\/\/agora.xtec.cat\/ceip-lesferreries-palafolls\/wp-content\/uploads\/usu670\/2026\/04\/Captura-de-pantalla-2026-04-15-224003.png 1309w\" sizes=\"auto, (max-width: 1024px) 100vw, 1024px\" \/><\/a><\/p>\n<p><strong>2. Acompanyament a la Lectura<\/strong>: Hem realitzat una lectura compartida i guiada, cap\u00edtol a cap\u00edtol. Despr\u00e9s de cada sessi\u00f3, s&#8217;han dut a terme activitats de comprensi\u00f3 lectora per assegurar el seguiment de la trama i l&#8217;an\u00e0lisi dels personatges, garantint que ning\u00fa es qued\u00e9s enrere en el fil narratiu.<\/p>\n<p><strong>3. Creaci\u00f3 Liter\u00e0ria:<\/strong> El Cap\u00edtol Perdut: El repte final va ser la producci\u00f3 de text: l&#8217;alumnat havia d&#8217;inventar i inserir un nou conte (un nou monstre) dins de la hist\u00f2ria original. El proc\u00e9s va seguir aquests passos:<\/p>\n<p>Planificaci\u00f3: Pluja d&#8217;idees sobre el nou monstre.<\/p>\n<p>Escriptura: \u00das d&#8217;una bastida textual (estructura guiada) per organitzar el relat.<\/p>\n<p>Digitalitzaci\u00f3: Pas del text a l&#8217;ordinador, treballant la compet\u00e8ncia digital.<\/p>\n<p><strong>4. Edici\u00f3 i Il\u00b7lustraci\u00f3:<\/strong>Finalment, cada alumne\/a va completar el seu relat amb il\u00b7lustracions digitals, convertint-se no nom\u00e9s en lectors, sin\u00f3 en coautors de l&#8217;obra, intentant seguir els colors del llibre (blau i negre).<\/p>\n<p>Aqui podeu llegir algunes obres liter\u00e0ries dels nous cap\u00edtols que es poden introduir al llibre.<\/p>\n<p><a href=\"https:\/\/agora.xtec.cat\/ceip-lesferreries-palafolls\/wp-content\/uploads\/usu670\/2026\/04\/valeria-els-contes-de-fantasmes-de-lavi.pdf\">valeria els contes de fantasmes de l&#8217;avi<\/a><\/p>\n<p><a href=\"https:\/\/agora.xtec.cat\/ceip-lesferreries-palafolls\/wp-content\/uploads\/usu670\/2026\/04\/Paula-Els-contes-de-fantasmes-de-lavi.pdf\">_Paula Els contes de fantasmes de l&#8217;avi<\/a><\/p>\n<p><a href=\"https:\/\/agora.xtec.cat\/ceip-lesferreries-palafolls\/wp-content\/uploads\/usu670\/2026\/04\/vinyetEls-contes-de-fantasma-de-lavi.pdf\">vinyetEls contes de fantasma de l&#8217;avi<\/a><\/p>\n<p><a href=\"https:\/\/agora.xtec.cat\/ceip-lesferreries-palafolls\/wp-content\/uploads\/usu670\/2026\/04\/ERIC-Els-contes-de-fantasmes-de-lavi.pdf\">ERIC-Els contes de fantasmes de l&#8217;avi<\/a><\/p>\n<p><a href=\"https:\/\/agora.xtec.cat\/ceip-lesferreries-palafolls\/wp-content\/uploads\/usu670\/2026\/04\/Lluc-ELS-CONTES-DE-FANTASMES-DE-LAVI.pdf\">Lluc ELS CONTES DE FANTASMES DE L&#8217;AVI<\/a><\/p>\n<p><a href=\"https:\/\/agora.xtec.cat\/ceip-lesferreries-palafolls\/wp-content\/uploads\/usu670\/2026\/04\/Els-ratpenatons-1.pdf\">Iria Els ratpenatons<\/a><\/p>\n<p><a href=\"https:\/\/agora.xtec.cat\/ceip-lesferreries-palafolls\/wp-content\/uploads\/usu670\/2026\/04\/claudia-els-contes-de-fantasmes-de-lavi.pdf\">claudia els contes de fantasmes de l&#8217;avi<\/a><\/p>\n<p><a href=\"https:\/\/agora.xtec.cat\/ceip-lesferreries-palafolls\/wp-content\/uploads\/usu670\/2026\/04\/Martina-Els-contes-de-fantasmes-de-lavi.pdf\">Martina Els contes de fantasmes de l&#8217;avi<\/a><\/p>\n<p><a href=\"https:\/\/agora.xtec.cat\/ceip-lesferreries-palafolls\/wp-content\/uploads\/usu670\/2026\/04\/nil-els-contes-de-fantasmes-de-lavi.pdf\">nil els contes de fantasmes de l&#8217;avi<\/a><\/p>\n<p><a href=\"https:\/\/agora.xtec.cat\/ceip-lesferreries-palafolls\/wp-content\/uploads\/usu670\/2026\/04\/Julia-Els-contes-de-fantasmes-de-lavi.pdf\">J\u00falia Els contes de fantasmes de l&#8217;avi<\/a><\/p>\n<div id=\"model-response-message-contentr_db62c4630d319147\" class=\"markdown markdown-main-panel enable-updated-hr-color\" dir=\"ltr\" aria-live=\"polite\">\n<p data-path-to-node=\"0\"><a href=\"https:\/\/agora.xtec.cat\/ceip-lesferreries-palafolls\/wp-content\/uploads\/usu670\/2026\/04\/ivet-els-contes-de-fantasmes-de-l-avi.pdf\">ivet els contes de fantasmes de l&#8217; avi<\/a><\/p>\n<p data-path-to-node=\"0\"><a href=\"https:\/\/agora.xtec.cat\/ceip-lesferreries-palafolls\/wp-content\/uploads\/usu670\/2026\/04\/LA-GALLINA-AMB-POTES-DELEFANT.pdf\">LA GALLINA AMB POTES D&#8217;ELEFANT<\/a><\/p>\n<p data-path-to-node=\"0\"><a href=\"https:\/\/agora.xtec.cat\/ceip-lesferreries-palafolls\/wp-content\/uploads\/usu670\/2026\/04\/lavi-i-els-zombis.pdf\">l&#8217;avi i els zombis<\/a><\/p>\n<p data-path-to-node=\"0\">Aquest projecte ha perm\u00e8s transformar una activitat de lectura en una experi\u00e8ncia de creaci\u00f3 liter\u00e0ria d&#8217;alt valor pedag\u00f2gic. El punt culminant ha estat, sens dubte, la producci\u00f3 dels <b data-path-to-node=\"0\" data-index-in-node=\"201\">nous cap\u00edtols originals<\/b>, on l&#8217;alumnat ha deixat de ser un simple receptor per convertir-se en coautor de l&#8217;obra.<\/p>\n<p data-path-to-node=\"1\">Aquests relats no nom\u00e9s reflecteixen l&#8217;assoliment de les compet\u00e8ncies ling\u00fc\u00edstiques i digitals treballades, sin\u00f3 que s\u00f3n el testimoni de la capacitat inventiva dels infants. En integrar els seus propis monstres i hist\u00f2ries dins de l&#8217;estructura del llibre, els alumnes han demostrat una comprensi\u00f3 profunda de l&#8217;univers de l&#8217;autor i una gran habilitat per donar continu\u00eftat a la narrativa. El resultat final, un recull de textos editats i il\u00b7lustrats per ells mateixos, tanca el cercle d&#8217;un aprenentatge on la literatura s&#8217;ha viscut, s&#8217;ha dibuixat i, finalment, s&#8217;ha escrit amb veu pr\u00f2pia.<\/p>\n<\/div>\n","protected":false},"excerpt":{"rendered":"<p>L&#8217;alumnat de 4t B de Prim\u00e0ria ha participat en una situaci\u00f3 d&#8217;aprenentatge dissenyada per fomentar l&#8217;h\u00e0bit lector i la creativitat liter\u00e0ria a trav\u00e9s d&#8217;una proposta d&#8217;acompanyament integral. Primer hem introdu\u00eft diferents ulls a les guardes mitjan\u00e7ant el dibuix esgrafiat, a continuaci\u00f3, hem fet la lectura de cada cap\u00edtol treballant la comprensi\u00f3 i despr\u00e9s hem acabat [&hellip;]<\/p>\n","protected":false},"author":70,"featured_media":24618,"comment_status":"open","ping_status":"open","sticky":false,"template":"","format":"standard","meta":{"_bbp_topic_count":0,"_bbp_reply_count":0,"_bbp_total_topic_count":0,"_bbp_total_reply_count":0,"_bbp_voice_count":0,"_bbp_anonymous_reply_count":0,"_bbp_topic_count_hidden":0,"_bbp_reply_count_hidden":0,"_bbp_forum_subforum_count":0,"site-sidebar-layout":"default","site-content-layout":"","ast-site-content-layout":"default","site-content-style":"default","site-sidebar-style":"default","ast-global-header-display":"","ast-banner-title-visibility":"","ast-main-header-display":"","ast-hfb-above-header-display":"","ast-hfb-below-header-display":"","ast-hfb-mobile-header-display":"","site-post-title":"","ast-breadcrumbs-content":"","ast-featured-img":"","footer-sml-layout":"","theme-transparent-header-meta":"default","adv-header-id-meta":"","stick-header-meta":"","header-above-stick-meta":"","header-main-stick-meta":"","header-below-stick-meta":"","astra-migrate-meta-layouts":"set","ast-page-background-enabled":"default","ast-page-background-meta":{"desktop":{"background-color":"var(--ast-global-color-4)","background-image":"","background-repeat":"repeat","background-position":"center center","background-size":"auto","background-attachment":"scroll","background-type":"","background-media":"","overlay-type":"","overlay-color":"","overlay-opacity":"","overlay-gradient":""},"tablet":{"background-color":"","background-image":"","background-repeat":"repeat","background-position":"center center","background-size":"auto","background-attachment":"scroll","background-type":"","background-media":"","overlay-type":"","overlay-color":"","overlay-opacity":"","overlay-gradient":""},"mobile":{"background-color":"","background-image":"","background-repeat":"repeat","background-position":"center center","background-size":"auto","background-attachment":"scroll","background-type":"","background-media":"","overlay-type":"","overlay-color":"","overlay-opacity":"","overlay-gradient":""}},"ast-content-background-meta":{"desktop":{"background-color":"var(--ast-global-color-5)","background-image":"","background-repeat":"repeat","background-position":"center center","background-size":"auto","background-attachment":"scroll","background-type":"","background-media":"","overlay-type":"","overlay-color":"","overlay-opacity":"","overlay-gradient":""},"tablet":{"background-color":"var(--ast-global-color-5)","background-image":"","background-repeat":"repeat","background-position":"center center","background-size":"auto","background-attachment":"scroll","background-type":"","background-media":"","overlay-type":"","overlay-color":"","overlay-opacity":"","overlay-gradient":""},"mobile":{"background-color":"var(--ast-global-color-5)","background-image":"","background-repeat":"repeat","background-position":"center center","background-size":"auto","background-attachment":"scroll","background-type":"","background-media":"","overlay-type":"","overlay-color":"","overlay-opacity":"","overlay-gradient":""}},"footnotes":""},"categories":[669,1,4],"tags":[],"class_list":["post-24598","post","type-post","status-publish","format-standard","has-post-thumbnail","hentry","category-2019-2028-grup-b","category-general","category-portada"],"post_mailing_queue_ids":[],"_links":{"self":[{"href":"https:\/\/agora.xtec.cat\/ceip-lesferreries-palafolls\/wp-json\/wp\/v2\/posts\/24598","targetHints":{"allow":["GET"]}}],"collection":[{"href":"https:\/\/agora.xtec.cat\/ceip-lesferreries-palafolls\/wp-json\/wp\/v2\/posts"}],"about":[{"href":"https:\/\/agora.xtec.cat\/ceip-lesferreries-palafolls\/wp-json\/wp\/v2\/types\/post"}],"author":[{"embeddable":true,"href":"https:\/\/agora.xtec.cat\/ceip-lesferreries-palafolls\/wp-json\/wp\/v2\/users\/70"}],"replies":[{"embeddable":true,"href":"https:\/\/agora.xtec.cat\/ceip-lesferreries-palafolls\/wp-json\/wp\/v2\/comments?post=24598"}],"version-history":[{"count":6,"href":"https:\/\/agora.xtec.cat\/ceip-lesferreries-palafolls\/wp-json\/wp\/v2\/posts\/24598\/revisions"}],"predecessor-version":[{"id":24668,"href":"https:\/\/agora.xtec.cat\/ceip-lesferreries-palafolls\/wp-json\/wp\/v2\/posts\/24598\/revisions\/24668"}],"wp:featuredmedia":[{"embeddable":true,"href":"https:\/\/agora.xtec.cat\/ceip-lesferreries-palafolls\/wp-json\/wp\/v2\/media\/24618"}],"wp:attachment":[{"href":"https:\/\/agora.xtec.cat\/ceip-lesferreries-palafolls\/wp-json\/wp\/v2\/media?parent=24598"}],"wp:term":[{"taxonomy":"category","embeddable":true,"href":"https:\/\/agora.xtec.cat\/ceip-lesferreries-palafolls\/wp-json\/wp\/v2\/categories?post=24598"},{"taxonomy":"post_tag","embeddable":true,"href":"https:\/\/agora.xtec.cat\/ceip-lesferreries-palafolls\/wp-json\/wp\/v2\/tags?post=24598"}],"curies":[{"name":"wp","href":"https:\/\/api.w.org\/{rel}","templated":true}]}}