{"id":24588,"date":"2026-04-07T13:52:03","date_gmt":"2026-04-07T11:52:03","guid":{"rendered":"https:\/\/agora.xtec.cat\/ceip-lesferreries-palafolls\/?p=24588"},"modified":"2026-04-07T13:52:03","modified_gmt":"2026-04-07T11:52:03","slug":"%f0%9f%8c%b8-fira-de-primavera-2026-un-exit-collectiu-%f0%9f%8c%bc","status":"publish","type":"post","link":"https:\/\/agora.xtec.cat\/ceip-lesferreries-palafolls\/general\/%f0%9f%8c%b8-fira-de-primavera-2026-un-exit-collectiu-%f0%9f%8c%bc\/","title":{"rendered":"\ud83c\udf38 Fira de Primavera 2026: un \u00e8xit col\u00b7lectiu \ud83c\udf3c"},"content":{"rendered":"<p data-start=\"139\" data-end=\"357\">El passat dijous 26 de mar\u00e7, a l\u2019escola vam celebrar la nostra esperada <strong data-start=\"211\" data-end=\"232\">Fira de Primavera<\/strong>, una jornada molt especial que, un any m\u00e9s, va esdevenir tot un \u00e8xit gr\u00e0cies a la implicaci\u00f3 de tota la comunitat educativa.<\/p>\n<p data-start=\"359\" data-end=\"652\">Volem expressar el nostre m\u00e9s sincer <strong data-start=\"396\" data-end=\"449\">agra\u00efment a totes les fam\u00edlies, alumnat i mestres<\/strong> per la vostra participaci\u00f3 i col\u00b7laboraci\u00f3. En especial, gr\u00e0cies a les fam\u00edlies per la vostra implicaci\u00f3 amb la <strong data-start=\"562\" data-end=\"576\">reposteria<\/strong>, que va contribuir a fer de la tarda un moment encara m\u00e9s dol\u00e7 i compartit.<\/p>\n<p data-start=\"654\" data-end=\"692\">\ud83d\udc90 <strong data-start=\"657\" data-end=\"692\">Recaptaci\u00f3 Fira Primavera 2026:<\/strong><\/p>\n<ul data-start=\"693\" data-end=\"749\">\n<li data-section-id=\"1y64klu\" data-start=\"693\" data-end=\"719\">Manualitats: <strong data-start=\"708\" data-end=\"719\">2.155 \u20ac<\/strong><\/li>\n<li data-section-id=\"pzlcvo\" data-start=\"720\" data-end=\"749\">Pulseres Candela: <strong data-start=\"740\" data-end=\"749\">634 \u20ac<\/strong><\/li>\n<\/ul>\n<p data-start=\"751\" data-end=\"781\">\ud83d\udc49 <strong data-start=\"754\" data-end=\"781\">Total recaptat: 2.789 \u20ac<\/strong><\/p>\n<p data-start=\"783\" data-end=\"957\">Aquesta quantitat es destinar\u00e0 a finalitats solid\u00e0ries. En el proper claustre es decidir\u00e0 a quines ONG es faran les donacions, i us n\u2019informarem tan aviat com sigui possible.<\/p>\n<p data-start=\"959\" data-end=\"1120\">Tamb\u00e9 volem compartir amb vosaltres alguns records d\u2019aquests dies tan especials. Us deixem els \u00e0lbums dels tallers de l\u2019alumnat de prim\u00e0ria i del dia de la fira:<\/p>\n<p data-start=\"1122\" data-end=\"1149\">\ud83d\udcf8 <strong data-start=\"1125\" data-end=\"1149\">Tallers de prim\u00e0ria:<\/strong><\/p>\n<ul data-start=\"1150\" data-end=\"1337\">\n<li data-section-id=\"1aencb7\" data-start=\"1150\" data-end=\"1212\">Cicle Inicial: <a class=\"decorated-link\" href=\"https:\/\/photos.app.goo.gl\/qJAVRzWuapoLSKhW9\" target=\"_new\" rel=\"noopener\" data-start=\"1167\" data-end=\"1210\">https:\/\/photos.app.goo.gl\/qJAVRzWuapoLSKhW9<\/a><\/li>\n<li data-section-id=\"exvqaj\" data-start=\"1213\" data-end=\"1273\">Cicle Mitj\u00e0: <a class=\"decorated-link\" href=\"https:\/\/photos.app.goo.gl\/LhpY2kfkqpGxN4L88\" target=\"_new\" rel=\"noopener\" data-start=\"1228\" data-end=\"1271\">https:\/\/photos.app.goo.gl\/LhpY2kfkqpGxN4L88<\/a><\/li>\n<li data-section-id=\"7mqxn2\" data-start=\"1274\" data-end=\"1337\">Cicle Superior: <a class=\"decorated-link\" href=\"https:\/\/photos.app.goo.gl\/Ao6TeiQ9iudizusW9\" target=\"_new\" rel=\"noopener\" data-start=\"1292\" data-end=\"1335\">https:\/\/photos.app.goo.gl\/Ao6TeiQ9iudizusW9<\/a><\/li>\n<\/ul>\n<p data-start=\"1339\" data-end=\"1361\">\ud83d\udcf8 <strong data-start=\"1342\" data-end=\"1361\">Dia de la fira:<\/strong><\/p>\n<ul data-start=\"1362\" data-end=\"1409\">\n<li data-section-id=\"1ivl976\" data-start=\"1362\" data-end=\"1409\"><a class=\"decorated-link\" href=\"https:\/\/photos.app.goo.gl\/TKHVbTbDFoRTdR437\" target=\"_new\" rel=\"noopener\" data-start=\"1364\" data-end=\"1407\">https:\/\/photos.app.goo.gl\/TKHVbTbDFoRTdR437<\/a><\/li>\n<\/ul>\n<p data-start=\"1411\" data-end=\"1502\">Gr\u00e0cies, de nou, per fer possible una jornada tan enriquidora, solid\u00e0ria i plena de vida \ud83c\udf37<\/p>\n","protected":false},"excerpt":{"rendered":"<p>El passat dijous 26 de mar\u00e7, a l\u2019escola vam celebrar la nostra esperada Fira de Primavera, una jornada molt especial que, un any m\u00e9s, va esdevenir tot un \u00e8xit gr\u00e0cies a la implicaci\u00f3 de tota la comunitat educativa. Volem expressar el nostre m\u00e9s sincer agra\u00efment a totes les fam\u00edlies, alumnat i mestres per la vostra [&hellip;]<\/p>\n","protected":false},"author":65,"featured_media":24589,"comment_status":"open","ping_status":"open","sticky":false,"template":"","format":"standard","meta":{"_bbp_topic_count":0,"_bbp_reply_count":0,"_bbp_total_topic_count":0,"_bbp_total_reply_count":0,"_bbp_voice_count":0,"_bbp_anonymous_reply_count":0,"_bbp_topic_count_hidden":0,"_bbp_reply_count_hidden":0,"_bbp_forum_subforum_count":0,"site-sidebar-layout":"default","site-content-layout":"","ast-site-content-layout":"default","site-content-style":"default","site-sidebar-style":"default","ast-global-header-display":"","ast-banner-title-visibility":"","ast-main-header-display":"","ast-hfb-above-header-display":"","ast-hfb-below-header-display":"","ast-hfb-mobile-header-display":"","site-post-title":"","ast-breadcrumbs-content":"","ast-featured-img":"","footer-sml-layout":"","theme-transparent-header-meta":"default","adv-header-id-meta":"","stick-header-meta":"","header-above-stick-meta":"","header-main-stick-meta":"","header-below-stick-meta":"","astra-migrate-meta-layouts":"set","ast-page-background-enabled":"default","ast-page-background-meta":{"desktop":{"background-color":"var(--ast-global-color-4)","background-image":"","background-repeat":"repeat","background-position":"center center","background-size":"auto","background-attachment":"scroll","background-type":"","background-media":"","overlay-type":"","overlay-color":"","overlay-opacity":"","overlay-gradient":""},"tablet":{"background-color":"","background-image":"","background-repeat":"repeat","background-position":"center center","background-size":"auto","background-attachment":"scroll","background-type":"","background-media":"","overlay-type":"","overlay-color":"","overlay-opacity":"","overlay-gradient":""},"mobile":{"background-color":"","background-image":"","background-repeat":"repeat","background-position":"center center","background-size":"auto","background-attachment":"scroll","background-type":"","background-media":"","overlay-type":"","overlay-color":"","overlay-opacity":"","overlay-gradient":""}},"ast-content-background-meta":{"desktop":{"background-color":"var(--ast-global-color-5)","background-image":"","background-repeat":"repeat","background-position":"center center","background-size":"auto","background-attachment":"scroll","background-type":"","background-media":"","overlay-type":"","overlay-color":"","overlay-opacity":"","overlay-gradient":""},"tablet":{"background-color":"var(--ast-global-color-5)","background-image":"","background-repeat":"repeat","background-position":"center center","background-size":"auto","background-attachment":"scroll","background-type":"","background-media":"","overlay-type":"","overlay-color":"","overlay-opacity":"","overlay-gradient":""},"mobile":{"background-color":"var(--ast-global-color-5)","background-image":"","background-repeat":"repeat","background-position":"center center","background-size":"auto","background-attachment":"scroll","background-type":"","background-media":"","overlay-type":"","overlay-color":"","overlay-opacity":"","overlay-gradient":""}},"footnotes":""},"categories":[956,830,831,782,783,668,669,571,572,502,503,504,22,324,1,4,48],"tags":[271,376],"class_list":["post-24588","post","type-post","status-publish","format-standard","has-post-thumbnail","hentry","category-2022-2031","category-2021-2030-grup-a","category-2021-2030-grup-b","category-gr20a","category-gr20b","category-2019-2028-grup-a","category-2019-2028-grup-b","category-18-27-a","category-16-27-b","category-gr01","category-gr02","category-gr03","category-activitats","category-escola-solidaria","category-general","category-portada","category-projectes","tag-fira-primavera","tag-solidaritat"],"post_mailing_queue_ids":[],"_links":{"self":[{"href":"https:\/\/agora.xtec.cat\/ceip-lesferreries-palafolls\/wp-json\/wp\/v2\/posts\/24588","targetHints":{"allow":["GET"]}}],"collection":[{"href":"https:\/\/agora.xtec.cat\/ceip-lesferreries-palafolls\/wp-json\/wp\/v2\/posts"}],"about":[{"href":"https:\/\/agora.xtec.cat\/ceip-lesferreries-palafolls\/wp-json\/wp\/v2\/types\/post"}],"author":[{"embeddable":true,"href":"https:\/\/agora.xtec.cat\/ceip-lesferreries-palafolls\/wp-json\/wp\/v2\/users\/65"}],"replies":[{"embeddable":true,"href":"https:\/\/agora.xtec.cat\/ceip-lesferreries-palafolls\/wp-json\/wp\/v2\/comments?post=24588"}],"version-history":[{"count":1,"href":"https:\/\/agora.xtec.cat\/ceip-lesferreries-palafolls\/wp-json\/wp\/v2\/posts\/24588\/revisions"}],"predecessor-version":[{"id":24590,"href":"https:\/\/agora.xtec.cat\/ceip-lesferreries-palafolls\/wp-json\/wp\/v2\/posts\/24588\/revisions\/24590"}],"wp:featuredmedia":[{"embeddable":true,"href":"https:\/\/agora.xtec.cat\/ceip-lesferreries-palafolls\/wp-json\/wp\/v2\/media\/24589"}],"wp:attachment":[{"href":"https:\/\/agora.xtec.cat\/ceip-lesferreries-palafolls\/wp-json\/wp\/v2\/media?parent=24588"}],"wp:term":[{"taxonomy":"category","embeddable":true,"href":"https:\/\/agora.xtec.cat\/ceip-lesferreries-palafolls\/wp-json\/wp\/v2\/categories?post=24588"},{"taxonomy":"post_tag","embeddable":true,"href":"https:\/\/agora.xtec.cat\/ceip-lesferreries-palafolls\/wp-json\/wp\/v2\/tags?post=24588"}],"curies":[{"name":"wp","href":"https:\/\/api.w.org\/{rel}","templated":true}]}}