{"id":24496,"date":"2026-01-11T13:03:16","date_gmt":"2026-01-11T12:03:16","guid":{"rendered":"https:\/\/agora.xtec.cat\/ceip-lesferreries-palafolls\/?p=24496"},"modified":"2026-01-11T13:03:16","modified_gmt":"2026-01-11T12:03:16","slug":"primer-trimestre-a-laula-di5","status":"publish","type":"post","link":"https:\/\/agora.xtec.cat\/ceip-lesferreries-palafolls\/general\/primer-trimestre-a-laula-di5\/","title":{"rendered":"PRIMER TRIMESTRE A L&#8217;AULA D&#8217;I5"},"content":{"rendered":"<p data-path-to-node=\"6\">A la &#8220;Classe de les Aranyetes&#8221;, aprendre \u00e9s una aventura que es viu amb les mans, el cap i el cor.\u00a0Sembla mentida, per\u00f2 ja hem tancat el primer trimestre a l&#8217;aula d&#8217;I5! Han estat uns mesos intensos, plens d&#8217;emocions, retrobaments i, sobretot, molt\u00edssim aprenentatge. No nom\u00e9s hem comen\u00e7at a endinsar-nos en el m\u00f3n de les lletres i els n\u00fameros &#8220;de grans&#8221;, sin\u00f3 que hem experimentat, hem creat, hem resolt reptes junts i, el m\u00e9s important, hem gaudit del proc\u00e9s.<\/p>\n<p data-path-to-node=\"7\">A continuaci\u00f3 us deixem un petit recull d\u2019imatges que capturen alguns d&#8217;aquests moments m\u00e0gics viscuts a l&#8217;aula: concentraci\u00f3, rialles, treball en equip i cares de sorpresa. Esperem que gaudiu veient-los en acci\u00f3 tant com nosaltres gaudim acompanyant-los cada dia.<\/p>\n<p><a href=\"https:\/\/drive.google.com\/drive\/folders\/18vC5xlKEwwGqhr18_blu1Bu1dKOynN7y?usp=sharing\">ESPAIS D&#8217;APRENENTATGE<\/a><\/p>\n<p><a href=\"https:\/\/drive.google.com\/drive\/folders\/1KTilGt1VbSWw4zs4PK8sbPcjjvFJXQ6R?usp=sharing\">TARDOR<\/a><\/p>\n<p><a href=\"https:\/\/drive.google.com\/drive\/folders\/1y8N3m3JTheB67U-eICRLO-JdUeCr0SCy?usp=sharing\">NADAL<\/a><\/p>\n<p><a href=\"https:\/\/drive.google.com\/drive\/folders\/1F39kFZdjuJfrgf4XE_iS13yeS06kXAyL?usp=sharing\">EXPERIMENTACI\u00d3<\/a><\/p>\n","protected":false},"excerpt":{"rendered":"<p>A la &#8220;Classe de les Aranyetes&#8221;, aprendre \u00e9s una aventura que es viu amb les mans, el cap i el cor.\u00a0Sembla mentida, per\u00f2 ja hem tancat el primer trimestre a l&#8217;aula d&#8217;I5! Han estat uns mesos intensos, plens d&#8217;emocions, retrobaments i, sobretot, molt\u00edssim aprenentatge. No nom\u00e9s hem comen\u00e7at a endinsar-nos en el m\u00f3n de les [&hellip;]<\/p>\n","protected":false},"author":62,"featured_media":24499,"comment_status":"open","ping_status":"open","sticky":false,"template":"","format":"standard","meta":{"_bbp_topic_count":0,"_bbp_reply_count":0,"_bbp_total_topic_count":0,"_bbp_total_reply_count":0,"_bbp_voice_count":0,"_bbp_anonymous_reply_count":0,"_bbp_topic_count_hidden":0,"_bbp_reply_count_hidden":0,"_bbp_forum_subforum_count":0,"site-sidebar-layout":"default","site-content-layout":"","ast-site-content-layout":"default","site-content-style":"default","site-sidebar-style":"default","ast-global-header-display":"","ast-banner-title-visibility":"","ast-main-header-display":"","ast-hfb-above-header-display":"","ast-hfb-below-header-display":"","ast-hfb-mobile-header-display":"","site-post-title":"","ast-breadcrumbs-content":"","ast-featured-img":"","footer-sml-layout":"","theme-transparent-header-meta":"default","adv-header-id-meta":"","stick-header-meta":"","header-above-stick-meta":"","header-main-stick-meta":"","header-below-stick-meta":"","astra-migrate-meta-layouts":"set","ast-page-background-enabled":"default","ast-page-background-meta":{"desktop":{"background-color":"var(--ast-global-color-4)","background-image":"","background-repeat":"repeat","background-position":"center center","background-size":"auto","background-attachment":"scroll","background-type":"","background-media":"","overlay-type":"","overlay-color":"","overlay-opacity":"","overlay-gradient":""},"tablet":{"background-color":"","background-image":"","background-repeat":"repeat","background-position":"center center","background-size":"auto","background-attachment":"scroll","background-type":"","background-media":"","overlay-type":"","overlay-color":"","overlay-opacity":"","overlay-gradient":""},"mobile":{"background-color":"","background-image":"","background-repeat":"repeat","background-position":"center center","background-size":"auto","background-attachment":"scroll","background-type":"","background-media":"","overlay-type":"","overlay-color":"","overlay-opacity":"","overlay-gradient":""}},"ast-content-background-meta":{"desktop":{"background-color":"var(--ast-global-color-5)","background-image":"","background-repeat":"repeat","background-position":"center center","background-size":"auto","background-attachment":"scroll","background-type":"","background-media":"","overlay-type":"","overlay-color":"","overlay-opacity":"","overlay-gradient":""},"tablet":{"background-color":"var(--ast-global-color-5)","background-image":"","background-repeat":"repeat","background-position":"center center","background-size":"auto","background-attachment":"scroll","background-type":"","background-media":"","overlay-type":"","overlay-color":"","overlay-opacity":"","overlay-gradient":""},"mobile":{"background-color":"var(--ast-global-color-5)","background-image":"","background-repeat":"repeat","background-position":"center center","background-size":"auto","background-attachment":"scroll","background-type":"","background-media":"","overlay-type":"","overlay-color":"","overlay-opacity":"","overlay-gradient":""}},"footnotes":""},"categories":[33,36,1,1021,4],"tags":[],"class_list":["post-24496","post","type-post","status-publish","format-standard","has-post-thumbnail","hentry","category-educacio-infantil","category-galeria","category-general","category-2023-2032","category-portada"],"post_mailing_queue_ids":[],"_links":{"self":[{"href":"https:\/\/agora.xtec.cat\/ceip-lesferreries-palafolls\/wp-json\/wp\/v2\/posts\/24496","targetHints":{"allow":["GET"]}}],"collection":[{"href":"https:\/\/agora.xtec.cat\/ceip-lesferreries-palafolls\/wp-json\/wp\/v2\/posts"}],"about":[{"href":"https:\/\/agora.xtec.cat\/ceip-lesferreries-palafolls\/wp-json\/wp\/v2\/types\/post"}],"author":[{"embeddable":true,"href":"https:\/\/agora.xtec.cat\/ceip-lesferreries-palafolls\/wp-json\/wp\/v2\/users\/62"}],"replies":[{"embeddable":true,"href":"https:\/\/agora.xtec.cat\/ceip-lesferreries-palafolls\/wp-json\/wp\/v2\/comments?post=24496"}],"version-history":[{"count":6,"href":"https:\/\/agora.xtec.cat\/ceip-lesferreries-palafolls\/wp-json\/wp\/v2\/posts\/24496\/revisions"}],"predecessor-version":[{"id":24518,"href":"https:\/\/agora.xtec.cat\/ceip-lesferreries-palafolls\/wp-json\/wp\/v2\/posts\/24496\/revisions\/24518"}],"wp:featuredmedia":[{"embeddable":true,"href":"https:\/\/agora.xtec.cat\/ceip-lesferreries-palafolls\/wp-json\/wp\/v2\/media\/24499"}],"wp:attachment":[{"href":"https:\/\/agora.xtec.cat\/ceip-lesferreries-palafolls\/wp-json\/wp\/v2\/media?parent=24496"}],"wp:term":[{"taxonomy":"category","embeddable":true,"href":"https:\/\/agora.xtec.cat\/ceip-lesferreries-palafolls\/wp-json\/wp\/v2\/categories?post=24496"},{"taxonomy":"post_tag","embeddable":true,"href":"https:\/\/agora.xtec.cat\/ceip-lesferreries-palafolls\/wp-json\/wp\/v2\/tags?post=24496"}],"curies":[{"name":"wp","href":"https:\/\/api.w.org\/{rel}","templated":true}]}}