{"id":24487,"date":"2025-12-20T09:58:35","date_gmt":"2025-12-20T08:58:35","guid":{"rendered":"https:\/\/agora.xtec.cat\/ceip-lesferreries-palafolls\/?p=24487"},"modified":"2025-12-20T09:59:25","modified_gmt":"2025-12-20T08:59:25","slug":"primer-trimestre-a-laula-di4","status":"publish","type":"post","link":"https:\/\/agora.xtec.cat\/ceip-lesferreries-palafolls\/general\/primer-trimestre-a-laula-di4\/","title":{"rendered":"Primer trimestre a l&#8217;aula d&#8217;I4"},"content":{"rendered":"<p>Hola, fam\u00edlies!<br \/>\nJa hem tancat el primer trimestre del curs, ha estat un per\u00edode ple de descobertes, nous jocs,  mirades c\u00f2mplices, emocions compartides i aprenentatges significatius a la Classe de les Marietes.<\/p>\n<p>Al llarg del trimestre  ens hem anat familiaritzant amb la nova classe, descobrint els nous espais i recuperant les rutines quotidianes que ens aporten seguretat i confian\u00e7a. Hem afrontat nous reptes als espais d&#8217;aprenentatge, explorant, investigant, jugant i aprenent, sempre gaudint del proc\u00e9s i del temps compartit dia a dia amb la resta de companys i companyes.  Durant aquests mesos hem viscut molts  moments i  experi\u00e8ncies boniques que ens han ajudat a cr\u00e9ixer, tant a nivell individual com a nivell de grup: heu fet una feina fant\u00e0stica, Marietes!<\/p>\n<p>Aqu\u00ed teniu una petita mostra d&#8217;alguns d&#8217;aquests moments. Esperem que us agradin tant com a nosaltres!<br \/>\nBones festes, fam\u00edlies. Una abra\u00e7ada!<\/p>\n<p><a href=\"https:\/\/photos.app.goo.gl\/sKHfgsm4FSY9J4zJ9\">-Som la classe de les MARIETES!.<\/a><br \/>\n<a href=\"https:\/\/photos.app.goo.gl\/DUGxwg4hLBUPJ2hx8\">-La tardor a l&#8217;aula.<\/a><br \/>\n<a href=\"https:\/\/photos.app.goo.gl\/vQxn3Ne3UDaa6ny9A\">-Espais d&#8217;aprenentatge.<\/a><br \/>\n<a href=\"https:\/\/photos.app.goo.gl\/pe5mmYg3S4Zvv9b5A\">-Protagonista de la setmana.<\/a><br \/>\n<a href=\"https:\/\/photos.app.goo.gl\/QfcfHvDt4qzKj2S56\">-Aniversaris.<\/a><br \/>\n<a href=\"https:\/\/photos.app.goo.gl\/2cfrTv4FNfFfHMHS9\">-El Nadal a l&#8217;aula.<\/a><\/p>\n","protected":false},"excerpt":{"rendered":"<p>Hola, fam\u00edlies! Ja hem tancat el primer trimestre del curs, ha estat un per\u00edode ple de descobertes, nous jocs, mirades c\u00f2mplices, emocions compartides i aprenentatges significatius a la Classe de les Marietes. Al llarg del trimestre ens hem anat familiaritzant amb la nova classe, descobrint els nous espais i recuperant les rutines quotidianes que ens [&hellip;]<\/p>\n","protected":false},"author":103,"featured_media":24488,"comment_status":"open","ping_status":"open","sticky":false,"template":"","format":"standard","meta":{"_bbp_topic_count":0,"_bbp_reply_count":0,"_bbp_total_topic_count":0,"_bbp_total_reply_count":0,"_bbp_voice_count":0,"_bbp_anonymous_reply_count":0,"_bbp_topic_count_hidden":0,"_bbp_reply_count_hidden":0,"_bbp_forum_subforum_count":0,"site-sidebar-layout":"default","site-content-layout":"","ast-site-content-layout":"default","site-content-style":"default","site-sidebar-style":"default","ast-global-header-display":"","ast-banner-title-visibility":"","ast-main-header-display":"","ast-hfb-above-header-display":"","ast-hfb-below-header-display":"","ast-hfb-mobile-header-display":"","site-post-title":"","ast-breadcrumbs-content":"","ast-featured-img":"","footer-sml-layout":"","theme-transparent-header-meta":"default","adv-header-id-meta":"","stick-header-meta":"","header-above-stick-meta":"","header-main-stick-meta":"","header-below-stick-meta":"","astra-migrate-meta-layouts":"set","ast-page-background-enabled":"default","ast-page-background-meta":{"desktop":{"background-color":"var(--ast-global-color-4)","background-image":"","background-repeat":"repeat","background-position":"center center","background-size":"auto","background-attachment":"scroll","background-type":"","background-media":"","overlay-type":"","overlay-color":"","overlay-opacity":"","overlay-gradient":""},"tablet":{"background-color":"","background-image":"","background-repeat":"repeat","background-position":"center center","background-size":"auto","background-attachment":"scroll","background-type":"","background-media":"","overlay-type":"","overlay-color":"","overlay-opacity":"","overlay-gradient":""},"mobile":{"background-color":"","background-image":"","background-repeat":"repeat","background-position":"center center","background-size":"auto","background-attachment":"scroll","background-type":"","background-media":"","overlay-type":"","overlay-color":"","overlay-opacity":"","overlay-gradient":""}},"ast-content-background-meta":{"desktop":{"background-color":"var(--ast-global-color-5)","background-image":"","background-repeat":"repeat","background-position":"center center","background-size":"auto","background-attachment":"scroll","background-type":"","background-media":"","overlay-type":"","overlay-color":"","overlay-opacity":"","overlay-gradient":""},"tablet":{"background-color":"var(--ast-global-color-5)","background-image":"","background-repeat":"repeat","background-position":"center center","background-size":"auto","background-attachment":"scroll","background-type":"","background-media":"","overlay-type":"","overlay-color":"","overlay-opacity":"","overlay-gradient":""},"mobile":{"background-color":"var(--ast-global-color-5)","background-image":"","background-repeat":"repeat","background-position":"center center","background-size":"auto","background-attachment":"scroll","background-type":"","background-media":"","overlay-type":"","overlay-color":"","overlay-opacity":"","overlay-gradient":""}},"footnotes":""},"categories":[36,1,1055,4],"tags":[],"class_list":["post-24487","post","type-post","status-publish","format-standard","has-post-thumbnail","hentry","category-galeria","category-general","category-2024-2033","category-portada"],"post_mailing_queue_ids":[],"_links":{"self":[{"href":"https:\/\/agora.xtec.cat\/ceip-lesferreries-palafolls\/wp-json\/wp\/v2\/posts\/24487","targetHints":{"allow":["GET"]}}],"collection":[{"href":"https:\/\/agora.xtec.cat\/ceip-lesferreries-palafolls\/wp-json\/wp\/v2\/posts"}],"about":[{"href":"https:\/\/agora.xtec.cat\/ceip-lesferreries-palafolls\/wp-json\/wp\/v2\/types\/post"}],"author":[{"embeddable":true,"href":"https:\/\/agora.xtec.cat\/ceip-lesferreries-palafolls\/wp-json\/wp\/v2\/users\/103"}],"replies":[{"embeddable":true,"href":"https:\/\/agora.xtec.cat\/ceip-lesferreries-palafolls\/wp-json\/wp\/v2\/comments?post=24487"}],"version-history":[{"count":4,"href":"https:\/\/agora.xtec.cat\/ceip-lesferreries-palafolls\/wp-json\/wp\/v2\/posts\/24487\/revisions"}],"predecessor-version":[{"id":24492,"href":"https:\/\/agora.xtec.cat\/ceip-lesferreries-palafolls\/wp-json\/wp\/v2\/posts\/24487\/revisions\/24492"}],"wp:featuredmedia":[{"embeddable":true,"href":"https:\/\/agora.xtec.cat\/ceip-lesferreries-palafolls\/wp-json\/wp\/v2\/media\/24488"}],"wp:attachment":[{"href":"https:\/\/agora.xtec.cat\/ceip-lesferreries-palafolls\/wp-json\/wp\/v2\/media?parent=24487"}],"wp:term":[{"taxonomy":"category","embeddable":true,"href":"https:\/\/agora.xtec.cat\/ceip-lesferreries-palafolls\/wp-json\/wp\/v2\/categories?post=24487"},{"taxonomy":"post_tag","embeddable":true,"href":"https:\/\/agora.xtec.cat\/ceip-lesferreries-palafolls\/wp-json\/wp\/v2\/tags?post=24487"}],"curies":[{"name":"wp","href":"https:\/\/api.w.org\/{rel}","templated":true}]}}