{"id":24412,"date":"2025-10-31T19:35:23","date_gmt":"2025-10-31T18:35:23","guid":{"rendered":"https:\/\/agora.xtec.cat\/ceip-lesferreries-palafolls\/?p=24412"},"modified":"2025-10-31T19:35:23","modified_gmt":"2025-10-31T18:35:23","slug":"primers-dies-a-laula-di5","status":"publish","type":"post","link":"https:\/\/agora.xtec.cat\/ceip-lesferreries-palafolls\/general\/primers-dies-a-laula-di5\/","title":{"rendered":"PRIMERS DIES A L&#8217;AULA D&#8217;I5"},"content":{"rendered":"<p style=\"text-align: justify\"><span style=\"font-size: 16px\">Els nens i les nenes d\u2019I5 hem comen\u00e7at el nou curs amb molta il\u00b7lusi\u00f3 i energia! <span style=\"font-style: normal;font-weight: 400\">Amb l\u2019ajuda d\u2019en Mariano i la Marieta, els nostres espantaocells, hem comen\u00e7at una gran aventura: triar un nou nom per a la nostra classe, que, com ja sabeu, \u00e9s la Classe de les Aranyetes.<\/span><\/span><\/p>\n<p style=\"text-align: justify\"><span style=\"font-size: 16px\">Ten\u00edem moltes ganes de retrobar-nos amb els companys i companyes, de descobrir la nova aula, de reprendre les rutines del dia a dia i de comen\u00e7ar nous reptes als espais d\u2019aprenentatge.<\/span><\/p>\n<p style=\"text-align: justify\"><span style=\"font-size: 16px\">Aquests primers dies han estat plens de descobertes, rialles i moments compartits.<\/span><br data-start=\"634\" data-end=\"637\" \/><span style=\"font-size: 16px\">Aqu\u00ed en teniu una petita mostra, plena de la m\u00e0gia dels inicis i de ganes d\u2019aprendre plegats!<\/span><\/p>\n<p><a href=\"https:\/\/drive.google.com\/drive\/folders\/1X_fVl2osCfk7yLNZBGTPb72Xem1cnBaM?usp=sharing\">PRIMERS DIES<\/a><\/p>\n<p>Que tinguem un bon curs tots plegats!<\/p>\n","protected":false},"excerpt":{"rendered":"<p>Els nens i les nenes d\u2019I5 hem comen\u00e7at el nou curs amb molta il\u00b7lusi\u00f3 i energia! Amb l\u2019ajuda d\u2019en Mariano i la Marieta, els nostres espantaocells, hem comen\u00e7at una gran aventura: triar un nou nom per a la nostra classe, que, com ja sabeu, \u00e9s la Classe de les Aranyetes. Ten\u00edem moltes ganes de retrobar-nos [&hellip;]<\/p>\n","protected":false},"author":62,"featured_media":24415,"comment_status":"open","ping_status":"open","sticky":false,"template":"","format":"standard","meta":{"_bbp_topic_count":0,"_bbp_reply_count":0,"_bbp_total_topic_count":0,"_bbp_total_reply_count":0,"_bbp_voice_count":0,"_bbp_anonymous_reply_count":0,"_bbp_topic_count_hidden":0,"_bbp_reply_count_hidden":0,"_bbp_forum_subforum_count":0,"site-sidebar-layout":"default","site-content-layout":"","ast-site-content-layout":"default","site-content-style":"default","site-sidebar-style":"default","ast-global-header-display":"","ast-banner-title-visibility":"","ast-main-header-display":"","ast-hfb-above-header-display":"","ast-hfb-below-header-display":"","ast-hfb-mobile-header-display":"","site-post-title":"","ast-breadcrumbs-content":"","ast-featured-img":"","footer-sml-layout":"","theme-transparent-header-meta":"default","adv-header-id-meta":"","stick-header-meta":"","header-above-stick-meta":"","header-main-stick-meta":"","header-below-stick-meta":"","astra-migrate-meta-layouts":"set","ast-page-background-enabled":"default","ast-page-background-meta":{"desktop":{"background-color":"var(--ast-global-color-4)","background-image":"","background-repeat":"repeat","background-position":"center center","background-size":"auto","background-attachment":"scroll","background-type":"","background-media":"","overlay-type":"","overlay-color":"","overlay-opacity":"","overlay-gradient":""},"tablet":{"background-color":"","background-image":"","background-repeat":"repeat","background-position":"center center","background-size":"auto","background-attachment":"scroll","background-type":"","background-media":"","overlay-type":"","overlay-color":"","overlay-opacity":"","overlay-gradient":""},"mobile":{"background-color":"","background-image":"","background-repeat":"repeat","background-position":"center center","background-size":"auto","background-attachment":"scroll","background-type":"","background-media":"","overlay-type":"","overlay-color":"","overlay-opacity":"","overlay-gradient":""}},"ast-content-background-meta":{"desktop":{"background-color":"var(--ast-global-color-5)","background-image":"","background-repeat":"repeat","background-position":"center center","background-size":"auto","background-attachment":"scroll","background-type":"","background-media":"","overlay-type":"","overlay-color":"","overlay-opacity":"","overlay-gradient":""},"tablet":{"background-color":"var(--ast-global-color-5)","background-image":"","background-repeat":"repeat","background-position":"center center","background-size":"auto","background-attachment":"scroll","background-type":"","background-media":"","overlay-type":"","overlay-color":"","overlay-opacity":"","overlay-gradient":""},"mobile":{"background-color":"var(--ast-global-color-5)","background-image":"","background-repeat":"repeat","background-position":"center center","background-size":"auto","background-attachment":"scroll","background-type":"","background-media":"","overlay-type":"","overlay-color":"","overlay-opacity":"","overlay-gradient":""}},"footnotes":""},"categories":[33,36,1,1021,4],"tags":[],"class_list":["post-24412","post","type-post","status-publish","format-standard","has-post-thumbnail","hentry","category-educacio-infantil","category-galeria","category-general","category-2023-2032","category-portada"],"post_mailing_queue_ids":[],"_links":{"self":[{"href":"https:\/\/agora.xtec.cat\/ceip-lesferreries-palafolls\/wp-json\/wp\/v2\/posts\/24412","targetHints":{"allow":["GET"]}}],"collection":[{"href":"https:\/\/agora.xtec.cat\/ceip-lesferreries-palafolls\/wp-json\/wp\/v2\/posts"}],"about":[{"href":"https:\/\/agora.xtec.cat\/ceip-lesferreries-palafolls\/wp-json\/wp\/v2\/types\/post"}],"author":[{"embeddable":true,"href":"https:\/\/agora.xtec.cat\/ceip-lesferreries-palafolls\/wp-json\/wp\/v2\/users\/62"}],"replies":[{"embeddable":true,"href":"https:\/\/agora.xtec.cat\/ceip-lesferreries-palafolls\/wp-json\/wp\/v2\/comments?post=24412"}],"version-history":[{"count":5,"href":"https:\/\/agora.xtec.cat\/ceip-lesferreries-palafolls\/wp-json\/wp\/v2\/posts\/24412\/revisions"}],"predecessor-version":[{"id":24427,"href":"https:\/\/agora.xtec.cat\/ceip-lesferreries-palafolls\/wp-json\/wp\/v2\/posts\/24412\/revisions\/24427"}],"wp:featuredmedia":[{"embeddable":true,"href":"https:\/\/agora.xtec.cat\/ceip-lesferreries-palafolls\/wp-json\/wp\/v2\/media\/24415"}],"wp:attachment":[{"href":"https:\/\/agora.xtec.cat\/ceip-lesferreries-palafolls\/wp-json\/wp\/v2\/media?parent=24412"}],"wp:term":[{"taxonomy":"category","embeddable":true,"href":"https:\/\/agora.xtec.cat\/ceip-lesferreries-palafolls\/wp-json\/wp\/v2\/categories?post=24412"},{"taxonomy":"post_tag","embeddable":true,"href":"https:\/\/agora.xtec.cat\/ceip-lesferreries-palafolls\/wp-json\/wp\/v2\/tags?post=24412"}],"curies":[{"name":"wp","href":"https:\/\/api.w.org\/{rel}","templated":true}]}}