{"id":24251,"date":"2025-07-03T12:15:23","date_gmt":"2025-07-03T10:15:23","guid":{"rendered":"https:\/\/agora.xtec.cat\/ceip-lesferreries-palafolls\/?p=24251"},"modified":"2025-07-03T12:15:23","modified_gmt":"2025-07-03T10:15:23","slug":"actualitzacio-de-la-carta-de-compromis-educatiu","status":"publish","type":"post","link":"https:\/\/agora.xtec.cat\/ceip-lesferreries-palafolls\/general\/actualitzacio-de-la-carta-de-compromis-educatiu\/","title":{"rendered":"Actualitzaci\u00f3 de la Carta de Comprom\u00eds Educatiu"},"content":{"rendered":"<p data-start=\"167\" data-end=\"188\">Benvolgudes fam\u00edlies,<\/p>\n<p data-start=\"190\" data-end=\"508\">Us informem que s\u2019ha actualitzat la <strong data-start=\"226\" data-end=\"257\">Carta de Comprom\u00eds Educatiu<\/strong> de la nostra escola. Aquesta carta \u00e9s un document essencial que recull els principis de col\u00b7laboraci\u00f3 i corresponsabilitat entre les fam\u00edlies i el centre educatiu, amb l\u2019objectiu de garantir el millor desenvolupament educatiu i personal de l\u2019alumnat.<\/p>\n<p data-start=\"510\" data-end=\"722\">Enguany, s\u2019han elaborat <strong data-start=\"534\" data-end=\"565\">dues versions diferenciades<\/strong>, una per a <strong data-start=\"577\" data-end=\"598\">Educaci\u00f3 Infantil<\/strong> i una altra per a <strong data-start=\"617\" data-end=\"638\">Educaci\u00f3 Prim\u00e0ria<\/strong>, tenint en compte les especificitats i necessitats pr\u00f2pies de cada etapa educativa.<\/p>\n<p data-start=\"724\" data-end=\"857\">Les dues cartes ja estan <strong data-start=\"749\" data-end=\"818\">disponibles per a la seva signatura a trav\u00e9s de l\u2019app de l\u2019escola<\/strong>, de manera f\u00e0cil, r\u00e0pida i accessible.<\/p>\n<p data-start=\"859\" data-end=\"958\">\ud83d\udcc4 En el seg\u00fcent enlla\u00e7 trobareu els documents de la carta de comprom\u00eds educatiu de la nostra escola:<\/p>\n<p data-start=\"960\" data-end=\"991\"><a href=\"https:\/\/agora.xtec.cat\/ceip-lesferreries-palafolls\/wp-content\/uploads\/usu670\/2025\/07\/INF.-CARTA-DE-COMPROMIS-EDUCATIU.pdf\" target=\"_blank\" rel=\"noopener\">EDUCACI\u00d3 INFANTIL CARTA DE COMPROM\u00cdS EDUCATIU<\/a><\/p>\n<p data-start=\"960\" data-end=\"991\"><a href=\"https:\/\/agora.xtec.cat\/ceip-lesferreries-palafolls\/wp-content\/uploads\/usu670\/2025\/07\/PRIM.-CARTA-DE-COMPROMIS-EDUCATIU.pdf\" target=\"_blank\" rel=\"noopener\">ED. PRIM\u00c0RIA CARTA DE COMPROM\u00cdS EDUCATIU<\/a><\/p>\n<p data-start=\"993\" data-end=\"1063\">Agra\u00efm la vostra col\u00b7laboraci\u00f3 i comprom\u00eds amb la comunitat educativa.<\/p>\n","protected":false},"excerpt":{"rendered":"<p>Benvolgudes fam\u00edlies, Us informem que s\u2019ha actualitzat la Carta de Comprom\u00eds Educatiu de la nostra escola. Aquesta carta \u00e9s un document essencial que recull els principis de col\u00b7laboraci\u00f3 i corresponsabilitat entre les fam\u00edlies i el centre educatiu, amb l\u2019objectiu de garantir el millor desenvolupament educatiu i personal de l\u2019alumnat. Enguany, s\u2019han elaborat dues versions diferenciades, [&hellip;]<\/p>\n","protected":false},"author":65,"featured_media":19935,"comment_status":"open","ping_status":"open","sticky":false,"template":"","format":"standard","meta":{"_bbp_topic_count":0,"_bbp_reply_count":0,"_bbp_total_topic_count":0,"_bbp_total_reply_count":0,"_bbp_voice_count":0,"_bbp_anonymous_reply_count":0,"_bbp_topic_count_hidden":0,"_bbp_reply_count_hidden":0,"_bbp_forum_subforum_count":0,"site-sidebar-layout":"default","site-content-layout":"","ast-site-content-layout":"default","site-content-style":"default","site-sidebar-style":"default","ast-global-header-display":"","ast-banner-title-visibility":"","ast-main-header-display":"","ast-hfb-above-header-display":"","ast-hfb-below-header-display":"","ast-hfb-mobile-header-display":"","site-post-title":"","ast-breadcrumbs-content":"","ast-featured-img":"","footer-sml-layout":"","theme-transparent-header-meta":"default","adv-header-id-meta":"","stick-header-meta":"","header-above-stick-meta":"","header-main-stick-meta":"","header-below-stick-meta":"","astra-migrate-meta-layouts":"set","ast-page-background-enabled":"default","ast-page-background-meta":{"desktop":{"background-color":"var(--ast-global-color-4)","background-image":"","background-repeat":"repeat","background-position":"center center","background-size":"auto","background-attachment":"scroll","background-type":"","background-media":"","overlay-type":"","overlay-color":"","overlay-opacity":"","overlay-gradient":""},"tablet":{"background-color":"","background-image":"","background-repeat":"repeat","background-position":"center center","background-size":"auto","background-attachment":"scroll","background-type":"","background-media":"","overlay-type":"","overlay-color":"","overlay-opacity":"","overlay-gradient":""},"mobile":{"background-color":"","background-image":"","background-repeat":"repeat","background-position":"center center","background-size":"auto","background-attachment":"scroll","background-type":"","background-media":"","overlay-type":"","overlay-color":"","overlay-opacity":"","overlay-gradient":""}},"ast-content-background-meta":{"desktop":{"background-color":"var(--ast-global-color-5)","background-image":"","background-repeat":"repeat","background-position":"center center","background-size":"auto","background-attachment":"scroll","background-type":"","background-media":"","overlay-type":"","overlay-color":"","overlay-opacity":"","overlay-gradient":""},"tablet":{"background-color":"var(--ast-global-color-5)","background-image":"","background-repeat":"repeat","background-position":"center center","background-size":"auto","background-attachment":"scroll","background-type":"","background-media":"","overlay-type":"","overlay-color":"","overlay-opacity":"","overlay-gradient":""},"mobile":{"background-color":"var(--ast-global-color-5)","background-image":"","background-repeat":"repeat","background-position":"center center","background-size":"auto","background-attachment":"scroll","background-type":"","background-media":"","overlay-type":"","overlay-color":"","overlay-opacity":"","overlay-gradient":""}},"footnotes":""},"categories":[32,1,4],"tags":[838],"class_list":["post-24251","post","type-post","status-publish","format-standard","has-post-thumbnail","hentry","category-documents","category-general","category-portada","tag-carta-de-compromis-educatiu"],"post_mailing_queue_ids":[],"_links":{"self":[{"href":"https:\/\/agora.xtec.cat\/ceip-lesferreries-palafolls\/wp-json\/wp\/v2\/posts\/24251","targetHints":{"allow":["GET"]}}],"collection":[{"href":"https:\/\/agora.xtec.cat\/ceip-lesferreries-palafolls\/wp-json\/wp\/v2\/posts"}],"about":[{"href":"https:\/\/agora.xtec.cat\/ceip-lesferreries-palafolls\/wp-json\/wp\/v2\/types\/post"}],"author":[{"embeddable":true,"href":"https:\/\/agora.xtec.cat\/ceip-lesferreries-palafolls\/wp-json\/wp\/v2\/users\/65"}],"replies":[{"embeddable":true,"href":"https:\/\/agora.xtec.cat\/ceip-lesferreries-palafolls\/wp-json\/wp\/v2\/comments?post=24251"}],"version-history":[{"count":1,"href":"https:\/\/agora.xtec.cat\/ceip-lesferreries-palafolls\/wp-json\/wp\/v2\/posts\/24251\/revisions"}],"predecessor-version":[{"id":24254,"href":"https:\/\/agora.xtec.cat\/ceip-lesferreries-palafolls\/wp-json\/wp\/v2\/posts\/24251\/revisions\/24254"}],"wp:featuredmedia":[{"embeddable":true,"href":"https:\/\/agora.xtec.cat\/ceip-lesferreries-palafolls\/wp-json\/wp\/v2\/media\/19935"}],"wp:attachment":[{"href":"https:\/\/agora.xtec.cat\/ceip-lesferreries-palafolls\/wp-json\/wp\/v2\/media?parent=24251"}],"wp:term":[{"taxonomy":"category","embeddable":true,"href":"https:\/\/agora.xtec.cat\/ceip-lesferreries-palafolls\/wp-json\/wp\/v2\/categories?post=24251"},{"taxonomy":"post_tag","embeddable":true,"href":"https:\/\/agora.xtec.cat\/ceip-lesferreries-palafolls\/wp-json\/wp\/v2\/tags?post=24251"}],"curies":[{"name":"wp","href":"https:\/\/api.w.org\/{rel}","templated":true}]}}