{"id":24045,"date":"2025-06-11T23:21:59","date_gmt":"2025-06-11T21:21:59","guid":{"rendered":"https:\/\/agora.xtec.cat\/ceip-lesferreries-palafolls\/?p=24045"},"modified":"2025-06-18T13:41:46","modified_gmt":"2025-06-18T11:41:46","slug":"3-2-1-accio","status":"publish","type":"post","link":"https:\/\/agora.xtec.cat\/ceip-lesferreries-palafolls\/general\/3-2-1-accio\/","title":{"rendered":"3, 2, 1&#8230; ACCI\u00d3!!!"},"content":{"rendered":"<p><span style=\"font-weight: 400\">\ud83d\udcfa Neix el primer programa de televisi\u00f3 de l\u2019escola: <\/span><b>3, 2, 1\u2026 ACCI\u00d3<\/b><span style=\"font-weight: 400\">! \ud83c\udfac<\/span><\/p>\n<p><span style=\"font-weight: 400\">Aquest curs, l&#8217;escola s&#8217;ha convertit en un aut\u00e8ntic plat\u00f3 de televisi\u00f3! Els alumnes de I5, 4t i 5\u00e8 de prim\u00e0ria han estat treballant de valent durant aquests trimestres per crear el primer programa televisiu de l\u2019escola, i el resultat \u00e9s espectacular!<\/span><\/p>\n<p><span style=\"font-weight: 400\">Ha estat un projecte transversal on tots i totes han pogut experimentar diferents rols: han fet de reporters, entrevistadors, experts, cuiners&#8230; i molt m\u00e9s! Han investigat, preparat els guions, practicat l\u2019expressi\u00f3 oral, apr\u00e8s a parlar davant les c\u00e0meres i, sobretot, han gaudit del proc\u00e9s de crear un programa de televisi\u00f3 de principi a fi.<\/span><\/p>\n<p><span style=\"font-weight: 400\">El projecte ha estat una oportunitat fant\u00e0stica per posar en pr\u00e0ctica la creativitat, el treball en equip i moltes compet\u00e8ncies comunicatives.<\/span><\/p>\n<p><span style=\"font-weight: 400\">A continuaci\u00f3, compartim amb vosaltres els tres programes que han creat amb tanta il\u00b7lusi\u00f3. No us els perdeu, perqu\u00e8 estan plens de sorpreses, bon humor i molt de talent!<\/span><\/p>\n<p><span style=\"font-weight: 400\">\ud83c\udfa5 Endavant amb l&#8217;espectacle!<\/span><\/p>\n<p><a href=\"https:\/\/drive.google.com\/file\/d\/1VfNPBrmuTn6WFRcn0malo6Cueu0bRa9N\/view?usp=drivesdk\">PRIMER PROGRAMA<\/a><\/p>\n<p><a href=\"https:\/\/drive.google.com\/file\/d\/1atoA6mtewchFi4FpMDfadNpPYTb1jvPz\/view?usp=drivesdk\">SEGON PROGRAMA<\/a><\/p>\n<p><a href=\"https:\/\/drive.google.com\/file\/d\/1kP66kITvAwO7vkIsZ2jv0ZAni3N4lAgn\/view?usp=sharing\">TERCER PROGRAMA<\/a><\/p>\n<p>M\u00edriam, Laura i Jesika<\/p>\n","protected":false},"excerpt":{"rendered":"<p>\ud83d\udcfa Neix el primer programa de televisi\u00f3 de l\u2019escola: 3, 2, 1\u2026 ACCI\u00d3! \ud83c\udfac Aquest curs, l&#8217;escola s&#8217;ha convertit en un aut\u00e8ntic plat\u00f3 de televisi\u00f3! Els alumnes de I5, 4t i 5\u00e8 de prim\u00e0ria han estat treballant de valent durant aquests trimestres per crear el primer programa televisiu de l\u2019escola, i el resultat \u00e9s espectacular! [&hellip;]<\/p>\n","protected":false},"author":54,"featured_media":24068,"comment_status":"open","ping_status":"open","sticky":false,"template":"","format":"standard","meta":{"_bbp_topic_count":0,"_bbp_reply_count":0,"_bbp_total_topic_count":0,"_bbp_total_reply_count":0,"_bbp_voice_count":0,"_bbp_anonymous_reply_count":0,"_bbp_topic_count_hidden":0,"_bbp_reply_count_hidden":0,"_bbp_forum_subforum_count":0,"site-sidebar-layout":"default","site-content-layout":"","ast-site-content-layout":"default","site-content-style":"default","site-sidebar-style":"default","ast-global-header-display":"","ast-banner-title-visibility":"","ast-main-header-display":"","ast-hfb-above-header-display":"","ast-hfb-below-header-display":"","ast-hfb-mobile-header-display":"","site-post-title":"","ast-breadcrumbs-content":"","ast-featured-img":"","footer-sml-layout":"","theme-transparent-header-meta":"default","adv-header-id-meta":"","stick-header-meta":"","header-above-stick-meta":"","header-main-stick-meta":"","header-below-stick-meta":"","astra-migrate-meta-layouts":"set","ast-page-background-enabled":"default","ast-page-background-meta":{"desktop":{"background-color":"var(--ast-global-color-4)","background-image":"","background-repeat":"repeat","background-position":"center center","background-size":"auto","background-attachment":"scroll","background-type":"","background-media":"","overlay-type":"","overlay-color":"","overlay-opacity":"","overlay-gradient":""},"tablet":{"background-color":"","background-image":"","background-repeat":"repeat","background-position":"center center","background-size":"auto","background-attachment":"scroll","background-type":"","background-media":"","overlay-type":"","overlay-color":"","overlay-opacity":"","overlay-gradient":""},"mobile":{"background-color":"","background-image":"","background-repeat":"repeat","background-position":"center center","background-size":"auto","background-attachment":"scroll","background-type":"","background-media":"","overlay-type":"","overlay-color":"","overlay-opacity":"","overlay-gradient":""}},"ast-content-background-meta":{"desktop":{"background-color":"var(--ast-global-color-5)","background-image":"","background-repeat":"repeat","background-position":"center center","background-size":"auto","background-attachment":"scroll","background-type":"","background-media":"","overlay-type":"","overlay-color":"","overlay-opacity":"","overlay-gradient":""},"tablet":{"background-color":"var(--ast-global-color-5)","background-image":"","background-repeat":"repeat","background-position":"center center","background-size":"auto","background-attachment":"scroll","background-type":"","background-media":"","overlay-type":"","overlay-color":"","overlay-opacity":"","overlay-gradient":""},"mobile":{"background-color":"var(--ast-global-color-5)","background-image":"","background-repeat":"repeat","background-position":"center center","background-size":"auto","background-attachment":"scroll","background-type":"","background-media":"","overlay-type":"","overlay-color":"","overlay-opacity":"","overlay-gradient":""}},"footnotes":""},"categories":[956,572,502,1,1021,4,1069],"tags":[],"class_list":["post-24045","post","type-post","status-publish","format-standard","has-post-thumbnail","hentry","category-2022-2031","category-16-27-b","category-gr01","category-general","category-2023-2032","category-portada","category-projectes-intercicles"],"post_mailing_queue_ids":[],"_links":{"self":[{"href":"https:\/\/agora.xtec.cat\/ceip-lesferreries-palafolls\/wp-json\/wp\/v2\/posts\/24045","targetHints":{"allow":["GET"]}}],"collection":[{"href":"https:\/\/agora.xtec.cat\/ceip-lesferreries-palafolls\/wp-json\/wp\/v2\/posts"}],"about":[{"href":"https:\/\/agora.xtec.cat\/ceip-lesferreries-palafolls\/wp-json\/wp\/v2\/types\/post"}],"author":[{"embeddable":true,"href":"https:\/\/agora.xtec.cat\/ceip-lesferreries-palafolls\/wp-json\/wp\/v2\/users\/54"}],"replies":[{"embeddable":true,"href":"https:\/\/agora.xtec.cat\/ceip-lesferreries-palafolls\/wp-json\/wp\/v2\/comments?post=24045"}],"version-history":[{"count":6,"href":"https:\/\/agora.xtec.cat\/ceip-lesferreries-palafolls\/wp-json\/wp\/v2\/posts\/24045\/revisions"}],"predecessor-version":[{"id":24143,"href":"https:\/\/agora.xtec.cat\/ceip-lesferreries-palafolls\/wp-json\/wp\/v2\/posts\/24045\/revisions\/24143"}],"wp:featuredmedia":[{"embeddable":true,"href":"https:\/\/agora.xtec.cat\/ceip-lesferreries-palafolls\/wp-json\/wp\/v2\/media\/24068"}],"wp:attachment":[{"href":"https:\/\/agora.xtec.cat\/ceip-lesferreries-palafolls\/wp-json\/wp\/v2\/media?parent=24045"}],"wp:term":[{"taxonomy":"category","embeddable":true,"href":"https:\/\/agora.xtec.cat\/ceip-lesferreries-palafolls\/wp-json\/wp\/v2\/categories?post=24045"},{"taxonomy":"post_tag","embeddable":true,"href":"https:\/\/agora.xtec.cat\/ceip-lesferreries-palafolls\/wp-json\/wp\/v2\/tags?post=24045"}],"curies":[{"name":"wp","href":"https:\/\/api.w.org\/{rel}","templated":true}]}}