{"id":23997,"date":"2025-05-26T21:29:59","date_gmt":"2025-05-26T19:29:59","guid":{"rendered":"https:\/\/agora.xtec.cat\/ceip-lesferreries-palafolls\/?p=23997"},"modified":"2025-05-26T21:34:02","modified_gmt":"2025-05-26T19:34:02","slug":"cantania-real-2025","status":"publish","type":"post","link":"https:\/\/agora.xtec.cat\/ceip-lesferreries-palafolls\/general\/cantania-real-2025\/","title":{"rendered":"CANT\u00c0NIA REAL 2025"},"content":{"rendered":"<p>Hola fam\u00edlies,<\/p>\n<p>Avui, 26 de maig, hem anat a l\u2019Auditori de Barcelona per participar al concert de Cant\u00e0nia amb la cantata \u201cReal\u201d. Despr\u00e9s de moltes setmanes cantant, rient, assajant i esfor\u00e7ant-nos de valent\u2026 arriba el gran dia i <span style=\"font-family: inherit;font-size: 1em\">l\u2019emoci\u00f3 es notava a l\u2019ambient!<\/span><\/p>\n<p><span style=\"font-family: inherit;font-size: 1em\">Amb Cant\u00e0nia hem apr\u00e8s que treballar en equip, ser responsables i gaudir del que fem pot sonar molt, molt b\u00e9!<\/span><\/p>\n<p>Gr\u00e0cies a totes les fam\u00edlies que ens heu acompanyat. Sabem que l\u2019Auditori no queda a la cantonada, per\u00f2 veure-us all\u00e0 ha sigut molt important per als infants.<\/p>\n<p>Us animem a compartir les vostres fotos i v\u00eddeos d\u2019aquest dia tan especial al seg\u00fcent enlla\u00e7 perqu\u00e8 tots puguem guardar aquests moments inoblidables i gaudir-los junts!.<\/p>\n<p><a href=\"https:\/\/photos.app.goo.gl\/hq48jJPMenSsB7CG6\" target=\"_blank\" rel=\"noopener\">Enlla\u00e7 Cant\u00e0nia Real<\/a><\/p>\n<p>Miriam, Cristina, S\u00edlvia i Esther.<br \/>\nUna abra\u00e7ada.<\/p>\n<p>&nbsp;<\/p>\n<p>&nbsp;<\/p>\n","protected":false},"excerpt":{"rendered":"<p>Hola fam\u00edlies, Avui, 26 de maig, hem anat a l\u2019Auditori de Barcelona per participar al concert de Cant\u00e0nia amb la cantata \u201cReal\u201d. Despr\u00e9s de moltes setmanes cantant, rient, assajant i esfor\u00e7ant-nos de valent\u2026 arriba el gran dia i l\u2019emoci\u00f3 es notava a l\u2019ambient! Amb Cant\u00e0nia hem apr\u00e8s que treballar en equip, ser responsables i gaudir [&hellip;]<\/p>\n","protected":false},"author":49,"featured_media":24003,"comment_status":"open","ping_status":"closed","sticky":false,"template":"","format":"standard","meta":{"_bbp_topic_count":0,"_bbp_reply_count":0,"_bbp_total_topic_count":0,"_bbp_total_reply_count":0,"_bbp_voice_count":0,"_bbp_anonymous_reply_count":0,"_bbp_topic_count_hidden":0,"_bbp_reply_count_hidden":0,"_bbp_forum_subforum_count":0,"site-sidebar-layout":"default","site-content-layout":"","ast-site-content-layout":"","site-content-style":"default","site-sidebar-style":"default","ast-global-header-display":"","ast-banner-title-visibility":"","ast-main-header-display":"","ast-hfb-above-header-display":"","ast-hfb-below-header-display":"","ast-hfb-mobile-header-display":"","site-post-title":"","ast-breadcrumbs-content":"","ast-featured-img":"","footer-sml-layout":"","theme-transparent-header-meta":"","adv-header-id-meta":"","stick-header-meta":"","header-above-stick-meta":"","header-main-stick-meta":"","header-below-stick-meta":"","astra-migrate-meta-layouts":"default","ast-page-background-enabled":"default","ast-page-background-meta":{"desktop":{"background-color":"var(--ast-global-color-4)","background-image":"","background-repeat":"repeat","background-position":"center center","background-size":"auto","background-attachment":"scroll","background-type":"","background-media":"","overlay-type":"","overlay-color":"","overlay-opacity":"","overlay-gradient":""},"tablet":{"background-color":"","background-image":"","background-repeat":"repeat","background-position":"center center","background-size":"auto","background-attachment":"scroll","background-type":"","background-media":"","overlay-type":"","overlay-color":"","overlay-opacity":"","overlay-gradient":""},"mobile":{"background-color":"","background-image":"","background-repeat":"repeat","background-position":"center center","background-size":"auto","background-attachment":"scroll","background-type":"","background-media":"","overlay-type":"","overlay-color":"","overlay-opacity":"","overlay-gradient":""}},"ast-content-background-meta":{"desktop":{"background-color":"var(--ast-global-color-5)","background-image":"","background-repeat":"repeat","background-position":"center center","background-size":"auto","background-attachment":"scroll","background-type":"","background-media":"","overlay-type":"","overlay-color":"","overlay-opacity":"","overlay-gradient":""},"tablet":{"background-color":"var(--ast-global-color-5)","background-image":"","background-repeat":"repeat","background-position":"center center","background-size":"auto","background-attachment":"scroll","background-type":"","background-media":"","overlay-type":"","overlay-color":"","overlay-opacity":"","overlay-gradient":""},"mobile":{"background-color":"var(--ast-global-color-5)","background-image":"","background-repeat":"repeat","background-position":"center center","background-size":"auto","background-attachment":"scroll","background-type":"","background-media":"","overlay-type":"","overlay-color":"","overlay-opacity":"","overlay-gradient":""}},"footnotes":""},"categories":[502,503,504,656,1,55,4],"tags":[211,550,159,820],"class_list":["post-23997","post","type-post","status-publish","format-standard","has-post-thumbnail","hentry","category-gr01","category-gr02","category-gr03","category-cantania","category-general","category-musica","category-portada","tag-auditori","tag-cantania","tag-cinque","tag-concert"],"post_mailing_queue_ids":[],"_links":{"self":[{"href":"https:\/\/agora.xtec.cat\/ceip-lesferreries-palafolls\/wp-json\/wp\/v2\/posts\/23997","targetHints":{"allow":["GET"]}}],"collection":[{"href":"https:\/\/agora.xtec.cat\/ceip-lesferreries-palafolls\/wp-json\/wp\/v2\/posts"}],"about":[{"href":"https:\/\/agora.xtec.cat\/ceip-lesferreries-palafolls\/wp-json\/wp\/v2\/types\/post"}],"author":[{"embeddable":true,"href":"https:\/\/agora.xtec.cat\/ceip-lesferreries-palafolls\/wp-json\/wp\/v2\/users\/49"}],"replies":[{"embeddable":true,"href":"https:\/\/agora.xtec.cat\/ceip-lesferreries-palafolls\/wp-json\/wp\/v2\/comments?post=23997"}],"version-history":[{"count":5,"href":"https:\/\/agora.xtec.cat\/ceip-lesferreries-palafolls\/wp-json\/wp\/v2\/posts\/23997\/revisions"}],"predecessor-version":[{"id":24002,"href":"https:\/\/agora.xtec.cat\/ceip-lesferreries-palafolls\/wp-json\/wp\/v2\/posts\/23997\/revisions\/24002"}],"wp:featuredmedia":[{"embeddable":true,"href":"https:\/\/agora.xtec.cat\/ceip-lesferreries-palafolls\/wp-json\/wp\/v2\/media\/24003"}],"wp:attachment":[{"href":"https:\/\/agora.xtec.cat\/ceip-lesferreries-palafolls\/wp-json\/wp\/v2\/media?parent=23997"}],"wp:term":[{"taxonomy":"category","embeddable":true,"href":"https:\/\/agora.xtec.cat\/ceip-lesferreries-palafolls\/wp-json\/wp\/v2\/categories?post=23997"},{"taxonomy":"post_tag","embeddable":true,"href":"https:\/\/agora.xtec.cat\/ceip-lesferreries-palafolls\/wp-json\/wp\/v2\/tags?post=23997"}],"curies":[{"name":"wp","href":"https:\/\/api.w.org\/{rel}","templated":true}]}}