{"id":23988,"date":"2025-05-25T09:14:50","date_gmt":"2025-05-25T07:14:50","guid":{"rendered":"https:\/\/agora.xtec.cat\/ceip-lesferreries-palafolls\/?p=23988"},"modified":"2025-05-25T09:14:50","modified_gmt":"2025-05-25T07:14:50","slug":"colonies-de-sise-2025","status":"publish","type":"post","link":"https:\/\/agora.xtec.cat\/ceip-lesferreries-palafolls\/portada\/colonies-de-sise-2025\/","title":{"rendered":"Col\u00f2nies de Sis\u00e8 2025"},"content":{"rendered":"<p>Els nens i les nenes de sis\u00e8 marxen de col\u00f2nies del 3 al 6 de juny.<\/p>\n<p>Compartim amb vosaltres la presentaci\u00f3 que es va passar en la reuni\u00f3 de col\u00f2nies i l&#8217;enlla\u00e7 a l&#8217;\u00e0lbum de fotos.<\/p>\n<p><strong><a href=\"https:\/\/drive.google.com\/file\/d\/1goxrMhfpJ_smPPy_pYcYJGm_QoAjv2EQ\/view?usp=sharing\" target=\"_blank\" rel=\"noopener\">Presentaci\u00f3 Col\u00f2nies Sis\u00e8 2025<\/a><\/strong><\/p>\n<p><strong><a href=\"https:\/\/photos.app.goo.gl\/67tDBrVwifYipS3F9\">\u00c0lbum de fotos de les Col\u00f2nies de Sis\u00e8 2025<\/a><\/strong><\/p>\n","protected":false},"excerpt":{"rendered":"<p>Els nens i les nenes de sis\u00e8 marxen de col\u00f2nies del 3 al 6 de juny. Compartim amb vosaltres la presentaci\u00f3 que es va passar en la reuni\u00f3 de col\u00f2nies i l&#8217;enlla\u00e7 a l&#8217;\u00e0lbum de fotos. Presentaci\u00f3 Col\u00f2nies Sis\u00e8 2025 \u00c0lbum de fotos de les Col\u00f2nies de Sis\u00e8 2025<\/p>\n","protected":false},"author":45,"featured_media":23989,"comment_status":"open","ping_status":"closed","sticky":false,"template":"","format":"standard","meta":{"_bbp_topic_count":0,"_bbp_reply_count":0,"_bbp_total_topic_count":0,"_bbp_total_reply_count":0,"_bbp_voice_count":0,"_bbp_anonymous_reply_count":0,"_bbp_topic_count_hidden":0,"_bbp_reply_count_hidden":0,"_bbp_forum_subforum_count":0,"site-sidebar-layout":"default","site-content-layout":"","ast-site-content-layout":"","site-content-style":"default","site-sidebar-style":"default","ast-global-header-display":"","ast-banner-title-visibility":"","ast-main-header-display":"","ast-hfb-above-header-display":"","ast-hfb-below-header-display":"","ast-hfb-mobile-header-display":"","site-post-title":"","ast-breadcrumbs-content":"","ast-featured-img":"","footer-sml-layout":"","theme-transparent-header-meta":"","adv-header-id-meta":"","stick-header-meta":"","header-above-stick-meta":"","header-main-stick-meta":"","header-below-stick-meta":"","astra-migrate-meta-layouts":"default","ast-page-background-enabled":"default","ast-page-background-meta":{"desktop":{"background-color":"var(--ast-global-color-4)","background-image":"","background-repeat":"repeat","background-position":"center center","background-size":"auto","background-attachment":"scroll","background-type":"","background-media":"","overlay-type":"","overlay-color":"","overlay-opacity":"","overlay-gradient":""},"tablet":{"background-color":"","background-image":"","background-repeat":"repeat","background-position":"center center","background-size":"auto","background-attachment":"scroll","background-type":"","background-media":"","overlay-type":"","overlay-color":"","overlay-opacity":"","overlay-gradient":""},"mobile":{"background-color":"","background-image":"","background-repeat":"repeat","background-position":"center center","background-size":"auto","background-attachment":"scroll","background-type":"","background-media":"","overlay-type":"","overlay-color":"","overlay-opacity":"","overlay-gradient":""}},"ast-content-background-meta":{"desktop":{"background-color":"var(--ast-global-color-5)","background-image":"","background-repeat":"repeat","background-position":"center center","background-size":"auto","background-attachment":"scroll","background-type":"","background-media":"","overlay-type":"","overlay-color":"","overlay-opacity":"","overlay-gradient":""},"tablet":{"background-color":"var(--ast-global-color-5)","background-image":"","background-repeat":"repeat","background-position":"center center","background-size":"auto","background-attachment":"scroll","background-type":"","background-media":"","overlay-type":"","overlay-color":"","overlay-opacity":"","overlay-gradient":""},"mobile":{"background-color":"var(--ast-global-color-5)","background-image":"","background-repeat":"repeat","background-position":"center center","background-size":"auto","background-attachment":"scroll","background-type":"","background-media":"","overlay-type":"","overlay-color":"","overlay-opacity":"","overlay-gradient":""}},"footnotes":""},"categories":[328,54,730,871,4,885],"tags":[163,162],"class_list":["post-23988","post","type-post","status-publish","format-standard","has-post-thumbnail","hentry","category-colonies-esportives-de-sise","category-educacio-fisica","category-ef6","category-anemdecolonies","category-portada","category-sortidesef","tag-colonies","tag-sise"],"post_mailing_queue_ids":[],"_links":{"self":[{"href":"https:\/\/agora.xtec.cat\/ceip-lesferreries-palafolls\/wp-json\/wp\/v2\/posts\/23988","targetHints":{"allow":["GET"]}}],"collection":[{"href":"https:\/\/agora.xtec.cat\/ceip-lesferreries-palafolls\/wp-json\/wp\/v2\/posts"}],"about":[{"href":"https:\/\/agora.xtec.cat\/ceip-lesferreries-palafolls\/wp-json\/wp\/v2\/types\/post"}],"author":[{"embeddable":true,"href":"https:\/\/agora.xtec.cat\/ceip-lesferreries-palafolls\/wp-json\/wp\/v2\/users\/45"}],"replies":[{"embeddable":true,"href":"https:\/\/agora.xtec.cat\/ceip-lesferreries-palafolls\/wp-json\/wp\/v2\/comments?post=23988"}],"version-history":[{"count":3,"href":"https:\/\/agora.xtec.cat\/ceip-lesferreries-palafolls\/wp-json\/wp\/v2\/posts\/23988\/revisions"}],"predecessor-version":[{"id":23992,"href":"https:\/\/agora.xtec.cat\/ceip-lesferreries-palafolls\/wp-json\/wp\/v2\/posts\/23988\/revisions\/23992"}],"wp:featuredmedia":[{"embeddable":true,"href":"https:\/\/agora.xtec.cat\/ceip-lesferreries-palafolls\/wp-json\/wp\/v2\/media\/23989"}],"wp:attachment":[{"href":"https:\/\/agora.xtec.cat\/ceip-lesferreries-palafolls\/wp-json\/wp\/v2\/media?parent=23988"}],"wp:term":[{"taxonomy":"category","embeddable":true,"href":"https:\/\/agora.xtec.cat\/ceip-lesferreries-palafolls\/wp-json\/wp\/v2\/categories?post=23988"},{"taxonomy":"post_tag","embeddable":true,"href":"https:\/\/agora.xtec.cat\/ceip-lesferreries-palafolls\/wp-json\/wp\/v2\/tags?post=23988"}],"curies":[{"name":"wp","href":"https:\/\/api.w.org\/{rel}","templated":true}]}}