{"id":23944,"date":"2025-04-25T18:32:14","date_gmt":"2025-04-25T16:32:14","guid":{"rendered":"https:\/\/agora.xtec.cat\/ceip-lesferreries-palafolls\/?p=23944"},"modified":"2025-04-25T18:32:14","modified_gmt":"2025-04-25T16:32:14","slug":"sortida-viu-el-circ-i3-i4","status":"publish","type":"post","link":"https:\/\/agora.xtec.cat\/ceip-lesferreries-palafolls\/general\/sortida-viu-el-circ-i3-i4\/","title":{"rendered":"Sortida &#8220;Viu el circ&#8221; I3-I4"},"content":{"rendered":"<p>Avui la Classe del &#8220;Peix Peixet&#8221; i dels &#8220;Llobatons&#8221; hem viscut una jornada plena de m\u00e0gia i rialles en una sortida molt especial per endinsar-nos en el fant\u00e0stic m\u00f3n del circ.<\/p>\n<p>Nom\u00e9s arribar, hem comen\u00e7at el dia amb un bon esmorzar per carregar energies&#8230; i ja es notava a les cares dels infants que seria un dia emocionant!<\/p>\n<p>Amb la panxa plena i les ganes a flor de pell, ens hem capbussat de ple en els tallers de circ! Hem rigut, ens hem sorpr\u00e8s i hem gaudit de valent fent malabars amb pilotes, mocadors, bitlles i plats giratoris. Hem posat a prova el nostre equilibri sobre la corda fixa, diferents circuits o dalt dels esclops. Hem aixecat torres humanes com aut\u00e8ntics artistes i ens hem deixat portar pel moviment mentre ens gronx\u00e0vem entre mocadors gegants. Cada activitat ha estat una descoberta plena d\u2019emoci\u00f3!<\/p>\n<p>Despr\u00e9s de dinar i jugar una estona m\u00e9s, el temps ens ha passat volant i gaireb\u00e9 sense adonar-nos, ja torn\u00e0vem cap a l\u2019escola. Entre la soneta i tot el que hav\u00edem viscut, alguns fins i tot han tancat els ulls a l\u2019autocar, cansats per\u00f2 feli\u00e7os.<\/p>\n<p>Ha estat un dia inoblidable, ple de moments divertits, rialles compartides i molta il\u00b7lusi\u00f3. Us deixem un petit tastet d\u2019aquesta aventura tan especial al circ!<\/p>\n<p><a href=\"https:\/\/photos.app.goo.gl\/hXPwnxEzWionkZbU8\">SORTIDA<\/a><\/p>\n<p>Bon cap de setmana!<\/p>\n<p>Les mestres<\/p>\n","protected":false},"excerpt":{"rendered":"<p>Avui la Classe del &#8220;Peix Peixet&#8221; i dels &#8220;Llobatons&#8221; hem viscut una jornada plena de m\u00e0gia i rialles en una sortida molt especial per endinsar-nos en el fant\u00e0stic m\u00f3n del circ. Nom\u00e9s arribar, hem comen\u00e7at el dia amb un bon esmorzar per carregar energies&#8230; i ja es notava a les cares dels infants que seria [&hellip;]<\/p>\n","protected":false},"author":62,"featured_media":23946,"comment_status":"open","ping_status":"closed","sticky":false,"template":"","format":"standard","meta":{"_bbp_topic_count":0,"_bbp_reply_count":0,"_bbp_total_topic_count":0,"_bbp_total_reply_count":0,"_bbp_voice_count":0,"_bbp_anonymous_reply_count":0,"_bbp_topic_count_hidden":0,"_bbp_reply_count_hidden":0,"_bbp_forum_subforum_count":0,"site-sidebar-layout":"default","site-content-layout":"","ast-site-content-layout":"","site-content-style":"default","site-sidebar-style":"default","ast-global-header-display":"","ast-banner-title-visibility":"","ast-main-header-display":"","ast-hfb-above-header-display":"","ast-hfb-below-header-display":"","ast-hfb-mobile-header-display":"","site-post-title":"","ast-breadcrumbs-content":"","ast-featured-img":"","footer-sml-layout":"","theme-transparent-header-meta":"","adv-header-id-meta":"","stick-header-meta":"","header-above-stick-meta":"","header-main-stick-meta":"","header-below-stick-meta":"","astra-migrate-meta-layouts":"default","ast-page-background-enabled":"default","ast-page-background-meta":{"desktop":{"background-color":"var(--ast-global-color-4)","background-image":"","background-repeat":"repeat","background-position":"center center","background-size":"auto","background-attachment":"scroll","background-type":"","background-media":"","overlay-type":"","overlay-color":"","overlay-opacity":"","overlay-gradient":""},"tablet":{"background-color":"","background-image":"","background-repeat":"repeat","background-position":"center center","background-size":"auto","background-attachment":"scroll","background-type":"","background-media":"","overlay-type":"","overlay-color":"","overlay-opacity":"","overlay-gradient":""},"mobile":{"background-color":"","background-image":"","background-repeat":"repeat","background-position":"center center","background-size":"auto","background-attachment":"scroll","background-type":"","background-media":"","overlay-type":"","overlay-color":"","overlay-opacity":"","overlay-gradient":""}},"ast-content-background-meta":{"desktop":{"background-color":"var(--ast-global-color-5)","background-image":"","background-repeat":"repeat","background-position":"center center","background-size":"auto","background-attachment":"scroll","background-type":"","background-media":"","overlay-type":"","overlay-color":"","overlay-opacity":"","overlay-gradient":""},"tablet":{"background-color":"var(--ast-global-color-5)","background-image":"","background-repeat":"repeat","background-position":"center center","background-size":"auto","background-attachment":"scroll","background-type":"","background-media":"","overlay-type":"","overlay-color":"","overlay-opacity":"","overlay-gradient":""},"mobile":{"background-color":"var(--ast-global-color-5)","background-image":"","background-repeat":"repeat","background-position":"center center","background-size":"auto","background-attachment":"scroll","background-type":"","background-media":"","overlay-type":"","overlay-color":"","overlay-opacity":"","overlay-gradient":""}},"footnotes":""},"categories":[33,36,1,1055,1021,4],"tags":[],"class_list":["post-23944","post","type-post","status-publish","format-standard","has-post-thumbnail","hentry","category-educacio-infantil","category-galeria","category-general","category-2024-2033","category-2023-2032","category-portada"],"post_mailing_queue_ids":[],"_links":{"self":[{"href":"https:\/\/agora.xtec.cat\/ceip-lesferreries-palafolls\/wp-json\/wp\/v2\/posts\/23944","targetHints":{"allow":["GET"]}}],"collection":[{"href":"https:\/\/agora.xtec.cat\/ceip-lesferreries-palafolls\/wp-json\/wp\/v2\/posts"}],"about":[{"href":"https:\/\/agora.xtec.cat\/ceip-lesferreries-palafolls\/wp-json\/wp\/v2\/types\/post"}],"author":[{"embeddable":true,"href":"https:\/\/agora.xtec.cat\/ceip-lesferreries-palafolls\/wp-json\/wp\/v2\/users\/62"}],"replies":[{"embeddable":true,"href":"https:\/\/agora.xtec.cat\/ceip-lesferreries-palafolls\/wp-json\/wp\/v2\/comments?post=23944"}],"version-history":[{"count":3,"href":"https:\/\/agora.xtec.cat\/ceip-lesferreries-palafolls\/wp-json\/wp\/v2\/posts\/23944\/revisions"}],"predecessor-version":[{"id":23948,"href":"https:\/\/agora.xtec.cat\/ceip-lesferreries-palafolls\/wp-json\/wp\/v2\/posts\/23944\/revisions\/23948"}],"wp:featuredmedia":[{"embeddable":true,"href":"https:\/\/agora.xtec.cat\/ceip-lesferreries-palafolls\/wp-json\/wp\/v2\/media\/23946"}],"wp:attachment":[{"href":"https:\/\/agora.xtec.cat\/ceip-lesferreries-palafolls\/wp-json\/wp\/v2\/media?parent=23944"}],"wp:term":[{"taxonomy":"category","embeddable":true,"href":"https:\/\/agora.xtec.cat\/ceip-lesferreries-palafolls\/wp-json\/wp\/v2\/categories?post=23944"},{"taxonomy":"post_tag","embeddable":true,"href":"https:\/\/agora.xtec.cat\/ceip-lesferreries-palafolls\/wp-json\/wp\/v2\/tags?post=23944"}],"curies":[{"name":"wp","href":"https:\/\/api.w.org\/{rel}","templated":true}]}}