{"id":23918,"date":"2025-04-22T19:29:56","date_gmt":"2025-04-22T17:29:56","guid":{"rendered":"https:\/\/agora.xtec.cat\/ceip-lesferreries-palafolls\/?p=23918"},"modified":"2025-10-20T10:06:20","modified_gmt":"2025-10-20T08:06:20","slug":"3r-gimcana-de-cavallers","status":"publish","type":"post","link":"https:\/\/agora.xtec.cat\/ceip-lesferreries-palafolls\/general\/3r-gimcana-de-cavallers\/","title":{"rendered":"3r -GIMCANA DE CAVALLERS"},"content":{"rendered":"<p>Avui 22 d\u2019abril l\u2019alumnat de 3r\u00a0<strong>gr\u00e0cies a la col\u00b7laboraci\u00f3 de l\u2019AFA<\/strong> hem fet una gimcana molt divertida que ens ha organitzat la Merc\u00e8 i l&#8217;Eul\u00e0lia, les noies del centre l\u00fadic i educatiu Tastaolletes. Ens hav\u00edem de convertir en cavallers per defensar les injust\u00edcies del nostre planeta: com animals, persones, medi ambient, naturalesa\u2026<\/p>\n<p>Primer hem fet els grups aleat\u00f2riament recollint una diadema de cavaller de diferents colors, despr\u00e9s hem inflat un globus que representava el que defensar\u00edem. Han sortit idees molt originals i divertides.<\/p>\n<p>Aix\u00ed doncs, fent diferents proves i jocs hem aconseguit estar preparats per ser cavallers i defensar el nostre objectiu, aconseguint la nostra medalla de cavaller protector.<\/p>\n<p>Ens ho hem passat d\u2019all\u00f2 m\u00e9s b\u00e9.<\/p>\n<p>Us deixem l\u2019enlla\u00e7 de les fotografies.<\/p>\n<p><a href=\"https:\/\/photos.app.goo.gl\/zQfqYbXcnnjUtJSr5\">Fotos gimcana cavallers 3r 24\/25<\/a><\/p>\n<p>Espero que us hagin agradat!<\/p>\n<p>Les tutores de 3r,<\/p>\n<p>S\u00edlvia i Meritxell<\/p>\n","protected":false},"excerpt":{"rendered":"<p>Avui 22 d\u2019abril l\u2019alumnat de 3r\u00a0gr\u00e0cies a la col\u00b7laboraci\u00f3 de l\u2019AFA hem fet una gimcana molt divertida que ens ha organitzat la Merc\u00e8 i l&#8217;Eul\u00e0lia, les noies del centre l\u00fadic i educatiu Tastaolletes. Ens hav\u00edem de convertir en cavallers per defensar les injust\u00edcies del nostre planeta: com animals, persones, medi ambient, naturalesa\u2026 Primer hem fet [&hellip;]<\/p>\n","protected":false},"author":70,"featured_media":22243,"comment_status":"open","ping_status":"closed","sticky":false,"template":"","format":"standard","meta":{"_bbp_topic_count":0,"_bbp_reply_count":0,"_bbp_total_topic_count":0,"_bbp_total_reply_count":0,"_bbp_voice_count":0,"_bbp_anonymous_reply_count":0,"_bbp_topic_count_hidden":0,"_bbp_reply_count_hidden":0,"_bbp_forum_subforum_count":0,"site-sidebar-layout":"default","site-content-layout":"","ast-site-content-layout":"","site-content-style":"default","site-sidebar-style":"default","ast-global-header-display":"","ast-banner-title-visibility":"","ast-main-header-display":"","ast-hfb-above-header-display":"","ast-hfb-below-header-display":"","ast-hfb-mobile-header-display":"","site-post-title":"","ast-breadcrumbs-content":"","ast-featured-img":"","footer-sml-layout":"","theme-transparent-header-meta":"","adv-header-id-meta":"","stick-header-meta":"","header-above-stick-meta":"","header-main-stick-meta":"","header-below-stick-meta":"","astra-migrate-meta-layouts":"default","ast-page-background-enabled":"default","ast-page-background-meta":{"desktop":{"background-color":"var(--ast-global-color-4)","background-image":"","background-repeat":"repeat","background-position":"center center","background-size":"auto","background-attachment":"scroll","background-type":"","background-media":"","overlay-type":"","overlay-color":"","overlay-opacity":"","overlay-gradient":""},"tablet":{"background-color":"","background-image":"","background-repeat":"repeat","background-position":"center center","background-size":"auto","background-attachment":"scroll","background-type":"","background-media":"","overlay-type":"","overlay-color":"","overlay-opacity":"","overlay-gradient":""},"mobile":{"background-color":"","background-image":"","background-repeat":"repeat","background-position":"center center","background-size":"auto","background-attachment":"scroll","background-type":"","background-media":"","overlay-type":"","overlay-color":"","overlay-opacity":"","overlay-gradient":""}},"ast-content-background-meta":{"desktop":{"background-color":"var(--ast-global-color-5)","background-image":"","background-repeat":"repeat","background-position":"center center","background-size":"auto","background-attachment":"scroll","background-type":"","background-media":"","overlay-type":"","overlay-color":"","overlay-opacity":"","overlay-gradient":""},"tablet":{"background-color":"var(--ast-global-color-5)","background-image":"","background-repeat":"repeat","background-position":"center center","background-size":"auto","background-attachment":"scroll","background-type":"","background-media":"","overlay-type":"","overlay-color":"","overlay-opacity":"","overlay-gradient":""},"mobile":{"background-color":"var(--ast-global-color-5)","background-image":"","background-repeat":"repeat","background-position":"center center","background-size":"auto","background-attachment":"scroll","background-type":"","background-media":"","overlay-type":"","overlay-color":"","overlay-opacity":"","overlay-gradient":""}},"footnotes":""},"categories":[782,783,1,4],"tags":[],"class_list":["post-23918","post","type-post","status-publish","format-standard","has-post-thumbnail","hentry","category-gr20a","category-gr20b","category-general","category-portada"],"post_mailing_queue_ids":[],"_links":{"self":[{"href":"https:\/\/agora.xtec.cat\/ceip-lesferreries-palafolls\/wp-json\/wp\/v2\/posts\/23918","targetHints":{"allow":["GET"]}}],"collection":[{"href":"https:\/\/agora.xtec.cat\/ceip-lesferreries-palafolls\/wp-json\/wp\/v2\/posts"}],"about":[{"href":"https:\/\/agora.xtec.cat\/ceip-lesferreries-palafolls\/wp-json\/wp\/v2\/types\/post"}],"author":[{"embeddable":true,"href":"https:\/\/agora.xtec.cat\/ceip-lesferreries-palafolls\/wp-json\/wp\/v2\/users\/70"}],"replies":[{"embeddable":true,"href":"https:\/\/agora.xtec.cat\/ceip-lesferreries-palafolls\/wp-json\/wp\/v2\/comments?post=23918"}],"version-history":[{"count":2,"href":"https:\/\/agora.xtec.cat\/ceip-lesferreries-palafolls\/wp-json\/wp\/v2\/posts\/23918\/revisions"}],"predecessor-version":[{"id":23920,"href":"https:\/\/agora.xtec.cat\/ceip-lesferreries-palafolls\/wp-json\/wp\/v2\/posts\/23918\/revisions\/23920"}],"wp:featuredmedia":[{"embeddable":true,"href":"https:\/\/agora.xtec.cat\/ceip-lesferreries-palafolls\/wp-json\/wp\/v2\/media\/22243"}],"wp:attachment":[{"href":"https:\/\/agora.xtec.cat\/ceip-lesferreries-palafolls\/wp-json\/wp\/v2\/media?parent=23918"}],"wp:term":[{"taxonomy":"category","embeddable":true,"href":"https:\/\/agora.xtec.cat\/ceip-lesferreries-palafolls\/wp-json\/wp\/v2\/categories?post=23918"},{"taxonomy":"post_tag","embeddable":true,"href":"https:\/\/agora.xtec.cat\/ceip-lesferreries-palafolls\/wp-json\/wp\/v2\/tags?post=23918"}],"curies":[{"name":"wp","href":"https:\/\/api.w.org\/{rel}","templated":true}]}}