{"id":23884,"date":"2025-04-20T21:08:45","date_gmt":"2025-04-20T19:08:45","guid":{"rendered":"https:\/\/agora.xtec.cat\/ceip-lesferreries-palafolls\/?p=23884"},"modified":"2025-04-21T18:00:00","modified_gmt":"2025-04-21T16:00:00","slug":"projecte-intercicles-3rb-5ec-labans-i-ara-de-palafolls","status":"publish","type":"post","link":"https:\/\/agora.xtec.cat\/ceip-lesferreries-palafolls\/general\/projecte-intercicles-3rb-5ec-labans-i-ara-de-palafolls\/","title":{"rendered":"Projecte intercicles 3rB-5\u00e8C L&#8217;Abans i ara de Palafolls"},"content":{"rendered":"<p><a href=\"https:\/\/agora.xtec.cat\/ceip-lesferreries-palafolls\/wp-content\/uploads\/usu670\/2025\/04\/Disseny-sense-titol-1-1.jpg\"><img loading=\"lazy\" decoding=\"async\" class=\"alignnone wp-image-23892\" src=\"https:\/\/agora.xtec.cat\/ceip-lesferreries-palafolls\/wp-content\/uploads\/usu670\/2025\/04\/Disseny-sense-titol-1-1-1024x576.jpg\" alt=\"\" width=\"631\" height=\"355\" srcset=\"https:\/\/agora.xtec.cat\/ceip-lesferreries-palafolls\/wp-content\/uploads\/usu670\/2025\/04\/Disseny-sense-titol-1-1-1024x576.jpg 1024w, https:\/\/agora.xtec.cat\/ceip-lesferreries-palafolls\/wp-content\/uploads\/usu670\/2025\/04\/Disseny-sense-titol-1-1-300x169.jpg 300w, https:\/\/agora.xtec.cat\/ceip-lesferreries-palafolls\/wp-content\/uploads\/usu670\/2025\/04\/Disseny-sense-titol-1-1-768x432.jpg 768w, https:\/\/agora.xtec.cat\/ceip-lesferreries-palafolls\/wp-content\/uploads\/usu670\/2025\/04\/Disseny-sense-titol-1-1-1536x864.jpg 1536w, https:\/\/agora.xtec.cat\/ceip-lesferreries-palafolls\/wp-content\/uploads\/usu670\/2025\/04\/Disseny-sense-titol-1-1.jpg 1920w\" sizes=\"auto, (max-width: 631px) 100vw, 631px\" \/><\/a><\/p>\n<p>L&#8217;alumnat de 3r B i 5\u00e8 C hem dut a terme el projecte intercicles &#8220;<strong>L\u2019Abans i ara de Palafolls<\/strong>&#8220;, que ens ha perm\u00e8s endinsar-nos en la hist\u00f2ria del nostre municipi i descobrir com era la vida en temps passats. Vam comen\u00e7ar amb un joc de coneixen\u00e7a i descoberta del projecte, que ens va ajudar a connectar com a grup i generar inter\u00e8s per tot all\u00f2 que an\u00e0vem a aprendre. A continuaci\u00f3, cada grup cooperatiu va investigar un objecte antic, aprofundint en el seu \u00fas, materials i significat. Aix\u00f2 ens va obrir la porta a moltes curiositats sobre com vivien les generacions anteriors.<\/p>\n<p>Per con\u00e8ixer de primera m\u00e0 el passat, vam preparar una <strong>entrevista als nostres avis i \u00e0vies<\/strong>, recollint les seves experi\u00e8ncies, records i saviesa. Amb tota aquesta informaci\u00f3 vam preparar unes <strong>exposicions orals<\/strong> que vam compartir amb els companys\/es. Aquest projecte tamb\u00e9 ens va portar a fer sortides molt enriquidores. Vam tenir l\u2019oportunitat de <strong>visitar una col\u00b7lecci\u00f3 privada<\/strong> d\u2019eines antigues i <strong>una masia del nostre municipi<\/strong>, on vam poder veure com era la vida quotidiana d\u2019abans.<\/p>\n<p>Com a producte final, vam muntar l\u2019exposici\u00f3 &#8220;<strong>Tresors del passat<\/strong>&#8221; al sindicat de Palafolls, on vam poder mostrar diferents objectes i eines cedits per les fam\u00edlies i l&#8217;ajuntament. Vam estar molt satisfets del resultat i de la bona rebuda per part de tothom. Per acabar aquest viatge en el temps, vam tenir el privilegi de rebre la visita d\u2019un mestre artes\u00e0, que ens va ensenyar la seva incre\u00efble <strong>col\u00b7lecci\u00f3 de miniatures d\u2019eines i m\u00e0quines antigues<\/strong>.<\/p>\n<p>Ha estat un projecte ple d\u2019aprenentatges, viv\u00e8ncies i connexions entre generacions. I ha quedat evident que <strong>el passat ens ensenya a entendre el present<\/strong>!<\/p>\n<p>Resum de les diferents activitats del projecte intercicles <a href=\"https:\/\/photos.app.goo.gl\/gjGbPrVsMcNT6fZN7\">L&#8217;Abans i ara de Palafolls<\/a><\/p>\n","protected":false},"excerpt":{"rendered":"<p>L&#8217;alumnat de 3r B i 5\u00e8 C hem dut a terme el projecte intercicles &#8220;L\u2019Abans i ara de Palafolls&#8220;, que ens ha perm\u00e8s endinsar-nos en la hist\u00f2ria del nostre municipi i descobrir com era la vida en temps passats. Vam comen\u00e7ar amb un joc de coneixen\u00e7a i descoberta del projecte, que ens va ajudar a [&hellip;]<\/p>\n","protected":false},"author":117,"featured_media":23885,"comment_status":"open","ping_status":"closed","sticky":false,"template":"","format":"standard","meta":{"_bbp_topic_count":0,"_bbp_reply_count":0,"_bbp_total_topic_count":0,"_bbp_total_reply_count":0,"_bbp_voice_count":0,"_bbp_anonymous_reply_count":0,"_bbp_topic_count_hidden":0,"_bbp_reply_count_hidden":0,"_bbp_forum_subforum_count":0,"site-sidebar-layout":"default","site-content-layout":"","ast-site-content-layout":"","site-content-style":"default","site-sidebar-style":"default","ast-global-header-display":"","ast-banner-title-visibility":"","ast-main-header-display":"","ast-hfb-above-header-display":"","ast-hfb-below-header-display":"","ast-hfb-mobile-header-display":"","site-post-title":"","ast-breadcrumbs-content":"","ast-featured-img":"","footer-sml-layout":"","theme-transparent-header-meta":"","adv-header-id-meta":"","stick-header-meta":"","header-above-stick-meta":"","header-main-stick-meta":"","header-below-stick-meta":"","astra-migrate-meta-layouts":"default","ast-page-background-enabled":"default","ast-page-background-meta":{"desktop":{"background-color":"var(--ast-global-color-4)","background-image":"","background-repeat":"repeat","background-position":"center center","background-size":"auto","background-attachment":"scroll","background-type":"","background-media":"","overlay-type":"","overlay-color":"","overlay-opacity":"","overlay-gradient":""},"tablet":{"background-color":"","background-image":"","background-repeat":"repeat","background-position":"center center","background-size":"auto","background-attachment":"scroll","background-type":"","background-media":"","overlay-type":"","overlay-color":"","overlay-opacity":"","overlay-gradient":""},"mobile":{"background-color":"","background-image":"","background-repeat":"repeat","background-position":"center center","background-size":"auto","background-attachment":"scroll","background-type":"","background-media":"","overlay-type":"","overlay-color":"","overlay-opacity":"","overlay-gradient":""}},"ast-content-background-meta":{"desktop":{"background-color":"var(--ast-global-color-5)","background-image":"","background-repeat":"repeat","background-position":"center center","background-size":"auto","background-attachment":"scroll","background-type":"","background-media":"","overlay-type":"","overlay-color":"","overlay-opacity":"","overlay-gradient":""},"tablet":{"background-color":"var(--ast-global-color-5)","background-image":"","background-repeat":"repeat","background-position":"center center","background-size":"auto","background-attachment":"scroll","background-type":"","background-media":"","overlay-type":"","overlay-color":"","overlay-opacity":"","overlay-gradient":""},"mobile":{"background-color":"var(--ast-global-color-5)","background-image":"","background-repeat":"repeat","background-position":"center center","background-size":"auto","background-attachment":"scroll","background-type":"","background-media":"","overlay-type":"","overlay-color":"","overlay-opacity":"","overlay-gradient":""}},"footnotes":""},"categories":[669,504,36,1,4,1069],"tags":[],"class_list":["post-23884","post","type-post","status-publish","format-standard","has-post-thumbnail","hentry","category-2019-2028-grup-b","category-gr03","category-galeria","category-general","category-portada","category-projectes-intercicles"],"post_mailing_queue_ids":[],"_links":{"self":[{"href":"https:\/\/agora.xtec.cat\/ceip-lesferreries-palafolls\/wp-json\/wp\/v2\/posts\/23884","targetHints":{"allow":["GET"]}}],"collection":[{"href":"https:\/\/agora.xtec.cat\/ceip-lesferreries-palafolls\/wp-json\/wp\/v2\/posts"}],"about":[{"href":"https:\/\/agora.xtec.cat\/ceip-lesferreries-palafolls\/wp-json\/wp\/v2\/types\/post"}],"author":[{"embeddable":true,"href":"https:\/\/agora.xtec.cat\/ceip-lesferreries-palafolls\/wp-json\/wp\/v2\/users\/117"}],"replies":[{"embeddable":true,"href":"https:\/\/agora.xtec.cat\/ceip-lesferreries-palafolls\/wp-json\/wp\/v2\/comments?post=23884"}],"version-history":[{"count":7,"href":"https:\/\/agora.xtec.cat\/ceip-lesferreries-palafolls\/wp-json\/wp\/v2\/posts\/23884\/revisions"}],"predecessor-version":[{"id":23917,"href":"https:\/\/agora.xtec.cat\/ceip-lesferreries-palafolls\/wp-json\/wp\/v2\/posts\/23884\/revisions\/23917"}],"wp:featuredmedia":[{"embeddable":true,"href":"https:\/\/agora.xtec.cat\/ceip-lesferreries-palafolls\/wp-json\/wp\/v2\/media\/23885"}],"wp:attachment":[{"href":"https:\/\/agora.xtec.cat\/ceip-lesferreries-palafolls\/wp-json\/wp\/v2\/media?parent=23884"}],"wp:term":[{"taxonomy":"category","embeddable":true,"href":"https:\/\/agora.xtec.cat\/ceip-lesferreries-palafolls\/wp-json\/wp\/v2\/categories?post=23884"},{"taxonomy":"post_tag","embeddable":true,"href":"https:\/\/agora.xtec.cat\/ceip-lesferreries-palafolls\/wp-json\/wp\/v2\/tags?post=23884"}],"curies":[{"name":"wp","href":"https:\/\/api.w.org\/{rel}","templated":true}]}}