{"id":23867,"date":"2025-04-11T21:55:38","date_gmt":"2025-04-11T19:55:38","guid":{"rendered":"https:\/\/agora.xtec.cat\/ceip-lesferreries-palafolls\/?p=23867"},"modified":"2025-04-11T22:00:02","modified_gmt":"2025-04-11T20:00:02","slug":"segon-trimestre-a-i5","status":"publish","type":"post","link":"https:\/\/agora.xtec.cat\/ceip-lesferreries-palafolls\/general\/segon-trimestre-a-i5\/","title":{"rendered":"SEGON TRIMESTRE A I5"},"content":{"rendered":"<p><span style=\"font-weight: 400\">Hola fam\u00edlies!<\/span><\/p>\n<p><span style=\"font-weight: 400\">Ja hem acabat el segon trimestre i com sempre volem compartir amb vosaltres un petit tastet del que hem viscut i apr\u00e8s a l\u2019aula durant aquests mesos. Han estat setmanes plenes d\u2019activitats que ens han perm\u00e8s cr\u00e9ixer, aprendre i gaudir molt! Durant aquest trimestre, hem continuat gaudint dels espais d\u2019aprenentatge, dels experts i expertes de la setmana on els infants han compartit amb els altres all\u00f2 que m\u00e9s els agrada; aix\u00ed com tamb\u00e9 d\u2019altres activitats com la pl\u00e0stica, els experiments, entre d\u2019altres. Ens retrobem el tercer trimestre, que segur que vindr\u00e0 carregat de noves aventures!<\/span><\/p>\n<p><span style=\"font-weight: 400\">Us convidem a visitar les fotografies que trobareu a continuaci\u00f3!<\/span><\/p>\n<p><a href=\"https:\/\/drive.google.com\/drive\/folders\/1XS3TSOvjnIcMvGmtO-sdctAfKa9IU8Xj?usp=sharing\"><span style=\"font-weight: 400\">ESPAIS D\u2019APRENENTATGE<\/span><\/a><\/p>\n<p><a href=\"https:\/\/drive.google.com\/drive\/folders\/1ZijAYhH3Tn6DEzb6MBhTJaxsm9nIf9UG?usp=sharing\"><span style=\"font-weight: 400\">EXPERTS I EXPERTES DE LA SETMANA<\/span><\/a><\/p>\n<p><a href=\"https:\/\/drive.google.com\/drive\/folders\/1b85etjZfw9_nbFmrSSNgI3oTNDEFfcUw?usp=sharing\"><span style=\"font-weight: 400\">PL\u00c0STICA<\/span><\/a><\/p>\n<p><a href=\"https:\/\/drive.google.com\/drive\/folders\/1YClHVgqRNrlO56Q67vYYbr79tFgZN74X?usp=sharing\"><span style=\"font-weight: 400\">EXPERIMENTACI\u00d3<\/span><\/a><\/p>\n<p><span style=\"font-weight: 400\">Una abra\u00e7ada,<\/span><\/p>\n<p><span style=\"font-weight: 400\">Laura.<\/span><\/p>\n","protected":false},"excerpt":{"rendered":"<p>Hola fam\u00edlies! Ja hem acabat el segon trimestre i com sempre volem compartir amb vosaltres un petit tastet del que hem viscut i apr\u00e8s a l\u2019aula durant aquests mesos. Han estat setmanes plenes d\u2019activitats que ens han perm\u00e8s cr\u00e9ixer, aprendre i gaudir molt! Durant aquest trimestre, hem continuat gaudint dels espais d\u2019aprenentatge, dels experts i [&hellip;]<\/p>\n","protected":false},"author":66,"featured_media":23870,"comment_status":"open","ping_status":"closed","sticky":false,"template":"","format":"standard","meta":{"_bbp_topic_count":0,"_bbp_reply_count":0,"_bbp_total_topic_count":0,"_bbp_total_reply_count":0,"_bbp_voice_count":0,"_bbp_anonymous_reply_count":0,"_bbp_topic_count_hidden":0,"_bbp_reply_count_hidden":0,"_bbp_forum_subforum_count":0,"site-sidebar-layout":"default","site-content-layout":"","ast-site-content-layout":"","site-content-style":"default","site-sidebar-style":"default","ast-global-header-display":"","ast-banner-title-visibility":"","ast-main-header-display":"","ast-hfb-above-header-display":"","ast-hfb-below-header-display":"","ast-hfb-mobile-header-display":"","site-post-title":"","ast-breadcrumbs-content":"","ast-featured-img":"","footer-sml-layout":"","theme-transparent-header-meta":"","adv-header-id-meta":"","stick-header-meta":"","header-above-stick-meta":"","header-main-stick-meta":"","header-below-stick-meta":"","astra-migrate-meta-layouts":"default","ast-page-background-enabled":"default","ast-page-background-meta":{"desktop":{"background-color":"var(--ast-global-color-4)","background-image":"","background-repeat":"repeat","background-position":"center center","background-size":"auto","background-attachment":"scroll","background-type":"","background-media":"","overlay-type":"","overlay-color":"","overlay-opacity":"","overlay-gradient":""},"tablet":{"background-color":"","background-image":"","background-repeat":"repeat","background-position":"center center","background-size":"auto","background-attachment":"scroll","background-type":"","background-media":"","overlay-type":"","overlay-color":"","overlay-opacity":"","overlay-gradient":""},"mobile":{"background-color":"","background-image":"","background-repeat":"repeat","background-position":"center center","background-size":"auto","background-attachment":"scroll","background-type":"","background-media":"","overlay-type":"","overlay-color":"","overlay-opacity":"","overlay-gradient":""}},"ast-content-background-meta":{"desktop":{"background-color":"var(--ast-global-color-5)","background-image":"","background-repeat":"repeat","background-position":"center center","background-size":"auto","background-attachment":"scroll","background-type":"","background-media":"","overlay-type":"","overlay-color":"","overlay-opacity":"","overlay-gradient":""},"tablet":{"background-color":"var(--ast-global-color-5)","background-image":"","background-repeat":"repeat","background-position":"center center","background-size":"auto","background-attachment":"scroll","background-type":"","background-media":"","overlay-type":"","overlay-color":"","overlay-opacity":"","overlay-gradient":""},"mobile":{"background-color":"var(--ast-global-color-5)","background-image":"","background-repeat":"repeat","background-position":"center center","background-size":"auto","background-attachment":"scroll","background-type":"","background-media":"","overlay-type":"","overlay-color":"","overlay-opacity":"","overlay-gradient":""}},"footnotes":""},"categories":[956,33,36,1,4],"tags":[],"class_list":["post-23867","post","type-post","status-publish","format-standard","has-post-thumbnail","hentry","category-2022-2031","category-educacio-infantil","category-galeria","category-general","category-portada"],"post_mailing_queue_ids":[],"_links":{"self":[{"href":"https:\/\/agora.xtec.cat\/ceip-lesferreries-palafolls\/wp-json\/wp\/v2\/posts\/23867","targetHints":{"allow":["GET"]}}],"collection":[{"href":"https:\/\/agora.xtec.cat\/ceip-lesferreries-palafolls\/wp-json\/wp\/v2\/posts"}],"about":[{"href":"https:\/\/agora.xtec.cat\/ceip-lesferreries-palafolls\/wp-json\/wp\/v2\/types\/post"}],"author":[{"embeddable":true,"href":"https:\/\/agora.xtec.cat\/ceip-lesferreries-palafolls\/wp-json\/wp\/v2\/users\/66"}],"replies":[{"embeddable":true,"href":"https:\/\/agora.xtec.cat\/ceip-lesferreries-palafolls\/wp-json\/wp\/v2\/comments?post=23867"}],"version-history":[{"count":3,"href":"https:\/\/agora.xtec.cat\/ceip-lesferreries-palafolls\/wp-json\/wp\/v2\/posts\/23867\/revisions"}],"predecessor-version":[{"id":23872,"href":"https:\/\/agora.xtec.cat\/ceip-lesferreries-palafolls\/wp-json\/wp\/v2\/posts\/23867\/revisions\/23872"}],"wp:featuredmedia":[{"embeddable":true,"href":"https:\/\/agora.xtec.cat\/ceip-lesferreries-palafolls\/wp-json\/wp\/v2\/media\/23870"}],"wp:attachment":[{"href":"https:\/\/agora.xtec.cat\/ceip-lesferreries-palafolls\/wp-json\/wp\/v2\/media?parent=23867"}],"wp:term":[{"taxonomy":"category","embeddable":true,"href":"https:\/\/agora.xtec.cat\/ceip-lesferreries-palafolls\/wp-json\/wp\/v2\/categories?post=23867"},{"taxonomy":"post_tag","embeddable":true,"href":"https:\/\/agora.xtec.cat\/ceip-lesferreries-palafolls\/wp-json\/wp\/v2\/tags?post=23867"}],"curies":[{"name":"wp","href":"https:\/\/api.w.org\/{rel}","templated":true}]}}