{"id":23846,"date":"2025-03-28T16:46:04","date_gmt":"2025-03-28T15:46:04","guid":{"rendered":"https:\/\/agora.xtec.cat\/ceip-lesferreries-palafolls\/?p=23846"},"modified":"2025-06-11T10:23:11","modified_gmt":"2025-06-11T08:23:11","slug":"fira-primavera-2","status":"publish","type":"post","link":"https:\/\/agora.xtec.cat\/ceip-lesferreries-palafolls\/general\/fira-primavera-2\/","title":{"rendered":"Fira Primavera"},"content":{"rendered":"<p data-pm-slice=\"1 1 []\"><strong>Gr\u00e0cies per fer de la Fira de Primavera un \u00e8xit solidari!<\/strong><\/p>\n<p>Ahir a la tarda vam viure una jornada plena d\u2019alegria, creativitat i solidaritat amb la celebraci\u00f3 de la nostra esperada <strong>Fira de Primavera<\/strong>. Volem donar les <strong>gr\u00e0cies de tot cor<\/strong> a totes les fam\u00edlies, l\u2019alumnat i l\u2019equip de l\u2019escola per la seva implicaci\u00f3 i participaci\u00f3 en aquesta iniciativa tan especial.<\/p>\n<p>Els <strong>tallers de manualitats<\/strong> que l\u2019alumnat de prim\u00e0ria va realitzar per a la Fira es van dur a terme el passat <strong>divendres i dilluns de 9 a 11<\/strong>, barrejant l\u2019alumnat del cicle per fomentar la cooperaci\u00f3 i el treball en equip. Gr\u00e0cies a la venda d\u2019aquestes <strong>manualitats fetes per l\u2019alumnat<\/strong> i de deliciosos <strong>dol\u00e7os elaborats per les fam\u00edlies de l\u2019escola<\/strong>, hem aconseguit recaptar <strong>2.310\u20ac, <\/strong>que es destinaran a l&#8217;AMPA CEP Llu\u00eds Vives i EI Ausi\u00e0s March de Massanassa (Val\u00e8ncia). A m\u00e9s, amb la venda de les <strong>Polseres Candela<\/strong>, destinades a la investigaci\u00f3 del c\u00e0ncer infantil, s\u2019han recollit <strong>900\u20ac m\u00e9s<\/strong>. En total, <strong>3.210\u20ac<\/strong> que es destinaran \u00edntegrament a fins solidaris.<\/p>\n<p>Aquest \u00e8xit no hauria estat possible sense l\u2019esfor\u00e7 i la generositat de tota la comunitat educativa. La vostra col\u00b7laboraci\u00f3 i entusiasme ens impulsen a continuar organitzant activitats que fomentin valors com la solidaritat, el treball en equip i la creativitat.<\/p>\n<p>Moltes gr\u00e0cies a tothom per fer de la Fira de Primavera una festa inoblidable! Ens veiem en la pr\u00f2xima edici\u00f3!<\/p>\n<p><a href=\"https:\/\/photos.app.goo.gl\/TZoQTyzKpcjZ2CUu7\" target=\"_blank\" rel=\"noopener\">Fira Primavera<\/a><\/p>\n<p><a href=\"https:\/\/photos.app.goo.gl\/2eZEuP7V5Ah1XLBm9\" target=\"_blank\" rel=\"noopener\">C. Inicial Tallers<\/a><\/p>\n<p><a href=\"https:\/\/photos.app.goo.gl\/hP6AF1cPa4Hkt7wE7\" target=\"_blank\" rel=\"noopener\">C. Superior Tallers<\/a><\/p>\n","protected":false},"excerpt":{"rendered":"<p>Gr\u00e0cies per fer de la Fira de Primavera un \u00e8xit solidari! Ahir a la tarda vam viure una jornada plena d\u2019alegria, creativitat i solidaritat amb la celebraci\u00f3 de la nostra esperada Fira de Primavera. Volem donar les gr\u00e0cies de tot cor a totes les fam\u00edlies, l\u2019alumnat i l\u2019equip de l\u2019escola per la seva implicaci\u00f3 i [&hellip;]<\/p>\n","protected":false},"author":65,"featured_media":23848,"comment_status":"open","ping_status":"closed","sticky":false,"template":"","format":"standard","meta":{"_bbp_topic_count":0,"_bbp_reply_count":0,"_bbp_total_topic_count":0,"_bbp_total_reply_count":0,"_bbp_voice_count":0,"_bbp_anonymous_reply_count":0,"_bbp_topic_count_hidden":0,"_bbp_reply_count_hidden":0,"_bbp_forum_subforum_count":0,"site-sidebar-layout":"default","site-content-layout":"","ast-site-content-layout":"","site-content-style":"default","site-sidebar-style":"default","ast-global-header-display":"","ast-banner-title-visibility":"","ast-main-header-display":"","ast-hfb-above-header-display":"","ast-hfb-below-header-display":"","ast-hfb-mobile-header-display":"","site-post-title":"","ast-breadcrumbs-content":"","ast-featured-img":"","footer-sml-layout":"","theme-transparent-header-meta":"","adv-header-id-meta":"","stick-header-meta":"","header-above-stick-meta":"","header-main-stick-meta":"","header-below-stick-meta":"","astra-migrate-meta-layouts":"default","ast-page-background-enabled":"default","ast-page-background-meta":{"desktop":{"background-color":"var(--ast-global-color-4)","background-image":"","background-repeat":"repeat","background-position":"center center","background-size":"auto","background-attachment":"scroll","background-type":"","background-media":"","overlay-type":"","overlay-color":"","overlay-opacity":"","overlay-gradient":""},"tablet":{"background-color":"","background-image":"","background-repeat":"repeat","background-position":"center center","background-size":"auto","background-attachment":"scroll","background-type":"","background-media":"","overlay-type":"","overlay-color":"","overlay-opacity":"","overlay-gradient":""},"mobile":{"background-color":"","background-image":"","background-repeat":"repeat","background-position":"center center","background-size":"auto","background-attachment":"scroll","background-type":"","background-media":"","overlay-type":"","overlay-color":"","overlay-opacity":"","overlay-gradient":""}},"ast-content-background-meta":{"desktop":{"background-color":"var(--ast-global-color-5)","background-image":"","background-repeat":"repeat","background-position":"center center","background-size":"auto","background-attachment":"scroll","background-type":"","background-media":"","overlay-type":"","overlay-color":"","overlay-opacity":"","overlay-gradient":""},"tablet":{"background-color":"var(--ast-global-color-5)","background-image":"","background-repeat":"repeat","background-position":"center center","background-size":"auto","background-attachment":"scroll","background-type":"","background-media":"","overlay-type":"","overlay-color":"","overlay-opacity":"","overlay-gradient":""},"mobile":{"background-color":"var(--ast-global-color-5)","background-image":"","background-repeat":"repeat","background-position":"center center","background-size":"auto","background-attachment":"scroll","background-type":"","background-media":"","overlay-type":"","overlay-color":"","overlay-opacity":"","overlay-gradient":""}},"footnotes":""},"categories":[956,830,831,782,783,668,669,571,572,502,503,504,22,1,1055,1021,4],"tags":[271,376],"class_list":["post-23846","post","type-post","status-publish","format-standard","has-post-thumbnail","hentry","category-2022-2031","category-2021-2030-grup-a","category-2021-2030-grup-b","category-gr20a","category-gr20b","category-2019-2028-grup-a","category-2019-2028-grup-b","category-18-27-a","category-16-27-b","category-gr01","category-gr02","category-gr03","category-activitats","category-general","category-2024-2033","category-2023-2032","category-portada","tag-fira-primavera","tag-solidaritat"],"post_mailing_queue_ids":[],"_links":{"self":[{"href":"https:\/\/agora.xtec.cat\/ceip-lesferreries-palafolls\/wp-json\/wp\/v2\/posts\/23846","targetHints":{"allow":["GET"]}}],"collection":[{"href":"https:\/\/agora.xtec.cat\/ceip-lesferreries-palafolls\/wp-json\/wp\/v2\/posts"}],"about":[{"href":"https:\/\/agora.xtec.cat\/ceip-lesferreries-palafolls\/wp-json\/wp\/v2\/types\/post"}],"author":[{"embeddable":true,"href":"https:\/\/agora.xtec.cat\/ceip-lesferreries-palafolls\/wp-json\/wp\/v2\/users\/65"}],"replies":[{"embeddable":true,"href":"https:\/\/agora.xtec.cat\/ceip-lesferreries-palafolls\/wp-json\/wp\/v2\/comments?post=23846"}],"version-history":[{"count":2,"href":"https:\/\/agora.xtec.cat\/ceip-lesferreries-palafolls\/wp-json\/wp\/v2\/posts\/23846\/revisions"}],"predecessor-version":[{"id":24033,"href":"https:\/\/agora.xtec.cat\/ceip-lesferreries-palafolls\/wp-json\/wp\/v2\/posts\/23846\/revisions\/24033"}],"wp:featuredmedia":[{"embeddable":true,"href":"https:\/\/agora.xtec.cat\/ceip-lesferreries-palafolls\/wp-json\/wp\/v2\/media\/23848"}],"wp:attachment":[{"href":"https:\/\/agora.xtec.cat\/ceip-lesferreries-palafolls\/wp-json\/wp\/v2\/media?parent=23846"}],"wp:term":[{"taxonomy":"category","embeddable":true,"href":"https:\/\/agora.xtec.cat\/ceip-lesferreries-palafolls\/wp-json\/wp\/v2\/categories?post=23846"},{"taxonomy":"post_tag","embeddable":true,"href":"https:\/\/agora.xtec.cat\/ceip-lesferreries-palafolls\/wp-json\/wp\/v2\/tags?post=23846"}],"curies":[{"name":"wp","href":"https:\/\/api.w.org\/{rel}","templated":true}]}}