{"id":23842,"date":"2025-03-15T09:00:48","date_gmt":"2025-03-15T08:00:48","guid":{"rendered":"https:\/\/agora.xtec.cat\/ceip-lesferreries-palafolls\/?p=23842"},"modified":"2025-03-15T00:19:16","modified_gmt":"2025-03-14T23:19:16","slug":"projecte-intercicle-fira-matematica","status":"publish","type":"post","link":"https:\/\/agora.xtec.cat\/ceip-lesferreries-palafolls\/general\/projecte-intercicle-fira-matematica\/","title":{"rendered":"Projecte intercicle Fira Matem\u00e0tica"},"content":{"rendered":"<p>Ahir divendres 14 de mar\u00e7 coincidint amb el dia Pi (\u03c0) l&#8217;alumnat de 2n A i 3r A va fer la cloenda del seu projecte intercicle amb una Fira Matem\u00e0tica. Al llarg d&#8217;aquest trimestre ens hem reunit i hem fet din\u00e0miques de coneixen\u00e7a, hem creat grups cooperatius amb dos alumnes de cada curs, hem jugat amb jocs matem\u00e0tics i hem triat alguns d&#8217;ells per la Fira Matem\u00e0tica. Al llarg del dia d&#8217;ahir els infants de 2n A i 3r A es van convertir en mestres i explicaven els jocs i activitats de diversos coneixements matem\u00e0tics (numeraci\u00f3, geometria, mesures, probabilitat \u2026) triades pel seu grup a la resta de l&#8217;alumnat de l&#8217;escola des dels m\u00e9s petits d&#8217;I3 fins als m\u00e9s grans de 6\u00e8. Estem molt orgulloses de com van plantejar i gestionar les activitats, com es van saber adaptar als diferents grups d&#8217;edat, finalitzant la jornada amb la visita dels seus familiars. Per acabar la jornada van gaudir de les matem\u00e0tiques amb les mares, pares, avis, cosins, germans\/es i demostrant que s\u00f3n divertides! Creiem que les matem\u00e0tiques s&#8217;aprenen de manera manipulativa, sistem\u00e0tica i mitjan\u00e7ant el joc per tal de comprendre-les i viure-les en primera persona.<\/p>\n<p>A m\u00e9s, avui hem engrescat a tota l&#8217;escola a portar un esmorzar matem\u00e0tic per fer del dia una experi\u00e8ncia encara m\u00e9s especial!<\/p>\n<p>Moltes gr\u00e0cies a tots i totes per participar i gaudir amb totes i tots nosaltres.<\/p>\n<p>Podeu veure les fotografies de l&#8217;<a href=\"https:\/\/photos.app.goo.gl\/ZDcMQfftdWUqwJBy9\">esmorzar matem\u00e0tic<\/a> i de la <a href=\"https:\/\/photos.app.goo.gl\/vRarHF4tziRkVNDA7\">Fira Matem\u00e0tica<\/a>.<\/p>\n","protected":false},"excerpt":{"rendered":"<p>Ahir divendres 14 de mar\u00e7 coincidint amb el dia Pi (\u03c0) l&#8217;alumnat de 2n A i 3r A va fer la cloenda del seu projecte intercicle amb una Fira Matem\u00e0tica. Al llarg d&#8217;aquest trimestre ens hem reunit i hem fet din\u00e0miques de coneixen\u00e7a, hem creat grups cooperatius amb dos alumnes de cada curs, hem jugat [&hellip;]<\/p>\n","protected":false},"author":110,"featured_media":23843,"comment_status":"open","ping_status":"closed","sticky":false,"template":"","format":"standard","meta":{"_bbp_topic_count":0,"_bbp_reply_count":0,"_bbp_total_topic_count":0,"_bbp_total_reply_count":0,"_bbp_voice_count":0,"_bbp_anonymous_reply_count":0,"_bbp_topic_count_hidden":0,"_bbp_reply_count_hidden":0,"_bbp_forum_subforum_count":0,"site-sidebar-layout":"default","site-content-layout":"","ast-site-content-layout":"","site-content-style":"default","site-sidebar-style":"default","ast-global-header-display":"","ast-banner-title-visibility":"","ast-main-header-display":"","ast-hfb-above-header-display":"","ast-hfb-below-header-display":"","ast-hfb-mobile-header-display":"","site-post-title":"","ast-breadcrumbs-content":"","ast-featured-img":"","footer-sml-layout":"","theme-transparent-header-meta":"","adv-header-id-meta":"","stick-header-meta":"","header-above-stick-meta":"","header-main-stick-meta":"","header-below-stick-meta":"","astra-migrate-meta-layouts":"default","ast-page-background-enabled":"default","ast-page-background-meta":{"desktop":{"background-color":"var(--ast-global-color-4)","background-image":"","background-repeat":"repeat","background-position":"center center","background-size":"auto","background-attachment":"scroll","background-type":"","background-media":"","overlay-type":"","overlay-color":"","overlay-opacity":"","overlay-gradient":""},"tablet":{"background-color":"","background-image":"","background-repeat":"repeat","background-position":"center center","background-size":"auto","background-attachment":"scroll","background-type":"","background-media":"","overlay-type":"","overlay-color":"","overlay-opacity":"","overlay-gradient":""},"mobile":{"background-color":"","background-image":"","background-repeat":"repeat","background-position":"center center","background-size":"auto","background-attachment":"scroll","background-type":"","background-media":"","overlay-type":"","overlay-color":"","overlay-opacity":"","overlay-gradient":""}},"ast-content-background-meta":{"desktop":{"background-color":"var(--ast-global-color-5)","background-image":"","background-repeat":"repeat","background-position":"center center","background-size":"auto","background-attachment":"scroll","background-type":"","background-media":"","overlay-type":"","overlay-color":"","overlay-opacity":"","overlay-gradient":""},"tablet":{"background-color":"var(--ast-global-color-5)","background-image":"","background-repeat":"repeat","background-position":"center center","background-size":"auto","background-attachment":"scroll","background-type":"","background-media":"","overlay-type":"","overlay-color":"","overlay-opacity":"","overlay-gradient":""},"mobile":{"background-color":"var(--ast-global-color-5)","background-image":"","background-repeat":"repeat","background-position":"center center","background-size":"auto","background-attachment":"scroll","background-type":"","background-media":"","overlay-type":"","overlay-color":"","overlay-opacity":"","overlay-gradient":""}},"footnotes":""},"categories":[782,668,36,1,4],"tags":[],"class_list":["post-23842","post","type-post","status-publish","format-standard","has-post-thumbnail","hentry","category-gr20a","category-2019-2028-grup-a","category-galeria","category-general","category-portada"],"post_mailing_queue_ids":[],"_links":{"self":[{"href":"https:\/\/agora.xtec.cat\/ceip-lesferreries-palafolls\/wp-json\/wp\/v2\/posts\/23842","targetHints":{"allow":["GET"]}}],"collection":[{"href":"https:\/\/agora.xtec.cat\/ceip-lesferreries-palafolls\/wp-json\/wp\/v2\/posts"}],"about":[{"href":"https:\/\/agora.xtec.cat\/ceip-lesferreries-palafolls\/wp-json\/wp\/v2\/types\/post"}],"author":[{"embeddable":true,"href":"https:\/\/agora.xtec.cat\/ceip-lesferreries-palafolls\/wp-json\/wp\/v2\/users\/110"}],"replies":[{"embeddable":true,"href":"https:\/\/agora.xtec.cat\/ceip-lesferreries-palafolls\/wp-json\/wp\/v2\/comments?post=23842"}],"version-history":[{"count":1,"href":"https:\/\/agora.xtec.cat\/ceip-lesferreries-palafolls\/wp-json\/wp\/v2\/posts\/23842\/revisions"}],"predecessor-version":[{"id":23844,"href":"https:\/\/agora.xtec.cat\/ceip-lesferreries-palafolls\/wp-json\/wp\/v2\/posts\/23842\/revisions\/23844"}],"wp:featuredmedia":[{"embeddable":true,"href":"https:\/\/agora.xtec.cat\/ceip-lesferreries-palafolls\/wp-json\/wp\/v2\/media\/23843"}],"wp:attachment":[{"href":"https:\/\/agora.xtec.cat\/ceip-lesferreries-palafolls\/wp-json\/wp\/v2\/media?parent=23842"}],"wp:term":[{"taxonomy":"category","embeddable":true,"href":"https:\/\/agora.xtec.cat\/ceip-lesferreries-palafolls\/wp-json\/wp\/v2\/categories?post=23842"},{"taxonomy":"post_tag","embeddable":true,"href":"https:\/\/agora.xtec.cat\/ceip-lesferreries-palafolls\/wp-json\/wp\/v2\/tags?post=23842"}],"curies":[{"name":"wp","href":"https:\/\/api.w.org\/{rel}","templated":true}]}}