{"id":23831,"date":"2025-03-12T15:08:24","date_gmt":"2025-03-12T14:08:24","guid":{"rendered":"https:\/\/agora.xtec.cat\/ceip-lesferreries-palafolls\/?p=23831"},"modified":"2025-03-12T15:08:24","modified_gmt":"2025-03-12T14:08:24","slug":"les-avies-i-avis-de-1r","status":"publish","type":"post","link":"https:\/\/agora.xtec.cat\/ceip-lesferreries-palafolls\/general\/les-avies-i-avis-de-1r\/","title":{"rendered":"Les \u00e0vies i avis de 1r"},"content":{"rendered":"<p>Fam\u00edlies i infants de 1r,<\/p>\n<p>Aquests darrers dies han estat molt especials a les classes de primer. Les \u00e0vies i avis d&#8217;alguns companys de classe ens han vingut a visitar i ha estat una experi\u00e8ncia que tots hem pogut gaudir molt.<\/p>\n<p>Els infants estaven molt emocionats amb la visita dels seus sers estimats, perqu\u00e8 sabien que seria una gran oportunitat per compartir amb ells el seu espai de cada dia, la seva classe.<\/p>\n<p>Qu\u00e8 far\u00edem sense les nostres \u00e0vies i avis? Que importants s\u00f3n per a les nostres vides, la seva experi\u00e8ncia viscuda s\u00f3n un tresor que calia aprofitar per poder con\u00e8ixer el pas del temps i aix\u00f2 \u00e9s el que hem compartit a les nostres aules aquests dies amb les seves visites.<\/p>\n<p>Aqu\u00ed us deixem el recull fotogr\u00e0fic perqu\u00e8 pugueu veure vosaltres mateixos les cares de felicitat i amor viscudes.<\/p>\n<p>Gr\u00e0cies per la vostra visita!<\/p>\n<p><a href=\"https:\/\/drive.google.com\/drive\/folders\/1KpqufrnN0uHI_8gmSwsw2lkxeSb9zgb-?usp=sharing\">\u00c0vies i avis de 1rA<\/a><\/p>\n<p><a href=\"https:\/\/drive.google.com\/drive\/folders\/13tz4yP-x2imJw16Ek0x12VI7b1EPOKrl?usp=drive_link\">\u00c0vies i avis de 1rB<\/a><\/p>\n<p>&nbsp;<\/p>\n","protected":false},"excerpt":{"rendered":"<p>Fam\u00edlies i infants de 1r, Aquests darrers dies han estat molt especials a les classes de primer. Les \u00e0vies i avis d&#8217;alguns companys de classe ens han vingut a visitar i ha estat una experi\u00e8ncia que tots hem pogut gaudir molt. Els infants estaven molt emocionats amb la visita dels seus sers estimats, perqu\u00e8 sabien [&hellip;]<\/p>\n","protected":false},"author":83,"featured_media":23832,"comment_status":"open","ping_status":"closed","sticky":false,"template":"","format":"standard","meta":{"_bbp_topic_count":0,"_bbp_reply_count":0,"_bbp_total_topic_count":0,"_bbp_total_reply_count":0,"_bbp_voice_count":0,"_bbp_anonymous_reply_count":0,"_bbp_topic_count_hidden":0,"_bbp_reply_count_hidden":0,"_bbp_forum_subforum_count":0,"site-sidebar-layout":"default","site-content-layout":"","ast-site-content-layout":"","site-content-style":"default","site-sidebar-style":"default","ast-global-header-display":"","ast-banner-title-visibility":"","ast-main-header-display":"","ast-hfb-above-header-display":"","ast-hfb-below-header-display":"","ast-hfb-mobile-header-display":"","site-post-title":"","ast-breadcrumbs-content":"","ast-featured-img":"","footer-sml-layout":"","theme-transparent-header-meta":"","adv-header-id-meta":"","stick-header-meta":"","header-above-stick-meta":"","header-main-stick-meta":"","header-below-stick-meta":"","astra-migrate-meta-layouts":"default","ast-page-background-enabled":"default","ast-page-background-meta":{"desktop":{"background-color":"var(--ast-global-color-4)","background-image":"","background-repeat":"repeat","background-position":"center center","background-size":"auto","background-attachment":"scroll","background-type":"","background-media":"","overlay-type":"","overlay-color":"","overlay-opacity":"","overlay-gradient":""},"tablet":{"background-color":"","background-image":"","background-repeat":"repeat","background-position":"center center","background-size":"auto","background-attachment":"scroll","background-type":"","background-media":"","overlay-type":"","overlay-color":"","overlay-opacity":"","overlay-gradient":""},"mobile":{"background-color":"","background-image":"","background-repeat":"repeat","background-position":"center center","background-size":"auto","background-attachment":"scroll","background-type":"","background-media":"","overlay-type":"","overlay-color":"","overlay-opacity":"","overlay-gradient":""}},"ast-content-background-meta":{"desktop":{"background-color":"var(--ast-global-color-5)","background-image":"","background-repeat":"repeat","background-position":"center center","background-size":"auto","background-attachment":"scroll","background-type":"","background-media":"","overlay-type":"","overlay-color":"","overlay-opacity":"","overlay-gradient":""},"tablet":{"background-color":"var(--ast-global-color-5)","background-image":"","background-repeat":"repeat","background-position":"center center","background-size":"auto","background-attachment":"scroll","background-type":"","background-media":"","overlay-type":"","overlay-color":"","overlay-opacity":"","overlay-gradient":""},"mobile":{"background-color":"var(--ast-global-color-5)","background-image":"","background-repeat":"repeat","background-position":"center center","background-size":"auto","background-attachment":"scroll","background-type":"","background-media":"","overlay-type":"","overlay-color":"","overlay-opacity":"","overlay-gradient":""}},"footnotes":""},"categories":[830,831,36,1,4],"tags":[],"class_list":["post-23831","post","type-post","status-publish","format-standard","has-post-thumbnail","hentry","category-2021-2030-grup-a","category-2021-2030-grup-b","category-galeria","category-general","category-portada"],"post_mailing_queue_ids":[],"_links":{"self":[{"href":"https:\/\/agora.xtec.cat\/ceip-lesferreries-palafolls\/wp-json\/wp\/v2\/posts\/23831","targetHints":{"allow":["GET"]}}],"collection":[{"href":"https:\/\/agora.xtec.cat\/ceip-lesferreries-palafolls\/wp-json\/wp\/v2\/posts"}],"about":[{"href":"https:\/\/agora.xtec.cat\/ceip-lesferreries-palafolls\/wp-json\/wp\/v2\/types\/post"}],"author":[{"embeddable":true,"href":"https:\/\/agora.xtec.cat\/ceip-lesferreries-palafolls\/wp-json\/wp\/v2\/users\/83"}],"replies":[{"embeddable":true,"href":"https:\/\/agora.xtec.cat\/ceip-lesferreries-palafolls\/wp-json\/wp\/v2\/comments?post=23831"}],"version-history":[{"count":2,"href":"https:\/\/agora.xtec.cat\/ceip-lesferreries-palafolls\/wp-json\/wp\/v2\/posts\/23831\/revisions"}],"predecessor-version":[{"id":23841,"href":"https:\/\/agora.xtec.cat\/ceip-lesferreries-palafolls\/wp-json\/wp\/v2\/posts\/23831\/revisions\/23841"}],"wp:featuredmedia":[{"embeddable":true,"href":"https:\/\/agora.xtec.cat\/ceip-lesferreries-palafolls\/wp-json\/wp\/v2\/media\/23832"}],"wp:attachment":[{"href":"https:\/\/agora.xtec.cat\/ceip-lesferreries-palafolls\/wp-json\/wp\/v2\/media?parent=23831"}],"wp:term":[{"taxonomy":"category","embeddable":true,"href":"https:\/\/agora.xtec.cat\/ceip-lesferreries-palafolls\/wp-json\/wp\/v2\/categories?post=23831"},{"taxonomy":"post_tag","embeddable":true,"href":"https:\/\/agora.xtec.cat\/ceip-lesferreries-palafolls\/wp-json\/wp\/v2\/tags?post=23831"}],"curies":[{"name":"wp","href":"https:\/\/api.w.org\/{rel}","templated":true}]}}