{"id":23812,"date":"2025-03-04T13:47:23","date_gmt":"2025-03-04T12:47:23","guid":{"rendered":"https:\/\/agora.xtec.cat\/ceip-lesferreries-palafolls\/?p=23812"},"modified":"2025-03-28T16:47:37","modified_gmt":"2025-03-28T15:47:37","slug":"descobreix-el-nostre-projecte-educatiu-de-centre","status":"publish","type":"post","link":"https:\/\/agora.xtec.cat\/ceip-lesferreries-palafolls\/general\/descobreix-el-nostre-projecte-educatiu-de-centre\/","title":{"rendered":"Descobreix el nostre Projecte Educatiu de Centre"},"content":{"rendered":"<p data-start=\"125\" data-end=\"478\">A la nostra escola, treballem cada dia per oferir un model educatiu de qualitat, basat en valors i en una metodologia que fomenta el desenvolupament integral de l\u2019alumnat. Per aix\u00f2, us presentem el nostre <strong data-start=\"330\" data-end=\"367\">Projecte Educatiu de Centre (PEC)<\/strong>, una presentaci\u00f3 que recull els principis, objectius i l\u00ednies d\u2019actuaci\u00f3 que guien el nostre projecte pedag\u00f2gic.<\/p>\n<div style=\"position: relative; width: 100%; height: 0; padding-top: 56.2500%; padding-bottom: 0; box-shadow: 0 2px 8px 0 rgba(63,69,81,0.16); margin-top: 1.6em; margin-bottom: 0.9em; overflow: hidden; border-radius: 8px; will-change: transform;\"><iframe style=\"position: absolute; width: 100%; height: 100%; top: 0; left: 0; border: none; padding: 0; margin: 0;\" src=\"https:\/\/www.canva.com\/design\/DAGc0ZAqIuI\/0wr4LJ-bQXG8mtjoyzWoLw\/view?embed\" allowfullscreen=\"allowfullscreen\"><br \/>\n<\/iframe><\/div>\n<div>\n<p data-start=\"480\" data-end=\"683\">Si voleu con\u00e8ixer m\u00e9s en detall la nostra manera de treballar i els nostres objectius educatius, podeu consultar el document sencer dins del men\u00fa <strong data-start=\"626\" data-end=\"680\">&#8220;La nostra escola&#8221; \u2192 &#8220;Projecte Educatiu de Centre&#8221;\u00a0<\/strong><strong>o <\/strong><a href=\"https:\/\/agora.xtec.cat\/ceip-lesferreries-palafolls\/info\/qui-som\/\" target=\"_blank\" rel=\"noopener\">clicant aquest enlla\u00e7<\/a><\/p>\n<p data-start=\"685\" data-end=\"754\">Us convidem a llegir-lo i a formar part activa del nostre projecte!<\/p>\n<\/div>\n","protected":false},"excerpt":{"rendered":"<p>A la nostra escola, treballem cada dia per oferir un model educatiu de qualitat, basat en valors i en una metodologia que fomenta el desenvolupament integral de l\u2019alumnat. Per aix\u00f2, us presentem el nostre Projecte Educatiu de Centre (PEC), una presentaci\u00f3 que recull els principis, objectius i l\u00ednies d\u2019actuaci\u00f3 que guien el nostre projecte pedag\u00f2gic. [&hellip;]<\/p>\n","protected":false},"author":65,"featured_media":23815,"comment_status":"open","ping_status":"closed","sticky":false,"template":"","format":"standard","meta":{"_bbp_topic_count":0,"_bbp_reply_count":0,"_bbp_total_topic_count":0,"_bbp_total_reply_count":0,"_bbp_voice_count":0,"_bbp_anonymous_reply_count":0,"_bbp_topic_count_hidden":0,"_bbp_reply_count_hidden":0,"_bbp_forum_subforum_count":0,"site-sidebar-layout":"default","site-content-layout":"","ast-site-content-layout":"","site-content-style":"default","site-sidebar-style":"default","ast-global-header-display":"","ast-banner-title-visibility":"","ast-main-header-display":"","ast-hfb-above-header-display":"","ast-hfb-below-header-display":"","ast-hfb-mobile-header-display":"","site-post-title":"","ast-breadcrumbs-content":"","ast-featured-img":"","footer-sml-layout":"","theme-transparent-header-meta":"","adv-header-id-meta":"","stick-header-meta":"","header-above-stick-meta":"","header-main-stick-meta":"","header-below-stick-meta":"","astra-migrate-meta-layouts":"default","ast-page-background-enabled":"default","ast-page-background-meta":{"desktop":{"background-color":"var(--ast-global-color-4)","background-image":"","background-repeat":"repeat","background-position":"center center","background-size":"auto","background-attachment":"scroll","background-type":"","background-media":"","overlay-type":"","overlay-color":"","overlay-opacity":"","overlay-gradient":""},"tablet":{"background-color":"","background-image":"","background-repeat":"repeat","background-position":"center center","background-size":"auto","background-attachment":"scroll","background-type":"","background-media":"","overlay-type":"","overlay-color":"","overlay-opacity":"","overlay-gradient":""},"mobile":{"background-color":"","background-image":"","background-repeat":"repeat","background-position":"center center","background-size":"auto","background-attachment":"scroll","background-type":"","background-media":"","overlay-type":"","overlay-color":"","overlay-opacity":"","overlay-gradient":""}},"ast-content-background-meta":{"desktop":{"background-color":"var(--ast-global-color-5)","background-image":"","background-repeat":"repeat","background-position":"center center","background-size":"auto","background-attachment":"scroll","background-type":"","background-media":"","overlay-type":"","overlay-color":"","overlay-opacity":"","overlay-gradient":""},"tablet":{"background-color":"var(--ast-global-color-5)","background-image":"","background-repeat":"repeat","background-position":"center center","background-size":"auto","background-attachment":"scroll","background-type":"","background-media":"","overlay-type":"","overlay-color":"","overlay-opacity":"","overlay-gradient":""},"mobile":{"background-color":"var(--ast-global-color-5)","background-image":"","background-repeat":"repeat","background-position":"center center","background-size":"auto","background-attachment":"scroll","background-type":"","background-media":"","overlay-type":"","overlay-color":"","overlay-opacity":"","overlay-gradient":""}},"footnotes":""},"categories":[32,1,4],"tags":[585,1072,1071,1070],"class_list":["post-23812","post","type-post","status-publish","format-standard","has-post-thumbnail","hentry","category-documents","category-general","category-portada","tag-escola","tag-metodologia","tag-pec","tag-projecte-educatiu-de-centre"],"post_mailing_queue_ids":[],"_links":{"self":[{"href":"https:\/\/agora.xtec.cat\/ceip-lesferreries-palafolls\/wp-json\/wp\/v2\/posts\/23812","targetHints":{"allow":["GET"]}}],"collection":[{"href":"https:\/\/agora.xtec.cat\/ceip-lesferreries-palafolls\/wp-json\/wp\/v2\/posts"}],"about":[{"href":"https:\/\/agora.xtec.cat\/ceip-lesferreries-palafolls\/wp-json\/wp\/v2\/types\/post"}],"author":[{"embeddable":true,"href":"https:\/\/agora.xtec.cat\/ceip-lesferreries-palafolls\/wp-json\/wp\/v2\/users\/65"}],"replies":[{"embeddable":true,"href":"https:\/\/agora.xtec.cat\/ceip-lesferreries-palafolls\/wp-json\/wp\/v2\/comments?post=23812"}],"version-history":[{"count":2,"href":"https:\/\/agora.xtec.cat\/ceip-lesferreries-palafolls\/wp-json\/wp\/v2\/posts\/23812\/revisions"}],"predecessor-version":[{"id":23814,"href":"https:\/\/agora.xtec.cat\/ceip-lesferreries-palafolls\/wp-json\/wp\/v2\/posts\/23812\/revisions\/23814"}],"wp:featuredmedia":[{"embeddable":true,"href":"https:\/\/agora.xtec.cat\/ceip-lesferreries-palafolls\/wp-json\/wp\/v2\/media\/23815"}],"wp:attachment":[{"href":"https:\/\/agora.xtec.cat\/ceip-lesferreries-palafolls\/wp-json\/wp\/v2\/media?parent=23812"}],"wp:term":[{"taxonomy":"category","embeddable":true,"href":"https:\/\/agora.xtec.cat\/ceip-lesferreries-palafolls\/wp-json\/wp\/v2\/categories?post=23812"},{"taxonomy":"post_tag","embeddable":true,"href":"https:\/\/agora.xtec.cat\/ceip-lesferreries-palafolls\/wp-json\/wp\/v2\/tags?post=23812"}],"curies":[{"name":"wp","href":"https:\/\/api.w.org\/{rel}","templated":true}]}}