{"id":23782,"date":"2025-02-21T16:33:03","date_gmt":"2025-02-21T15:33:03","guid":{"rendered":"https:\/\/agora.xtec.cat\/ceip-lesferreries-palafolls\/?p=23782"},"modified":"2025-02-21T16:33:03","modified_gmt":"2025-02-21T15:33:03","slug":"col%c2%b7laboracio-de-les-families-a-laula","status":"publish","type":"post","link":"https:\/\/agora.xtec.cat\/ceip-lesferreries-palafolls\/general\/col%c2%b7laboracio-de-les-families-a-laula\/","title":{"rendered":"COL\u00b7LABORACI\u00d3 DE LES FAM\u00cdLIES A L&#8217;AULA"},"content":{"rendered":"<p>Bon dia fam\u00edlies,<\/p>\n<p>Durant el mes de gener i febrer hem donat l&#8217;oportunitat a les fam\u00edlies de3r perqu\u00e8 participessin activament en diferents activitats, compartint els seus coneixements i experi\u00e8ncies amb els nostres alumnes. La seva implicaci\u00f3 no nom\u00e9s ha enriquit les activitats, sin\u00f3 que tamb\u00e9 ha enfortit els vincles entre la comunitat educativa.<\/p>\n<p data-start=\"107\" data-end=\"451\">A l\u2019escola, creiem fermament en la import\u00e0ncia de la col\u00b7laboraci\u00f3 entre fam\u00edlies i mestres per aconseguir els millors resultats per als nostres alumnes. Aquesta cooperaci\u00f3 no nom\u00e9s afavoreix el creixement acad\u00e8mic, sin\u00f3 que tamb\u00e9 refor\u00e7a els valors d\u2019harmonia, respecte i treball en equip, essencials per a la formaci\u00f3 integral dels infants.<\/p>\n<p data-start=\"1488\" data-end=\"1957\">Amb l&#8217;objectiu de compartir amb tota la comunitat escolar el fruit d\u2019aquestes col\u00b7laboracions, hem recopilat algunes imatges dels moments m\u00e9s especials viscuts durant les activitats. Des de les classes de manualitats amb les mares i pares, fins als racons de llengua i matem\u00e0tiques, aquestes imatges capturen l\u2019esperit de treball conjunt i el goig de veure les fam\u00edlies treballant al costat de l\u2019escola per millorar l\u2019experi\u00e8ncia educativa dels nens i nenes.<\/p>\n<p data-start=\"1983\" data-end=\"2139\">Us deixem les fotografies de l&#8217;\u00e0lbum.<\/p>\n<p data-start=\"1983\" data-end=\"2139\"><a href=\"https:\/\/photos.app.goo.gl\/6Q5FTaHN1HmG1yHh7\">Fam\u00edlies a l&#8217;aula 3r<\/a><\/p>\n<p data-start=\"2141\" data-end=\"2365\">El nostre agra\u00efment a totes les fam\u00edlies que han fet possible aquesta gran col\u00b7laboraci\u00f3. Continuem treballant junts per seguir creant un entorn d\u2019aprenentatge ric i divers, on els alumnes puguin cr\u00e9ixer feli\u00e7os i motivats.<\/p>\n<p data-start=\"2367\" data-end=\"2572\">Gr\u00e0cies a la vostra implicaci\u00f3, l&#8217;escola no \u00e9s nom\u00e9s un lloc d&#8217;ensenyament, sin\u00f3 un espai d\u2019uni\u00f3 i de creixement compartit. Estem desitjant continuar amb m\u00e9s activitats i moments per compartir en el futur!<\/p>\n","protected":false},"excerpt":{"rendered":"<p>Les fam\u00edlies a l&#8217;aula<\/p>\n","protected":false},"author":70,"featured_media":23545,"comment_status":"open","ping_status":"closed","sticky":false,"template":"","format":"standard","meta":{"_bbp_topic_count":0,"_bbp_reply_count":0,"_bbp_total_topic_count":0,"_bbp_total_reply_count":0,"_bbp_voice_count":0,"_bbp_anonymous_reply_count":0,"_bbp_topic_count_hidden":0,"_bbp_reply_count_hidden":0,"_bbp_forum_subforum_count":0,"site-sidebar-layout":"default","site-content-layout":"","ast-site-content-layout":"","site-content-style":"default","site-sidebar-style":"default","ast-global-header-display":"","ast-banner-title-visibility":"","ast-main-header-display":"","ast-hfb-above-header-display":"","ast-hfb-below-header-display":"","ast-hfb-mobile-header-display":"","site-post-title":"","ast-breadcrumbs-content":"","ast-featured-img":"","footer-sml-layout":"","theme-transparent-header-meta":"","adv-header-id-meta":"","stick-header-meta":"","header-above-stick-meta":"","header-main-stick-meta":"","header-below-stick-meta":"","astra-migrate-meta-layouts":"default","ast-page-background-enabled":"default","ast-page-background-meta":{"desktop":{"background-color":"var(--ast-global-color-4)","background-image":"","background-repeat":"repeat","background-position":"center center","background-size":"auto","background-attachment":"scroll","background-type":"","background-media":"","overlay-type":"","overlay-color":"","overlay-opacity":"","overlay-gradient":""},"tablet":{"background-color":"","background-image":"","background-repeat":"repeat","background-position":"center center","background-size":"auto","background-attachment":"scroll","background-type":"","background-media":"","overlay-type":"","overlay-color":"","overlay-opacity":"","overlay-gradient":""},"mobile":{"background-color":"","background-image":"","background-repeat":"repeat","background-position":"center center","background-size":"auto","background-attachment":"scroll","background-type":"","background-media":"","overlay-type":"","overlay-color":"","overlay-opacity":"","overlay-gradient":""}},"ast-content-background-meta":{"desktop":{"background-color":"var(--ast-global-color-5)","background-image":"","background-repeat":"repeat","background-position":"center center","background-size":"auto","background-attachment":"scroll","background-type":"","background-media":"","overlay-type":"","overlay-color":"","overlay-opacity":"","overlay-gradient":""},"tablet":{"background-color":"var(--ast-global-color-5)","background-image":"","background-repeat":"repeat","background-position":"center center","background-size":"auto","background-attachment":"scroll","background-type":"","background-media":"","overlay-type":"","overlay-color":"","overlay-opacity":"","overlay-gradient":""},"mobile":{"background-color":"var(--ast-global-color-5)","background-image":"","background-repeat":"repeat","background-position":"center center","background-size":"auto","background-attachment":"scroll","background-type":"","background-media":"","overlay-type":"","overlay-color":"","overlay-opacity":"","overlay-gradient":""}},"footnotes":""},"categories":[668,669,36,1,4],"tags":[],"class_list":["post-23782","post","type-post","status-publish","format-standard","has-post-thumbnail","hentry","category-2019-2028-grup-a","category-2019-2028-grup-b","category-galeria","category-general","category-portada"],"post_mailing_queue_ids":[],"_links":{"self":[{"href":"https:\/\/agora.xtec.cat\/ceip-lesferreries-palafolls\/wp-json\/wp\/v2\/posts\/23782","targetHints":{"allow":["GET"]}}],"collection":[{"href":"https:\/\/agora.xtec.cat\/ceip-lesferreries-palafolls\/wp-json\/wp\/v2\/posts"}],"about":[{"href":"https:\/\/agora.xtec.cat\/ceip-lesferreries-palafolls\/wp-json\/wp\/v2\/types\/post"}],"author":[{"embeddable":true,"href":"https:\/\/agora.xtec.cat\/ceip-lesferreries-palafolls\/wp-json\/wp\/v2\/users\/70"}],"replies":[{"embeddable":true,"href":"https:\/\/agora.xtec.cat\/ceip-lesferreries-palafolls\/wp-json\/wp\/v2\/comments?post=23782"}],"version-history":[{"count":2,"href":"https:\/\/agora.xtec.cat\/ceip-lesferreries-palafolls\/wp-json\/wp\/v2\/posts\/23782\/revisions"}],"predecessor-version":[{"id":23784,"href":"https:\/\/agora.xtec.cat\/ceip-lesferreries-palafolls\/wp-json\/wp\/v2\/posts\/23782\/revisions\/23784"}],"wp:featuredmedia":[{"embeddable":true,"href":"https:\/\/agora.xtec.cat\/ceip-lesferreries-palafolls\/wp-json\/wp\/v2\/media\/23545"}],"wp:attachment":[{"href":"https:\/\/agora.xtec.cat\/ceip-lesferreries-palafolls\/wp-json\/wp\/v2\/media?parent=23782"}],"wp:term":[{"taxonomy":"category","embeddable":true,"href":"https:\/\/agora.xtec.cat\/ceip-lesferreries-palafolls\/wp-json\/wp\/v2\/categories?post=23782"},{"taxonomy":"post_tag","embeddable":true,"href":"https:\/\/agora.xtec.cat\/ceip-lesferreries-palafolls\/wp-json\/wp\/v2\/tags?post=23782"}],"curies":[{"name":"wp","href":"https:\/\/api.w.org\/{rel}","templated":true}]}}