{"id":23776,"date":"2025-02-20T22:19:27","date_gmt":"2025-02-20T21:19:27","guid":{"rendered":"https:\/\/agora.xtec.cat\/ceip-lesferreries-palafolls\/?p=23776"},"modified":"2025-02-21T06:29:18","modified_gmt":"2025-02-21T05:29:18","slug":"sortida-viu-el-parc-5e","status":"publish","type":"post","link":"https:\/\/agora.xtec.cat\/ceip-lesferreries-palafolls\/general\/sortida-viu-el-parc-5e\/","title":{"rendered":"Sortida Viu el Parc 5\u00e8"},"content":{"rendered":"<p>&nbsp;<\/p>\n<p><a href=\"https:\/\/agora.xtec.cat\/ceip-lesferreries-palafolls\/wp-content\/uploads\/usu670\/2025\/02\/IMG_20250219_105200-1-scaled.jpg\"><img loading=\"lazy\" decoding=\"async\" class=\"alignnone size-large wp-image-23777\" src=\"https:\/\/agora.xtec.cat\/ceip-lesferreries-palafolls\/wp-content\/uploads\/usu670\/2025\/02\/IMG_20250219_105200-1-1024x768.jpg\" alt=\"\" width=\"1024\" height=\"768\" srcset=\"https:\/\/agora.xtec.cat\/ceip-lesferreries-palafolls\/wp-content\/uploads\/usu670\/2025\/02\/IMG_20250219_105200-1-1024x768.jpg 1024w, https:\/\/agora.xtec.cat\/ceip-lesferreries-palafolls\/wp-content\/uploads\/usu670\/2025\/02\/IMG_20250219_105200-1-300x225.jpg 300w, https:\/\/agora.xtec.cat\/ceip-lesferreries-palafolls\/wp-content\/uploads\/usu670\/2025\/02\/IMG_20250219_105200-1-768x576.jpg 768w, https:\/\/agora.xtec.cat\/ceip-lesferreries-palafolls\/wp-content\/uploads\/usu670\/2025\/02\/IMG_20250219_105200-1-1536x1152.jpg 1536w, https:\/\/agora.xtec.cat\/ceip-lesferreries-palafolls\/wp-content\/uploads\/usu670\/2025\/02\/IMG_20250219_105200-1-2048x1536.jpg 2048w, https:\/\/agora.xtec.cat\/ceip-lesferreries-palafolls\/wp-content\/uploads\/usu670\/2025\/02\/IMG_20250219_105200-1-200x150.jpg 200w\" sizes=\"auto, (max-width: 1024px) 100vw, 1024px\" \/><\/a><\/p>\n<p>El passat 19 de febrer l&#8217;alumnat de 5\u00e8 vam participar a l&#8217;activitat &#8220;Viu el Parc&#8221; a Hortsaviny\u00e0. Aquesta jornada va ser una gran oportunitat per con\u00e8ixer el medi natural m\u00e9s proper, en aquest cas el parc Natural del Montnegre i el Corredor, i prendre consci\u00e8ncia de la problem\u00e0tica ambiental. Vam dur a terme diferents activitats pr\u00e0ctiques, incloent-hi una relacionada amb el reciclatge, que havia estat preparada pels alumnes de l&#8217;escola Hortsaviny\u00e0. Tamb\u00e9 vam observar el bosc, aprenent sobre les plantes i els rastres dels animals que viuen a la zona. Finalment, vam realitzar una activitat de connexi\u00f3 amb el bosc i amb nosaltres mateixos que ens va ajudar a establir una relaci\u00f3 m\u00e9s profunda amb l&#8217;entorn natural i amb la import\u00e0ncia de respectar-lo.<\/p>\n<p><a href=\"https:\/\/photos.google.com\/share\/AF1QipMQzpcUlnEHodkHODuVf1OPNe25ujv6LGW6xsWkjHZozilkpkH5Ovye7Dl42LRdJQ?key=ZkRXaFh0SU1UYU9QRlZKVE1ZbjF4YUhQN3kyQzZR\">Recull de fotografies del taller previ a l&#8217;aula<\/a><\/p>\n<p><a href=\"https:\/\/photos.google.com\/share\/AF1QipOPJMmLJUerlG3EyeSWo81t5PZdysSiTaN5TziDP3lNBopZjgqVNEknJdnIaU319A?key=OW9SRDE4R2lfQUgtLXZZVUo3LUozWHNta2JHM053\">Fotos de la sortida a Hortsaviny\u00e0<\/a><\/p>\n<p>&nbsp;<\/p>\n","protected":false},"excerpt":{"rendered":"<p>&nbsp; El passat 19 de febrer l&#8217;alumnat de 5\u00e8 vam participar a l&#8217;activitat &#8220;Viu el Parc&#8221; a Hortsaviny\u00e0. Aquesta jornada va ser una gran oportunitat per con\u00e8ixer el medi natural m\u00e9s proper, en aquest cas el parc Natural del Montnegre i el Corredor, i prendre consci\u00e8ncia de la problem\u00e0tica ambiental. Vam dur a terme diferents [&hellip;]<\/p>\n","protected":false},"author":117,"featured_media":23777,"comment_status":"open","ping_status":"closed","sticky":false,"template":"","format":"standard","meta":{"_bbp_topic_count":0,"_bbp_reply_count":0,"_bbp_total_topic_count":0,"_bbp_total_reply_count":0,"_bbp_voice_count":0,"_bbp_anonymous_reply_count":0,"_bbp_topic_count_hidden":0,"_bbp_reply_count_hidden":0,"_bbp_forum_subforum_count":0,"site-sidebar-layout":"default","site-content-layout":"","ast-site-content-layout":"","site-content-style":"default","site-sidebar-style":"default","ast-global-header-display":"","ast-banner-title-visibility":"","ast-main-header-display":"","ast-hfb-above-header-display":"","ast-hfb-below-header-display":"","ast-hfb-mobile-header-display":"","site-post-title":"","ast-breadcrumbs-content":"","ast-featured-img":"","footer-sml-layout":"","theme-transparent-header-meta":"","adv-header-id-meta":"","stick-header-meta":"","header-above-stick-meta":"","header-main-stick-meta":"","header-below-stick-meta":"","astra-migrate-meta-layouts":"default","ast-page-background-enabled":"default","ast-page-background-meta":{"desktop":{"background-color":"var(--ast-global-color-4)","background-image":"","background-repeat":"repeat","background-position":"center center","background-size":"auto","background-attachment":"scroll","background-type":"","background-media":"","overlay-type":"","overlay-color":"","overlay-opacity":"","overlay-gradient":""},"tablet":{"background-color":"","background-image":"","background-repeat":"repeat","background-position":"center center","background-size":"auto","background-attachment":"scroll","background-type":"","background-media":"","overlay-type":"","overlay-color":"","overlay-opacity":"","overlay-gradient":""},"mobile":{"background-color":"","background-image":"","background-repeat":"repeat","background-position":"center center","background-size":"auto","background-attachment":"scroll","background-type":"","background-media":"","overlay-type":"","overlay-color":"","overlay-opacity":"","overlay-gradient":""}},"ast-content-background-meta":{"desktop":{"background-color":"var(--ast-global-color-5)","background-image":"","background-repeat":"repeat","background-position":"center center","background-size":"auto","background-attachment":"scroll","background-type":"","background-media":"","overlay-type":"","overlay-color":"","overlay-opacity":"","overlay-gradient":""},"tablet":{"background-color":"var(--ast-global-color-5)","background-image":"","background-repeat":"repeat","background-position":"center center","background-size":"auto","background-attachment":"scroll","background-type":"","background-media":"","overlay-type":"","overlay-color":"","overlay-opacity":"","overlay-gradient":""},"mobile":{"background-color":"var(--ast-global-color-5)","background-image":"","background-repeat":"repeat","background-position":"center center","background-size":"auto","background-attachment":"scroll","background-type":"","background-media":"","overlay-type":"","overlay-color":"","overlay-opacity":"","overlay-gradient":""}},"footnotes":""},"categories":[502,503,504,36,1,4],"tags":[],"class_list":["post-23776","post","type-post","status-publish","format-standard","has-post-thumbnail","hentry","category-gr01","category-gr02","category-gr03","category-galeria","category-general","category-portada"],"post_mailing_queue_ids":[],"_links":{"self":[{"href":"https:\/\/agora.xtec.cat\/ceip-lesferreries-palafolls\/wp-json\/wp\/v2\/posts\/23776","targetHints":{"allow":["GET"]}}],"collection":[{"href":"https:\/\/agora.xtec.cat\/ceip-lesferreries-palafolls\/wp-json\/wp\/v2\/posts"}],"about":[{"href":"https:\/\/agora.xtec.cat\/ceip-lesferreries-palafolls\/wp-json\/wp\/v2\/types\/post"}],"author":[{"embeddable":true,"href":"https:\/\/agora.xtec.cat\/ceip-lesferreries-palafolls\/wp-json\/wp\/v2\/users\/117"}],"replies":[{"embeddable":true,"href":"https:\/\/agora.xtec.cat\/ceip-lesferreries-palafolls\/wp-json\/wp\/v2\/comments?post=23776"}],"version-history":[{"count":4,"href":"https:\/\/agora.xtec.cat\/ceip-lesferreries-palafolls\/wp-json\/wp\/v2\/posts\/23776\/revisions"}],"predecessor-version":[{"id":23781,"href":"https:\/\/agora.xtec.cat\/ceip-lesferreries-palafolls\/wp-json\/wp\/v2\/posts\/23776\/revisions\/23781"}],"wp:featuredmedia":[{"embeddable":true,"href":"https:\/\/agora.xtec.cat\/ceip-lesferreries-palafolls\/wp-json\/wp\/v2\/media\/23777"}],"wp:attachment":[{"href":"https:\/\/agora.xtec.cat\/ceip-lesferreries-palafolls\/wp-json\/wp\/v2\/media?parent=23776"}],"wp:term":[{"taxonomy":"category","embeddable":true,"href":"https:\/\/agora.xtec.cat\/ceip-lesferreries-palafolls\/wp-json\/wp\/v2\/categories?post=23776"},{"taxonomy":"post_tag","embeddable":true,"href":"https:\/\/agora.xtec.cat\/ceip-lesferreries-palafolls\/wp-json\/wp\/v2\/tags?post=23776"}],"curies":[{"name":"wp","href":"https:\/\/api.w.org\/{rel}","templated":true}]}}