{"id":23751,"date":"2025-02-07T16:36:30","date_gmt":"2025-02-07T15:36:30","guid":{"rendered":"https:\/\/agora.xtec.cat\/ceip-lesferreries-palafolls\/?p=23751"},"modified":"2025-02-07T16:36:30","modified_gmt":"2025-02-07T15:36:30","slug":"celebracio-del-denip-caminem-junts-per-la-pau","status":"publish","type":"post","link":"https:\/\/agora.xtec.cat\/ceip-lesferreries-palafolls\/general\/celebracio-del-denip-caminem-junts-per-la-pau\/","title":{"rendered":"Celebraci\u00f3 del DENIP: Caminem junts per la pau"},"content":{"rendered":"<p>El passat dijous 30 de gener, la nostra escola va celebrar, un any m\u00e9s, el <strong>Dia Escolar de la No-viol\u00e8ncia i la Pau (DENIP)<\/strong>. Al llarg dels dies previs, cada alumne i alumna va elaborar <strong>dues petjades decorades amb missatges, paraules i dibuixos<\/strong> inspirats en el lema d\u2019enguany: <strong>&#8220;Caminem junts per la pau&#8221;<\/strong>. Aquestes petjades han servit per decorar les finestres de les aules i el vest\u00edbul de l\u2019escola, omplint els espais de colors i bons desitjos.<\/p>\n<p>Per culminar la celebraci\u00f3, vam realitzar un <strong>acte conjunt<\/strong> on vam llegir un manifest en favor de la pau i la conviv\u00e8ncia. A continuaci\u00f3, en un moment molt especial i emotiu, <strong>tots els alumnes i mestres ens vam agafar i abra\u00e7ar per cantar junts &#8220;La Can\u00e7\u00f3 de la Pau&#8221;<\/strong>, refor\u00e7ant aix\u00ed el valor de la uni\u00f3 i l\u2019esperan\u00e7a en un m\u00f3n millor.<\/p>\n<p>A m\u00e9s, durant l\u2019hora del pati, des de l&#8217;\u00e0rea d\u2019<strong>Educaci\u00f3 F\u00edsica<\/strong> es va organitzar una activitat especial per fomentar el joc en equip i el respecte entre companys: <strong>vam jugar al Tchoukball<\/strong>, un esport cooperatiu que promou la inclusi\u00f3 i la col\u00b7laboraci\u00f3.<\/p>\n<p><strong>No us perdeu els millors moments del DENIP!<\/strong> Hem preparat un <strong>\u00e0lbum de fotos<\/strong> amb les imatges m\u00e9s especials de la jornada. Podeu veure&#8217;l en aquest enlla\u00e7:\u00a0<a href=\"https:\/\/photos.app.goo.gl\/kR631SsRpWQ2QwUn6\" target=\"_blank\" rel=\"noopener\">DENIP<\/a><\/p>\n<p>Un any m\u00e9s, aquesta jornada ens ha recordat la import\u00e0ncia de treballar plegats per construir un entorn m\u00e9s pac\u00edfic i respectu\u00f3s. <strong>Gr\u00e0cies a tots per participar-hi amb tanta il\u00b7lusi\u00f3!<\/strong><\/p>\n","protected":false},"excerpt":{"rendered":"<p>El passat dijous 30 de gener, la nostra escola va celebrar, un any m\u00e9s, el Dia Escolar de la No-viol\u00e8ncia i la Pau (DENIP). Al llarg dels dies previs, cada alumne i alumna va elaborar dues petjades decorades amb missatges, paraules i dibuixos inspirats en el lema d\u2019enguany: &#8220;Caminem junts per la pau&#8221;. Aquestes petjades [&hellip;]<\/p>\n","protected":false},"author":65,"featured_media":23752,"comment_status":"open","ping_status":"closed","sticky":false,"template":"","format":"standard","meta":{"_bbp_topic_count":0,"_bbp_reply_count":0,"_bbp_total_topic_count":0,"_bbp_total_reply_count":0,"_bbp_voice_count":0,"_bbp_anonymous_reply_count":0,"_bbp_topic_count_hidden":0,"_bbp_reply_count_hidden":0,"_bbp_forum_subforum_count":0,"site-sidebar-layout":"default","site-content-layout":"","ast-site-content-layout":"","site-content-style":"default","site-sidebar-style":"default","ast-global-header-display":"","ast-banner-title-visibility":"","ast-main-header-display":"","ast-hfb-above-header-display":"","ast-hfb-below-header-display":"","ast-hfb-mobile-header-display":"","site-post-title":"","ast-breadcrumbs-content":"","ast-featured-img":"","footer-sml-layout":"","theme-transparent-header-meta":"","adv-header-id-meta":"","stick-header-meta":"","header-above-stick-meta":"","header-main-stick-meta":"","header-below-stick-meta":"","astra-migrate-meta-layouts":"default","ast-page-background-enabled":"default","ast-page-background-meta":{"desktop":{"background-color":"var(--ast-global-color-4)","background-image":"","background-repeat":"repeat","background-position":"center center","background-size":"auto","background-attachment":"scroll","background-type":"","background-media":"","overlay-type":"","overlay-color":"","overlay-opacity":"","overlay-gradient":""},"tablet":{"background-color":"","background-image":"","background-repeat":"repeat","background-position":"center center","background-size":"auto","background-attachment":"scroll","background-type":"","background-media":"","overlay-type":"","overlay-color":"","overlay-opacity":"","overlay-gradient":""},"mobile":{"background-color":"","background-image":"","background-repeat":"repeat","background-position":"center center","background-size":"auto","background-attachment":"scroll","background-type":"","background-media":"","overlay-type":"","overlay-color":"","overlay-opacity":"","overlay-gradient":""}},"ast-content-background-meta":{"desktop":{"background-color":"var(--ast-global-color-5)","background-image":"","background-repeat":"repeat","background-position":"center center","background-size":"auto","background-attachment":"scroll","background-type":"","background-media":"","overlay-type":"","overlay-color":"","overlay-opacity":"","overlay-gradient":""},"tablet":{"background-color":"var(--ast-global-color-5)","background-image":"","background-repeat":"repeat","background-position":"center center","background-size":"auto","background-attachment":"scroll","background-type":"","background-media":"","overlay-type":"","overlay-color":"","overlay-opacity":"","overlay-gradient":""},"mobile":{"background-color":"var(--ast-global-color-5)","background-image":"","background-repeat":"repeat","background-position":"center center","background-size":"auto","background-attachment":"scroll","background-type":"","background-media":"","overlay-type":"","overlay-color":"","overlay-opacity":"","overlay-gradient":""}},"footnotes":""},"categories":[1,4],"tags":[594,929],"class_list":["post-23751","post","type-post","status-publish","format-standard","has-post-thumbnail","hentry","category-general","category-portada","tag-denip","tag-dia-escolar-de-la-no-violencia-i-la-pau"],"post_mailing_queue_ids":[],"_links":{"self":[{"href":"https:\/\/agora.xtec.cat\/ceip-lesferreries-palafolls\/wp-json\/wp\/v2\/posts\/23751","targetHints":{"allow":["GET"]}}],"collection":[{"href":"https:\/\/agora.xtec.cat\/ceip-lesferreries-palafolls\/wp-json\/wp\/v2\/posts"}],"about":[{"href":"https:\/\/agora.xtec.cat\/ceip-lesferreries-palafolls\/wp-json\/wp\/v2\/types\/post"}],"author":[{"embeddable":true,"href":"https:\/\/agora.xtec.cat\/ceip-lesferreries-palafolls\/wp-json\/wp\/v2\/users\/65"}],"replies":[{"embeddable":true,"href":"https:\/\/agora.xtec.cat\/ceip-lesferreries-palafolls\/wp-json\/wp\/v2\/comments?post=23751"}],"version-history":[{"count":1,"href":"https:\/\/agora.xtec.cat\/ceip-lesferreries-palafolls\/wp-json\/wp\/v2\/posts\/23751\/revisions"}],"predecessor-version":[{"id":23753,"href":"https:\/\/agora.xtec.cat\/ceip-lesferreries-palafolls\/wp-json\/wp\/v2\/posts\/23751\/revisions\/23753"}],"wp:featuredmedia":[{"embeddable":true,"href":"https:\/\/agora.xtec.cat\/ceip-lesferreries-palafolls\/wp-json\/wp\/v2\/media\/23752"}],"wp:attachment":[{"href":"https:\/\/agora.xtec.cat\/ceip-lesferreries-palafolls\/wp-json\/wp\/v2\/media?parent=23751"}],"wp:term":[{"taxonomy":"category","embeddable":true,"href":"https:\/\/agora.xtec.cat\/ceip-lesferreries-palafolls\/wp-json\/wp\/v2\/categories?post=23751"},{"taxonomy":"post_tag","embeddable":true,"href":"https:\/\/agora.xtec.cat\/ceip-lesferreries-palafolls\/wp-json\/wp\/v2\/tags?post=23751"}],"curies":[{"name":"wp","href":"https:\/\/api.w.org\/{rel}","templated":true}]}}