{"id":23722,"date":"2024-11-26T12:16:57","date_gmt":"2024-11-26T11:16:57","guid":{"rendered":"https:\/\/agora.xtec.cat\/ceip-lesferreries-palafolls\/?p=23722"},"modified":"2025-01-15T12:47:20","modified_gmt":"2025-01-15T11:47:20","slug":"programa-de-consum-de-fruita-a-lescola","status":"publish","type":"post","link":"https:\/\/agora.xtec.cat\/ceip-lesferreries-palafolls\/general\/programa-de-consum-de-fruita-a-lescola\/","title":{"rendered":"Programa de consum de fruita a l&#8217;escola"},"content":{"rendered":"<p>Un curs m\u00e9s, l\u2019escola torna a participar del programa escolar de fruita promogut pel departament d\u2019Agricultura, Ramaderia, Pesca i Alimentaci\u00f3. Es tracta de distribuir gratu\u00eftament fruita i verdura fresca als escolars de segon cicle d&#8217;educaci\u00f3 infantil i de prim\u00e0ria (infants de 3 a 12 anys) de centres educatius que ho demanin.<\/p>\n<p>\u00c9s una iniciativa de la Uni\u00f3 Europea amb l&#8217;acci\u00f3 conjunta dels departaments d&#8217;Agricultura, Salut i Ensenyament.<\/p>\n<p>Els objectius s\u00f3n:<\/p>\n<ul>\n<li>Oferir fruita gratu\u00efta en els esmorzars i berenars dins del centre escolar.<\/li>\n<li>Informar sobre els beneficis de pujar el consum de fruites i verdures, i sobre la seva diversitat, trets, producci\u00f3, estacionalitat, etc.<\/li>\n<li>Proposar el consum de fruites com una alternativa excel\u00b7lent al consum d&#8217;altres aliments amb menys qualitat nutricional.<\/li>\n<\/ul>\n<p>Es pret\u00e9n amb aix\u00f2 afavorir la salut dels infants i promoure el consum de fruites, verdures, fruita seca, llegums, aigua i joc actiu.<\/p>\n<p>I tamb\u00e9 reduir el consum llaminadures, begudes refrescants, brioxeria i videojocs sedentaris.<\/p>\n<div class=\"entry-content\">\n<p>Trobareu m\u00e9s informaci\u00f3 al respecte a:\u00a0<a href=\"https:\/\/agricultura.gencat.cat\/ca\/ambits\/alimentacio\/promocio-agroalimentaria\/fruita-llet-escoles\/fruita-escoles\/\" target=\"_blank\" rel=\"noopener noreferrer\">https:\/\/agricultura.gencat.cat\/ca\/ambits\/alimentacio\/promocio-agroalimentaria\/fruita-llet-escoles\/fruita-escoles\/<\/a>\u00a0 i concursos, activitats i receptes a:\u00a0<a href=\"https:\/\/fruita.cat\/\" target=\"_blank\" rel=\"noopener noreferrer\">http:\/\/fruita.cat\/<\/a><\/p>\n<p>En relaci\u00f3 amb el Programa Escolar de Fruita del curs escolar 2024\/25, us informem que l\u2019escola rebrem <b>entregues mensuals<\/b>, de novembre a juny, amb un total de 3 o 4 peces\/racions de fruites i\/o hortalisses fresques per a cada nen\/a <strong>d\u2019educaci\u00f3 infantil i prim\u00e0ria:\u00a0<\/strong><\/p>\n<\/div>\n<div class=\"addtoany_share_save_container addtoany_content addtoany_content_bottom\">\n<div class=\"a2a_kit a2a_kit_size_32 addtoany_list\" data-a2a-url=\"https:\/\/agora.xtec.cat\/ceip-lesferreries-palafolls\/general\/fruita-a-lescola\/\" data-a2a-title=\"Fruita a l\u2019escola\">\n<table id=\"sample_1\" class=\"table table-striped table-bordered table-hover dataTable no-footer\" style=\"width: 65.5571%;\" role=\"grid\" aria-describedby=\"sample_1_info\">\n<tbody>\n<tr>\n<td style=\"width: 100%;\"><strong>Novembre.<\/strong> Poma Golden (180 g\/alumne), pl\u00e0tan IGP (180 g\/alumne), mandarina IGP (150 g\/alumne) i poma vermella (180 g\/alumne)<\/td>\n<\/tr>\n<tr id=\"fila\" class=\"gradeX even\" role=\"row\">\n<td style=\"width: 100%;\"><strong>Gener.<\/strong> Poma (180 g\/alumne), mandarina IGP (150 g\/alumne)<\/td>\n<\/tr>\n<tr id=\"fila\" class=\"gradeX odd\" role=\"row\">\n<td style=\"width: 100%;\"><strong>Febrer.<\/strong> Taronja IGP (210 g\/alumne), poma (180 g\/alumne)<\/td>\n<\/tr>\n<tr id=\"fila\" class=\"gradeX even\" role=\"row\">\n<td style=\"width: 100%;\"><strong>Mar\u00e7.<\/strong> Pl\u00e0tan IGP (180 g\/alumne), Taronja IGP (210 g\/alumne)<\/td>\n<\/tr>\n<tr id=\"fila\" class=\"gradeX odd\" role=\"row\">\n<td style=\"width: 100%;\"><strong>Maig.<\/strong> Albercoc (120 g\/alumne) i cirerol (80 g\/alumne)<\/td>\n<\/tr>\n<tr id=\"fila\" class=\"gradeX even\" role=\"row\">\n<td style=\"width: 100%;\"><strong>Juny.<\/strong> Pr\u00e9ssec (180 g\/alumne), nectarina (180 g\/alumne) i cirera (80 g\/alumne)<\/td>\n<\/tr>\n<\/tbody>\n<\/table>\n<\/div>\n<\/div>\n","protected":false},"excerpt":{"rendered":"<p>Un curs m\u00e9s, l\u2019escola torna a participar del programa escolar de fruita promogut pel departament d\u2019Agricultura, Ramaderia, Pesca i Alimentaci\u00f3. Es tracta de distribuir gratu\u00eftament fruita i verdura fresca als escolars de segon cicle d&#8217;educaci\u00f3 infantil i de prim\u00e0ria (infants de 3 a 12 anys) de centres educatius que ho demanin. \u00c9s una iniciativa de [&hellip;]<\/p>\n","protected":false},"author":65,"featured_media":23723,"comment_status":"open","ping_status":"closed","sticky":false,"template":"","format":"standard","meta":{"_bbp_topic_count":0,"_bbp_reply_count":0,"_bbp_total_topic_count":0,"_bbp_total_reply_count":0,"_bbp_voice_count":0,"_bbp_anonymous_reply_count":0,"_bbp_topic_count_hidden":0,"_bbp_reply_count_hidden":0,"_bbp_forum_subforum_count":0,"site-sidebar-layout":"default","site-content-layout":"","ast-site-content-layout":"","site-content-style":"default","site-sidebar-style":"default","ast-global-header-display":"","ast-banner-title-visibility":"","ast-main-header-display":"","ast-hfb-above-header-display":"","ast-hfb-below-header-display":"","ast-hfb-mobile-header-display":"","site-post-title":"","ast-breadcrumbs-content":"","ast-featured-img":"","footer-sml-layout":"","theme-transparent-header-meta":"","adv-header-id-meta":"","stick-header-meta":"","header-above-stick-meta":"","header-main-stick-meta":"","header-below-stick-meta":"","astra-migrate-meta-layouts":"default","ast-page-background-enabled":"default","ast-page-background-meta":{"desktop":{"background-color":"var(--ast-global-color-4)","background-image":"","background-repeat":"repeat","background-position":"center center","background-size":"auto","background-attachment":"scroll","background-type":"","background-media":"","overlay-type":"","overlay-color":"","overlay-opacity":"","overlay-gradient":""},"tablet":{"background-color":"","background-image":"","background-repeat":"repeat","background-position":"center center","background-size":"auto","background-attachment":"scroll","background-type":"","background-media":"","overlay-type":"","overlay-color":"","overlay-opacity":"","overlay-gradient":""},"mobile":{"background-color":"","background-image":"","background-repeat":"repeat","background-position":"center center","background-size":"auto","background-attachment":"scroll","background-type":"","background-media":"","overlay-type":"","overlay-color":"","overlay-opacity":"","overlay-gradient":""}},"ast-content-background-meta":{"desktop":{"background-color":"var(--ast-global-color-5)","background-image":"","background-repeat":"repeat","background-position":"center center","background-size":"auto","background-attachment":"scroll","background-type":"","background-media":"","overlay-type":"","overlay-color":"","overlay-opacity":"","overlay-gradient":""},"tablet":{"background-color":"var(--ast-global-color-5)","background-image":"","background-repeat":"repeat","background-position":"center center","background-size":"auto","background-attachment":"scroll","background-type":"","background-media":"","overlay-type":"","overlay-color":"","overlay-opacity":"","overlay-gradient":""},"mobile":{"background-color":"var(--ast-global-color-5)","background-image":"","background-repeat":"repeat","background-position":"center center","background-size":"auto","background-attachment":"scroll","background-type":"","background-media":"","overlay-type":"","overlay-color":"","overlay-opacity":"","overlay-gradient":""}},"footnotes":""},"categories":[22,1,4],"tags":[795,706],"class_list":["post-23722","post","type-post","status-publish","format-standard","has-post-thumbnail","hentry","category-activitats","category-general","category-portada","tag-fruita","tag-fruita-a-lescola"],"post_mailing_queue_ids":[],"_links":{"self":[{"href":"https:\/\/agora.xtec.cat\/ceip-lesferreries-palafolls\/wp-json\/wp\/v2\/posts\/23722","targetHints":{"allow":["GET"]}}],"collection":[{"href":"https:\/\/agora.xtec.cat\/ceip-lesferreries-palafolls\/wp-json\/wp\/v2\/posts"}],"about":[{"href":"https:\/\/agora.xtec.cat\/ceip-lesferreries-palafolls\/wp-json\/wp\/v2\/types\/post"}],"author":[{"embeddable":true,"href":"https:\/\/agora.xtec.cat\/ceip-lesferreries-palafolls\/wp-json\/wp\/v2\/users\/65"}],"replies":[{"embeddable":true,"href":"https:\/\/agora.xtec.cat\/ceip-lesferreries-palafolls\/wp-json\/wp\/v2\/comments?post=23722"}],"version-history":[{"count":1,"href":"https:\/\/agora.xtec.cat\/ceip-lesferreries-palafolls\/wp-json\/wp\/v2\/posts\/23722\/revisions"}],"predecessor-version":[{"id":23724,"href":"https:\/\/agora.xtec.cat\/ceip-lesferreries-palafolls\/wp-json\/wp\/v2\/posts\/23722\/revisions\/23724"}],"wp:featuredmedia":[{"embeddable":true,"href":"https:\/\/agora.xtec.cat\/ceip-lesferreries-palafolls\/wp-json\/wp\/v2\/media\/23723"}],"wp:attachment":[{"href":"https:\/\/agora.xtec.cat\/ceip-lesferreries-palafolls\/wp-json\/wp\/v2\/media?parent=23722"}],"wp:term":[{"taxonomy":"category","embeddable":true,"href":"https:\/\/agora.xtec.cat\/ceip-lesferreries-palafolls\/wp-json\/wp\/v2\/categories?post=23722"},{"taxonomy":"post_tag","embeddable":true,"href":"https:\/\/agora.xtec.cat\/ceip-lesferreries-palafolls\/wp-json\/wp\/v2\/tags?post=23722"}],"curies":[{"name":"wp","href":"https:\/\/api.w.org\/{rel}","templated":true}]}}