{"id":23707,"date":"2025-01-08T09:25:47","date_gmt":"2025-01-08T08:25:47","guid":{"rendered":"https:\/\/agora.xtec.cat\/ceip-lesferreries-palafolls\/?p=23707"},"modified":"2025-01-08T10:58:33","modified_gmt":"2025-01-08T09:58:33","slug":"un-nadal-ple-dactivitats-i-illusio-a-lescola","status":"publish","type":"post","link":"https:\/\/agora.xtec.cat\/ceip-lesferreries-palafolls\/general\/un-nadal-ple-dactivitats-i-illusio-a-lescola\/","title":{"rendered":"Un Nadal ple d&#8217;activitats i il\u00b7lusi\u00f3 a l&#8217;escola!"},"content":{"rendered":"<p>L&#8217;\u00faltima setmana abans de les vacances d&#8217;hivern va ser molt especial a la nostra escola. Vam viure uns dies plens de m\u00e0gia, diversi\u00f3 i aprenentatge amb un munt d&#8217;activitats nadalenques que van omplir els passadissos d&#8217;alegria i esperit festiu.<\/p>\n<p>Els alumnes van poder gaudir d&#8217;un seguit d&#8217;experi\u00e8ncies \u00faniques, pensades per compartir i celebrar aquestes dates tan entranyables:<\/p>\n<ul>\n<li><strong>Manualitats de Nadal<\/strong>: L&#8217;alumnat va demostrar la seva creativitat elaborant decoracions nadalenques per portar a casa.<\/li>\n<li><strong>Festival de Nadal<\/strong>: Les classes de m\u00fasica van brillar amb actuacions que van omplir d&#8217;orgull a familiars i mestres.<\/li>\n<li><strong>Caga Ti\u00f3 i amic invisible<\/strong>: Els infants van gaudir de moments plens d&#8217;emoci\u00f3, descobrint els regals del Ti\u00f3 o de l&#8217;amic invisible.<\/li>\n<li><strong>Guardiola solid\u00e0ria i polseres candela<\/strong>: Una activitat que va involucrar tota la comunitat educativa amb l&#8217;objectiu de col\u00b7laborar amb una causa solid\u00e0ria.<\/li>\n<li><strong>Calendari d&#8217;advent<\/strong>: Cada dia, una sorpresa especial va mantenir viva la il\u00b7lusi\u00f3 dels alumnes, amb activitats, missatges i petites din\u00e0miques nadalenques.<\/li>\n<\/ul>\n<p>A m\u00e9s, vam rebre una sorpresa molt especial: una visita dels patges reials, que van deixar a tothom amb un somriure immens.<\/p>\n<p>Per fer la cloenda d\u2019aquesta setmana tan especial, <strong>l\u2019AFA va convidar tots i totes a un esmorzar de pa amb xocolata<\/strong>. Va ser un moment dol\u00e7 i compartit, ideal per acomiadar-nos fins a l\u2019any vinent amb els millors desitjos.<\/p>\n<p>Us convidem a donar un cop d&#8217;ull als \u00e0lbums fotogr\u00e0fics que hem preparat amb molt d&#8217;afecte. Aqu\u00ed trobareu les millors imatges de cada activitat, que reflecteixen l&#8217;alegria i l&#8217;entusiasme que han viscut els nostres alumnes.<\/p>\n<p><strong>Feu clic <\/strong>per veure les fotos i reviure aquests moments m\u00e0gics!<\/p>\n<p>Gr\u00e0cies a tota la comunitat educativa per fer possible unes festes inoblidables.<\/p>\n<p><a href=\"https:\/\/photos.app.goo.gl\/CVP2VvwVQtW9NsnC7\" target=\"_blank\" rel=\"noopener\">Assaig Festival<\/a><\/p>\n<p><a href=\"https:\/\/photos.app.goo.gl\/YVpXH7H16Y7e3Yap9\" target=\"_blank\" rel=\"noopener\">Arribada Patges Reials<\/a><\/p>\n<p><a href=\"https:\/\/photos.app.goo.gl\/gVe132RFkKjcPS1R7\" target=\"_blank\" rel=\"noopener\">Patges Ed. Infantil i Cicle Inicial<\/a><\/p>\n<p><a href=\"https:\/\/photos.app.goo.gl\/C2S9Zs6zzgwV1eWv8\" target=\"_blank\" rel=\"noopener\">Patges C. Mitj\u00e0 i Superior<\/a><\/p>\n<p><a href=\"https:\/\/photos.app.goo.gl\/vou14ZPZKeykWRsb9\" target=\"_blank\" rel=\"noopener\">Fotografies Festival de Nadal<\/a><\/p>\n<p><a href=\"https:\/\/drive.google.com\/drive\/folders\/1oVKhkHWqRlvii0QzXWalno01RT-rISum?usp=sharing\" target=\"_blank\" rel=\"noopener\">V\u00eddeos actuacions Festival de Nadal<\/a><\/p>\n","protected":false},"excerpt":{"rendered":"<p>L&#8217;\u00faltima setmana abans de les vacances d&#8217;hivern va ser molt especial a la nostra escola. Vam viure uns dies plens de m\u00e0gia, diversi\u00f3 i aprenentatge amb un munt d&#8217;activitats nadalenques que van omplir els passadissos d&#8217;alegria i esperit festiu. Els alumnes van poder gaudir d&#8217;un seguit d&#8217;experi\u00e8ncies \u00faniques, pensades per compartir i celebrar aquestes dates [&hellip;]<\/p>\n","protected":false},"author":65,"featured_media":23708,"comment_status":"open","ping_status":"closed","sticky":false,"template":"","format":"standard","meta":{"_bbp_topic_count":0,"_bbp_reply_count":0,"_bbp_total_topic_count":0,"_bbp_total_reply_count":0,"_bbp_voice_count":0,"_bbp_anonymous_reply_count":0,"_bbp_topic_count_hidden":0,"_bbp_reply_count_hidden":0,"_bbp_forum_subforum_count":0,"site-sidebar-layout":"default","site-content-layout":"","ast-site-content-layout":"","site-content-style":"default","site-sidebar-style":"default","ast-global-header-display":"","ast-banner-title-visibility":"","ast-main-header-display":"","ast-hfb-above-header-display":"","ast-hfb-below-header-display":"","ast-hfb-mobile-header-display":"","site-post-title":"","ast-breadcrumbs-content":"","ast-featured-img":"","footer-sml-layout":"","theme-transparent-header-meta":"","adv-header-id-meta":"","stick-header-meta":"","header-above-stick-meta":"","header-main-stick-meta":"","header-below-stick-meta":"","astra-migrate-meta-layouts":"default","ast-page-background-enabled":"default","ast-page-background-meta":{"desktop":{"background-color":"var(--ast-global-color-4)","background-image":"","background-repeat":"repeat","background-position":"center center","background-size":"auto","background-attachment":"scroll","background-type":"","background-media":"","overlay-type":"","overlay-color":"","overlay-opacity":"","overlay-gradient":""},"tablet":{"background-color":"","background-image":"","background-repeat":"repeat","background-position":"center center","background-size":"auto","background-attachment":"scroll","background-type":"","background-media":"","overlay-type":"","overlay-color":"","overlay-opacity":"","overlay-gradient":""},"mobile":{"background-color":"","background-image":"","background-repeat":"repeat","background-position":"center center","background-size":"auto","background-attachment":"scroll","background-type":"","background-media":"","overlay-type":"","overlay-color":"","overlay-opacity":"","overlay-gradient":""}},"ast-content-background-meta":{"desktop":{"background-color":"var(--ast-global-color-5)","background-image":"","background-repeat":"repeat","background-position":"center center","background-size":"auto","background-attachment":"scroll","background-type":"","background-media":"","overlay-type":"","overlay-color":"","overlay-opacity":"","overlay-gradient":""},"tablet":{"background-color":"var(--ast-global-color-5)","background-image":"","background-repeat":"repeat","background-position":"center center","background-size":"auto","background-attachment":"scroll","background-type":"","background-media":"","overlay-type":"","overlay-color":"","overlay-opacity":"","overlay-gradient":""},"mobile":{"background-color":"var(--ast-global-color-5)","background-image":"","background-repeat":"repeat","background-position":"center center","background-size":"auto","background-attachment":"scroll","background-type":"","background-media":"","overlay-type":"","overlay-color":"","overlay-opacity":"","overlay-gradient":""}},"footnotes":""},"categories":[956,831,782,783,668,669,571,572,502,503,504,22,34,36,1,1055,1021,4],"tags":[1052,709,223,583],"class_list":["post-23707","post","type-post","status-publish","format-standard","has-post-thumbnail","hentry","category-2022-2031","category-2021-2030-grup-b","category-gr20a","category-gr20b","category-2019-2028-grup-a","category-2019-2028-grup-b","category-18-27-a","category-16-27-b","category-gr01","category-gr02","category-gr03","category-activitats","category-festes-populars","category-galeria","category-general","category-2024-2033","category-2023-2032","category-portada","tag-afa","tag-festival","tag-nadal","tag-patges"],"post_mailing_queue_ids":[],"_links":{"self":[{"href":"https:\/\/agora.xtec.cat\/ceip-lesferreries-palafolls\/wp-json\/wp\/v2\/posts\/23707","targetHints":{"allow":["GET"]}}],"collection":[{"href":"https:\/\/agora.xtec.cat\/ceip-lesferreries-palafolls\/wp-json\/wp\/v2\/posts"}],"about":[{"href":"https:\/\/agora.xtec.cat\/ceip-lesferreries-palafolls\/wp-json\/wp\/v2\/types\/post"}],"author":[{"embeddable":true,"href":"https:\/\/agora.xtec.cat\/ceip-lesferreries-palafolls\/wp-json\/wp\/v2\/users\/65"}],"replies":[{"embeddable":true,"href":"https:\/\/agora.xtec.cat\/ceip-lesferreries-palafolls\/wp-json\/wp\/v2\/comments?post=23707"}],"version-history":[{"count":2,"href":"https:\/\/agora.xtec.cat\/ceip-lesferreries-palafolls\/wp-json\/wp\/v2\/posts\/23707\/revisions"}],"predecessor-version":[{"id":23712,"href":"https:\/\/agora.xtec.cat\/ceip-lesferreries-palafolls\/wp-json\/wp\/v2\/posts\/23707\/revisions\/23712"}],"wp:featuredmedia":[{"embeddable":true,"href":"https:\/\/agora.xtec.cat\/ceip-lesferreries-palafolls\/wp-json\/wp\/v2\/media\/23708"}],"wp:attachment":[{"href":"https:\/\/agora.xtec.cat\/ceip-lesferreries-palafolls\/wp-json\/wp\/v2\/media?parent=23707"}],"wp:term":[{"taxonomy":"category","embeddable":true,"href":"https:\/\/agora.xtec.cat\/ceip-lesferreries-palafolls\/wp-json\/wp\/v2\/categories?post=23707"},{"taxonomy":"post_tag","embeddable":true,"href":"https:\/\/agora.xtec.cat\/ceip-lesferreries-palafolls\/wp-json\/wp\/v2\/tags?post=23707"}],"curies":[{"name":"wp","href":"https:\/\/api.w.org\/{rel}","templated":true}]}}