{"id":2361,"date":"2016-02-22T19:38:20","date_gmt":"2016-02-22T18:38:20","guid":{"rendered":"http:\/\/blocs.xtec.cat\/ferreriesnee\/?p=107"},"modified":"2016-02-22T19:38:20","modified_gmt":"2016-02-22T18:38:20","slug":"laccentuacio","status":"publish","type":"post","link":"https:\/\/agora.xtec.cat\/ceip-lesferreries-palafolls\/general\/laccentuacio\/","title":{"rendered":"L&#8217;accentuaci\u00f3"},"content":{"rendered":"<p>Hola a tots i totes!!!<\/p>\n<p>A cinqu\u00e8 hem comen\u00e7at a treballar l&#8217;accentuaci\u00f3 en paraules agudes, planes i esdr\u00faixoles. <img loading=\"lazy\" decoding=\"async\" class=\"  wp-image-108 aligncenter\" src=\"http:\/\/blocs.xtec.cat\/ferreriesnee\/files\/2016\/02\/accentuacic3b3.png\" alt=\"accentuaci\u00f3\" width=\"539\" height=\"260\" \/>\u00c9s un tema que dif\u00edcil que l&#8217;integrarem superb\u00e9 practicant molt. Per aquest motiu, us adjunto unes quantes activitats perqu\u00e8 practiqueu i un quadre resum del que s\u00f3n les paraules agudes, planes i esdr\u00faixoles i quan s&#8217;accentuen.<br \/>\nEspero que us agradin i que aprengueu molt!!!<\/p>\n<p>&nbsp;<\/p>\n<p><a href=\"http:\/\/www.mariainmaculada.es\/valencia\/RECURSOS\/accentuacio.htm\" target=\"_blank\">Accentuaci\u00f3<\/a>\u00a0En aquest webquest heu d&#8217;identificar si les paraules s\u00f3n agudes, planes o esdr\u00faixoles.<\/p>\n<p><a href=\"http:\/\/www.mariainmaculada.es\/valencia\/RECURSOS\/accentagudes.htm\" target=\"_blank\">Per practicar amb paraules nom\u00e9s agudes<\/a><\/p>\n<p><a href=\"http:\/\/www.mariainmaculada.es\/valencia\/RECURSOS\/accentplanes.htm\" target=\"_blank\">Per practicar amb paraules nom\u00e9s planes<\/a><\/p>\n<p><a href=\"http:\/\/www.mariainmaculada.es\/valencia\/RECURSOS\/accentesdruixoles.htm\" target=\"_blank\">Per practicar amb paraules nom\u00e9s esdr\u00faixoles<\/a><\/p>\n<p>&nbsp;<\/p>\n<div style=\"width:560;text-align:center;font-size:x-small;\"><iframe src=\"http:\/\/clic.xtec.cat\/db\/jclicApplet.jsp?project=http:\/\/clic.xtec.cat\/projects\/siltoacc\/jclic\/siltoacc.jclic.zip&#038;skin=@mini.xml&#038;lang=ca\" frameborder=0 width=560 height=440 scrolling=\"no\"><\/iframe><br \/><a href=\"http:\/\/clic.xtec.cat\/db\/act_ca.jsp?id=1262\">zonaClic &#8211; activitats &#8211; S\u00edl.labes, tonificaci\u00f3 i accentuaci\u00f3<\/a><\/div>\n<div style=\"width:560;text-align:center;font-size:x-small;\"><iframe src=\"http:\/\/clic.xtec.cat\/db\/jclicApplet.jsp?project=http:\/\/clic.xtec.cat\/projects\/ortogram\/jclic\/ortogram.jclic.zip&#038;skin=@mini.xml&#038;lang=ca\" frameborder=0 width=560 height=440 scrolling=\"no\"><\/iframe><br \/><a href=\"http:\/\/clic.xtec.cat\/db\/act_ca.jsp?id=3685\">zonaClic &#8211; activitats &#8211; Ortografia i gram\u00e0tica catalana<\/a><\/div>\n<div style=\"width:560;text-align:center;font-size:x-small;\"><iframe src=\"http:\/\/clic.xtec.cat\/db\/jclicApplet.jsp?project=http:\/\/clic.xtec.cat\/projects\/normes\/jclic\/normes.jclic.zip&#038;skin=@mini.xml&#038;lang=ca\" frameborder=0 width=560 height=440 scrolling=\"no\"><\/iframe><br \/><a href=\"http:\/\/clic.xtec.cat\/db\/act_ca.jsp?id=1216\">zonaClic &#8211; activitats &#8211; Normes d&#8217;accentuaci\u00f3<\/a><\/div>\n<div style=\"width:560;text-align:center;font-size:x-small;\"><iframe src=\"http:\/\/clic.xtec.cat\/db\/jclicApplet.jsp?project=http:\/\/clic.xtec.cat\/projects\/accents\/jclic\/accents.jclic.zip&#038;skin=@mini.xml&#038;lang=ca\" frameborder=0 width=560 height=440 scrolling=\"no\"><\/iframe><br \/><a href=\"http:\/\/clic.xtec.cat\/db\/act_ca.jsp?id=1112\">zonaClic &#8211; activitats &#8211; Els accents<\/a><\/div>\n","protected":false},"excerpt":{"rendered":"<p>Per practicar amb les paraules agudes, planes i esdr\u00faixoles.<\/p>\n","protected":false},"author":1,"featured_media":108,"comment_status":"open","ping_status":"open","sticky":false,"template":"","format":"standard","meta":{"_bbp_topic_count":0,"_bbp_reply_count":0,"_bbp_total_topic_count":0,"_bbp_total_reply_count":0,"_bbp_voice_count":0,"_bbp_anonymous_reply_count":0,"_bbp_topic_count_hidden":0,"_bbp_reply_count_hidden":0,"_bbp_forum_subforum_count":0,"site-sidebar-layout":"default","site-content-layout":"","ast-site-content-layout":"","site-content-style":"default","site-sidebar-style":"default","ast-global-header-display":"","ast-banner-title-visibility":"","ast-main-header-display":"","ast-hfb-above-header-display":"","ast-hfb-below-header-display":"","ast-hfb-mobile-header-display":"","site-post-title":"","ast-breadcrumbs-content":"","ast-featured-img":"","footer-sml-layout":"","theme-transparent-header-meta":"","adv-header-id-meta":"","stick-header-meta":"","header-above-stick-meta":"","header-main-stick-meta":"","header-below-stick-meta":"","astra-migrate-meta-layouts":"default","ast-page-background-enabled":"default","ast-page-background-meta":{"desktop":{"background-color":"var(--ast-global-color-4)","background-image":"","background-repeat":"repeat","background-position":"center center","background-size":"auto","background-attachment":"scroll","background-type":"","background-media":"","overlay-type":"","overlay-color":"","overlay-opacity":"","overlay-gradient":""},"tablet":{"background-color":"","background-image":"","background-repeat":"repeat","background-position":"center center","background-size":"auto","background-attachment":"scroll","background-type":"","background-media":"","overlay-type":"","overlay-color":"","overlay-opacity":"","overlay-gradient":""},"mobile":{"background-color":"","background-image":"","background-repeat":"repeat","background-position":"center center","background-size":"auto","background-attachment":"scroll","background-type":"","background-media":"","overlay-type":"","overlay-color":"","overlay-opacity":"","overlay-gradient":""}},"ast-content-background-meta":{"desktop":{"background-color":"var(--ast-global-color-5)","background-image":"","background-repeat":"repeat","background-position":"center center","background-size":"auto","background-attachment":"scroll","background-type":"","background-media":"","overlay-type":"","overlay-color":"","overlay-opacity":"","overlay-gradient":""},"tablet":{"background-color":"var(--ast-global-color-5)","background-image":"","background-repeat":"repeat","background-position":"center center","background-size":"auto","background-attachment":"scroll","background-type":"","background-media":"","overlay-type":"","overlay-color":"","overlay-opacity":"","overlay-gradient":""},"mobile":{"background-color":"var(--ast-global-color-5)","background-image":"","background-repeat":"repeat","background-position":"center center","background-size":"auto","background-attachment":"scroll","background-type":"","background-media":"","overlay-type":"","overlay-color":"","overlay-opacity":"","overlay-gradient":""}},"footnotes":""},"categories":[1],"tags":[367,368,369,370,371],"class_list":["post-2361","post","type-post","status-publish","format-standard","has-post-thumbnail","hentry","category-general","tag-accentuacio","tag-agudes","tag-esdruixoles","tag-llengua-catalana","tag-planes"],"post_mailing_queue_ids":[],"_links":{"self":[{"href":"https:\/\/agora.xtec.cat\/ceip-lesferreries-palafolls\/wp-json\/wp\/v2\/posts\/2361","targetHints":{"allow":["GET"]}}],"collection":[{"href":"https:\/\/agora.xtec.cat\/ceip-lesferreries-palafolls\/wp-json\/wp\/v2\/posts"}],"about":[{"href":"https:\/\/agora.xtec.cat\/ceip-lesferreries-palafolls\/wp-json\/wp\/v2\/types\/post"}],"author":[{"embeddable":true,"href":"https:\/\/agora.xtec.cat\/ceip-lesferreries-palafolls\/wp-json\/wp\/v2\/users\/1"}],"replies":[{"embeddable":true,"href":"https:\/\/agora.xtec.cat\/ceip-lesferreries-palafolls\/wp-json\/wp\/v2\/comments?post=2361"}],"version-history":[{"count":0,"href":"https:\/\/agora.xtec.cat\/ceip-lesferreries-palafolls\/wp-json\/wp\/v2\/posts\/2361\/revisions"}],"wp:featuredmedia":[{"embeddable":true,"href":"https:\/\/agora.xtec.cat\/ceip-lesferreries-palafolls\/wp-json\/wp\/v2\/media\/108"}],"wp:attachment":[{"href":"https:\/\/agora.xtec.cat\/ceip-lesferreries-palafolls\/wp-json\/wp\/v2\/media?parent=2361"}],"wp:term":[{"taxonomy":"category","embeddable":true,"href":"https:\/\/agora.xtec.cat\/ceip-lesferreries-palafolls\/wp-json\/wp\/v2\/categories?post=2361"},{"taxonomy":"post_tag","embeddable":true,"href":"https:\/\/agora.xtec.cat\/ceip-lesferreries-palafolls\/wp-json\/wp\/v2\/tags?post=2361"}],"curies":[{"name":"wp","href":"https:\/\/api.w.org\/{rel}","templated":true}]}}